{"id":9997,"date":"2023-07-22T20:20:07","date_gmt":"2023-07-22T20:20:07","guid":{"rendered":"https:\/\/kraios.app\/news\/gundem\/2023\/07\/22\/israilde-10-bin-yedek-askerin-hukumetin-yargi-duzenlemesine-karsi-gorevi-birakacagi-bildirildi\/"},"modified":"2023-07-22T20:20:07","modified_gmt":"2023-07-22T20:20:07","slug":"israilde-10-bin-yedek-askerin-hukumetin-yargi-duzenlemesine-karsi-gorevi-birakacagi-bildirildi","status":"publish","type":"post","link":"https:\/\/kraios.app\/news\/gundem\/2023\/07\/22\/israilde-10-bin-yedek-askerin-hukumetin-yargi-duzenlemesine-karsi-gorevi-birakacagi-bildirildi\/","title":{"rendered":"\u0130srail&#8217;de 10 bin yedek askerin h\u00fck\u00fcmetin yarg\u0131 d\u00fczenlemesine kar\u015f\u0131 g\u00f6revi b\u0131rakaca\u011f\u0131 bildirildi"},"content":{"rendered":"<p><\/p>\n<div>\n<p>\u0130srail&#8217;de 10 bin g\u00f6n\u00fcll\u00fc yedek askerin, Ba\u015fbakan Binyamin Netanyahu h\u00fck\u00fcmetinin yarg\u0131n\u0131n yetkilerini k\u0131s\u0131tlayan yasal d\u00fczenlemesine kar\u015f\u0131 ordudaki g\u00f6revlerini b\u0131rakaca\u011f\u0131 a\u00e7\u0131kland\u0131. <\/p>\n<p>\u0130srail bas\u0131n\u0131ndaki haberlere g\u00f6re, tart\u0131\u015fmal\u0131 yarg\u0131 d\u00fczenlemesine kar\u015f\u0131 \u00e7\u0131kan yedek askerlerin kurdu\u011fu &#8220;Silah Arkada\u015flar\u0131&#8221; grubundan yap\u0131lan a\u00e7\u0131klamada, h\u00fck\u00fcmetin yarg\u0131 d\u00fczenlemesine kar\u015f\u0131 10 bin yedek askerin g\u00f6n\u00fcll\u00fc askerlik g\u00f6revini b\u0131rakaca\u011f\u0131 duyuruldu.<\/p>\n<p>Genelkurmay Ba\u015fkan\u0131 Herzi Halevi, ordu kadrolar\u0131ndaki yedek askerlerin g\u00f6revi b\u0131rakmas\u0131 durumunu g\u00f6r\u00fc\u015fmek \u00fczere Ba\u015fbakan Netanyahu&#8217;dan g\u00f6r\u00fc\u015fme talep etti.<\/p>\n<h3>Tart\u0131\u015fmal\u0131 yarg\u0131 d\u00fczenlemesi<\/h3>\n<p>\u0130srail Adalet Bakan\u0131 Yariv Levin&#8217;in, 5 Ocak&#8217;ta duyurdu\u011fu &#8220;yarg\u0131 reformu&#8221;, Y\u00fcksek Mahkemenin yetkilerini s\u0131n\u0131rland\u0131rma ve iktidar\u0131n yarg\u0131 atamalar\u0131nda s\u00f6z sahibi olmas\u0131 gibi de\u011fi\u015fiklikler i\u00e7eriyor.<\/p>\n<p>Ba\u015fbakan Netanyahu, 27 Mart&#8217;ta, \u00fclke \u00e7ap\u0131nda giderek artan kitlesel protestolara ve grevlere neden olan yarg\u0131 d\u00fczenlemesini erteledi\u011fini a\u00e7\u0131klam\u0131\u015f ancak 2023-2024 b\u00fct\u00e7esinin may\u0131s sonunda Meclisten ge\u00e7mesinin ard\u0131ndan yarg\u0131 d\u00fczenlemesini tekrar g\u00fcndeme getireceklerini duyurmu\u015ftu.<\/p>\n<p>H\u00fck\u00fcmet, muhalefetle m\u00fczakerelerinin t\u0131kanmas\u0131n\u0131n ard\u0131ndan yak\u0131n zamanda yarg\u0131 d\u00fczenlemesi i\u00e7in yeniden d\u00fc\u011fmeye basm\u0131\u015ft\u0131.<\/p>\n<p>Netanyahu h\u00fck\u00fcmeti, yarg\u0131 d\u00fczenlemesi kapsam\u0131nda Y\u00fcksek Mahkemenin h\u00fck\u00fcmet \u00fczerindeki denetimini kald\u0131racak yasa tasar\u0131s\u0131n\u0131n 2. ve 3. oylama i\u00e7in 24 Temmuz&#8217;da Meclise getirilece\u011fini a\u00e7\u0131klam\u0131\u015ft\u0131.<\/p>\n<p>H\u00fck\u00fcmetin &#8220;yarg\u0131 reformuna&#8221; kar\u015f\u0131 \u00e7\u0131kan, aralar\u0131nda sava\u015f pilotlar\u0131, denizalt\u0131 subaylar\u0131 ve di\u011fer elit birliklerin yer ald\u0131\u011f\u0131 binlerce \u0130srailli, g\u00f6n\u00fcll\u00fc yedek askerlik g\u00f6revini b\u0131rakma karar\u0131 alm\u0131\u015ft\u0131.<\/p>\n<p>\u0130srail bas\u0131n\u0131nda, Savunma Bakan\u0131 Gallant&#8217;\u0131n, orduda yedek askerlerden gelen tepki \u00fczerine Y\u00fcksek Mahkemenin h\u00fck\u00fcmet \u00fczerindeki denetimini kald\u0131racak yasa tasar\u0131s\u0131n\u0131n ertelenmesi i\u00e7in \u00e7al\u0131\u015ft\u0131\u011f\u0131 belirtilmi\u015fti.<\/p>\n<p>\u0130srail&#8217;de siyaset, ordu, g\u00fcvenlik ekonomi ve yarg\u0131da \u00fcst d\u00fczey g\u00f6rev yapm\u0131\u015f isimler, h\u00fck\u00fcmetin yarg\u0131 d\u00fczenlemesine kar\u015f\u0131 olduklar\u0131n\u0131 a\u00e7\u0131klam\u0131\u015ft\u0131.<\/p>\n<p>Netanyahu h\u00fck\u00fcmetinin yarg\u0131 d\u00fczenlemesi kar\u015f\u0131t\u0131 protesto hareketi, yakla\u015f\u0131k 7 ayd\u0131r g\u00f6sterilerine devam ediyor.<\/p>\n<p>                            <span class=\"detay-foto-editor\">&#13;<br \/>\n                                <a href=\"https:\/\/www.aa.com.tr\/tr\/p\/abonelik-talep-formu\/1001\" target=\"_blank\" style=\"font-size:12px; color:#444; text-decoration:none;\" rel=\"noopener\">&#13;<br \/>\n                                    Anadolu Ajans\u0131 web sitesinde, AA Haber Ak\u0131\u015f Sistemi (HAS) \u00fczerinden abonelere sunulan haberler, \u00f6zetlenerek yay\u0131mlanmaktad\u0131r. <b style=\"color:#1897F7\">Abonelik i\u00e7in l\u00fctfen ileti\u015fime ge\u00e7iniz.<\/b>&#13;<br \/>\n                                <\/a>&#13;<br \/>\n                            <\/span>\n                        <\/div>\n<p><script>\n\t  window.fbAsyncInit = function() {\n\t\tFB.init({\n\t\t  appId: '1855843514662870',\n\t\t  status : true, \/\/ check login status\n\t\t  cookie : true, \/\/ enable cookies to allow the server to access the session\n\t\t  xfbml  : true  \/\/ parse XFBML\n\t\t});\n\t  };<\/p>\n<p>\t  (function() {\n\t\tvar e = document.createElement('script');\n\t\te.src=\"https:\/\/connect.facebook.net\/tr_TR\/all.js\";\n\t\te.async = true;\n\t\tdocument.getElementById('fb-root').appendChild(e);\n\t  }());\n    <\/script><\/p>\n","protected":false},"excerpt":{"rendered":"<p>\u0130srail&#8217;de 10 bin g\u00f6n\u00fcll\u00fc yedek askerin, Ba\u015fbakan Binyamin Netanyahu h\u00fck\u00fcmetinin yarg\u0131n\u0131n yetkilerini k\u0131s\u0131tlayan yasal d\u00fczenlemesine kar\u015f\u0131 ordudaki g\u00f6revlerini b\u0131rakaca\u011f\u0131 a\u00e7\u0131kland\u0131. \u0130srail bas\u0131n\u0131ndaki haberlere g\u00f6re, tart\u0131\u015fmal\u0131 yarg\u0131 d\u00fczenlemesine kar\u015f\u0131 \u00e7\u0131kan yedek askerlerin kurdu\u011fu &#8220;Silah Arkada\u015flar\u0131&#8221; grubundan yap\u0131lan a\u00e7\u0131klamada, h\u00fck\u00fcmetin yarg\u0131 d\u00fczenlemesine kar\u015f\u0131 10 bin yedek askerin g\u00f6n\u00fcll\u00fc askerlik g\u00f6revini b\u0131rakaca\u011f\u0131 duyuruldu. Genelkurmay Ba\u015fkan\u0131 Herzi Halevi, ordu [&hellip;]<\/p>\n","protected":false},"author":1,"featured_media":9998,"comment_status":"","ping_status":"","sticky":false,"template":"","format":"standard","meta":[],"categories":[1],"tags":[],"_links":{"self":[{"href":"https:\/\/kraios.app\/news\/wp-json\/wp\/v2\/posts\/9997"}],"collection":[{"href":"https:\/\/kraios.app\/news\/wp-json\/wp\/v2\/posts"}],"about":[{"href":"https:\/\/kraios.app\/news\/wp-json\/wp\/v2\/types\/post"}],"author":[{"embeddable":true,"href":"https:\/\/kraios.app\/news\/wp-json\/wp\/v2\/users\/1"}],"replies":[{"embeddable":true,"href":"https:\/\/kraios.app\/news\/wp-json\/wp\/v2\/comments?post=9997"}],"version-history":[{"count":0,"href":"https:\/\/kraios.app\/news\/wp-json\/wp\/v2\/posts\/9997\/revisions"}],"wp:featuredmedia":[{"embeddable":true,"href":"https:\/\/kraios.app\/news\/wp-json\/wp\/v2\/media\/9998"}],"wp:attachment":[{"href":"https:\/\/kraios.app\/news\/wp-json\/wp\/v2\/media?parent=9997"}],"wp:term":[{"taxonomy":"category","embeddable":true,"href":"https:\/\/kraios.app\/news\/wp-json\/wp\/v2\/categories?post=9997"},{"taxonomy":"post_tag","embeddable":true,"href":"https:\/\/kraios.app\/news\/wp-json\/wp\/v2\/tags?post=9997"}],"curies":[{"name":"wp","href":"https:\/\/api.w.org\/{rel}","templated":true}]}}