{"id":9996,"date":"2023-07-22T19:20:05","date_gmt":"2023-07-22T19:20:05","guid":{"rendered":"https:\/\/kraios.app\/news\/siyaset\/2023\/07\/22\/disisleri-bakani-fidan-iranli-mevkidasi-abdullahiyan-ile-telefonda-gorustu-2\/"},"modified":"2023-07-22T19:20:05","modified_gmt":"2023-07-22T19:20:05","slug":"disisleri-bakani-fidan-iranli-mevkidasi-abdullahiyan-ile-telefonda-gorustu-2","status":"publish","type":"post","link":"https:\/\/kraios.app\/news\/siyaset\/2023\/07\/22\/disisleri-bakani-fidan-iranli-mevkidasi-abdullahiyan-ile-telefonda-gorustu-2\/","title":{"rendered":"D\u0131\u015fi\u015fleri Bakan\u0131 Fidan, \u0130ranl\u0131 mevkida\u015f\u0131 Abdullahiyan ile telefonda g\u00f6r\u00fc\u015ft\u00fc"},"content":{"rendered":"<p>D\u0131\u015fi\u015fleri Bakan\u0131 Hakan Fidan, \u0130ran D\u0131\u015fi\u015fleri Bakan\u0131 H\u00fcseyin Emir Abdullahiyan ile telefon g\u00f6r\u00fc\u015fmesi ger\u00e7ekle\u015ftirdi.<\/p>\n","protected":false},"excerpt":{"rendered":"<p>D\u0131\u015fi\u015fleri Bakan\u0131 Hakan Fidan, \u0130ran D\u0131\u015fi\u015fleri Bakan\u0131 H\u00fcseyin Emir Abdullahiyan ile telefon g\u00f6r\u00fc\u015fmesi ger\u00e7ekle\u015ftirdi.<\/p>\n","protected":false},"author":1,"featured_media":9977,"comment_status":"","ping_status":"","sticky":false,"template":"","format":"standard","meta":[],"categories":[47],"tags":[],"_links":{"self":[{"href":"https:\/\/kraios.app\/news\/wp-json\/wp\/v2\/posts\/9996"}],"collection":[{"href":"https:\/\/kraios.app\/news\/wp-json\/wp\/v2\/posts"}],"about":[{"href":"https:\/\/kraios.app\/news\/wp-json\/wp\/v2\/types\/post"}],"author":[{"embeddable":true,"href":"https:\/\/kraios.app\/news\/wp-json\/wp\/v2\/users\/1"}],"replies":[{"embeddable":true,"href":"https:\/\/kraios.app\/news\/wp-json\/wp\/v2\/comments?post=9996"}],"version-history":[{"count":0,"href":"https:\/\/kraios.app\/news\/wp-json\/wp\/v2\/posts\/9996\/revisions"}],"wp:featuredmedia":[{"embeddable":true,"href":"https:\/\/kraios.app\/news\/wp-json\/wp\/v2\/media\/9977"}],"wp:attachment":[{"href":"https:\/\/kraios.app\/news\/wp-json\/wp\/v2\/media?parent=9996"}],"wp:term":[{"taxonomy":"category","embeddable":true,"href":"https:\/\/kraios.app\/news\/wp-json\/wp\/v2\/categories?post=9996"},{"taxonomy":"post_tag","embeddable":true,"href":"https:\/\/kraios.app\/news\/wp-json\/wp\/v2\/tags?post=9996"}],"curies":[{"name":"wp","href":"https:\/\/api.w.org\/{rel}","templated":true}]}}