{"id":9994,"date":"2023-07-22T18:20:06","date_gmt":"2023-07-22T18:20:06","guid":{"rendered":"https:\/\/kraios.app\/news\/ekonomi\/2023\/07\/22\/yatirim-istihdam-uretim-ihracat-ve-buyume-yollariyla-ulkemizi-daha-da-guclendirmeyi-hedefliyoruz\/"},"modified":"2023-07-22T18:20:06","modified_gmt":"2023-07-22T18:20:06","slug":"yatirim-istihdam-uretim-ihracat-ve-buyume-yollariyla-ulkemizi-daha-da-guclendirmeyi-hedefliyoruz","status":"publish","type":"post","link":"https:\/\/kraios.app\/news\/ekonomi\/2023\/07\/22\/yatirim-istihdam-uretim-ihracat-ve-buyume-yollariyla-ulkemizi-daha-da-guclendirmeyi-hedefliyoruz\/","title":{"rendered":"Yat\u0131r\u0131m, istihdam, \u00fcretim, ihracat ve b\u00fcy\u00fcme yollar\u0131yla \u00fclkemizi daha da g\u00fc\u00e7lendirmeyi hedefliyoruz"},"content":{"rendered":"<p> <br \/>\n<\/p>\n<div>\n<p>\u00c7al\u0131\u015fma ve Sosyal G\u00fcvenlik Bakanl\u0131\u011f\u0131ndan yap\u0131lan a\u00e7\u0131klamaya g\u00f6re, Bakan I\u015f\u0131khan, Hindistan&#8217;\u0131n Indore \u015fehrinde d\u00fczenlenen G20 \u00c7al\u0131\u015fma ve \u0130stihdam Bakanlar\u0131 Toplant\u0131s\u0131&#8217;nda kat\u0131l\u0131mc\u0131lara hitap etti. I\u015f\u0131khan, G20 D\u00f6nem Ba\u015fkan\u0131 Hindistan&#8217;a ev sahipli\u011fi i\u00e7in te\u015fekk\u00fcr ederek y\u0131l boyunca \u0130stihdam \u00c7al\u0131\u015fma Grubu&#8217;na katk\u0131 sunan t\u00fcm G20 \u00fcyelerini \u00f6zverilerinden dolay\u0131 kutlad\u0131.<\/p>\n<p>Bakan Vedat I\u015f\u0131khan, son d\u00f6nemde \u00fcretim y\u00f6ntemleri ve i\u015f yerlerinin temel dinamiklerinde ya\u015fanan h\u0131zl\u0131 geli\u015fmelerin \u00e7al\u0131\u015fma d\u00fcnyas\u0131n\u0131 benzeri g\u00f6r\u00fclmemi\u015f bir \u015fekilde de\u011fi\u015ftirdi\u011fini vurgulad\u0131.<\/p>\n<p>Bu d\u00f6n\u00fc\u015f\u00fcmden d\u00fcnyan\u0131n her b\u00f6lgesinin e\u015fit derecede fayda sa\u011flayamad\u0131\u011f\u0131n\u0131 belirten I\u015f\u0131khan, &#8220;Baz\u0131 \u00fclkeler yeni teknoloji, beceri ve \u00fcretim modelleri geli\u015ftirerek bu yeni d\u00f6neme uyum sa\u011flarken, d\u00fcnyan\u0131n bir\u00e7ok b\u00f6lgesi ne yaz\u0131k ki halen bu s\u00fcrecin h\u0131z\u0131na ayak uydurmakta zorlanmaktad\u0131r. Bu e\u011filimin ana sonu\u00e7lar\u0131ndan birisi de k\u00fcresel beceri a\u00e7\u0131\u011f\u0131n\u0131n daha da derinle\u015fmesidir.&#8221; ifadelerini kulland\u0131.<\/p>\n<p>Bakanl\u0131\u011f\u0131n\u0131n bu alanda yapt\u0131\u011f\u0131 \u00e7al\u0131\u015fmalara de\u011finen I\u015f\u0131khan, son 5 y\u0131lda mesleki e\u011fitim kurslar\u0131 ve i\u015fba\u015f\u0131 e\u011fitim programlar\u0131 ile yakla\u015f\u0131k 2 milyon ki\u015fiye, gelece\u011fin i\u015fleri odakl\u0131 mesleki e\u011fitim sa\u011flad\u0131klar\u0131n\u0131 bildirdi.<\/p>\n<p>T\u00fcrkiye Cumhuriyeti&#8217;nin, kurulu\u015funun 100. y\u0131l\u0131n\u0131 kutlad\u0131\u011f\u0131na i\u015faret eden I\u015f\u0131khan, yeni y\u00fczy\u0131la g\u00fc\u00e7l\u00fc bir ba\u015flang\u0131\u00e7 yapmak istediklerini belirtti. I\u015f\u0131khan, &#8220;Bu ama\u00e7la, \u00f6n\u00fcm\u00fczdeki 5 y\u0131l i\u00e7in demokratik olarak bir kez daha se\u00e7ilen Cumhurba\u015fkan\u0131 Say\u0131n Recep Tayyip Erdo\u011fan&#8217;\u0131n ortaya koydu\u011fu &#8216;T\u00fcrkiye Y\u00fczy\u0131l\u0131&#8217; vizyonu do\u011frultusunda, yat\u0131r\u0131m, istihdam, \u00fcretim, ihracat ve b\u00fcy\u00fcme yollar\u0131yla \u00fclkemizi daha da g\u00fc\u00e7lendirmeyi hedefliyoruz.&#8221; ifadelerini kulland\u0131.<\/p>\n<h3>&#8220;Milyonlarca insan a\u00e7l\u0131k riskinden tah\u0131l koridoru anla\u015fmas\u0131yla kurtar\u0131ld\u0131&#8221;<\/h3>\n<p>K\u00fcresel sorunlar\u0131n \u00e7\u00f6z\u00fcm\u00fcnde diplomasi ve diyalo\u011fun \u00f6nemine dikkati \u00e7eken Bakan I\u015f\u0131khan, Karadeniz Tah\u0131l Koridoru Anla\u015fmas\u0131&#8217;n\u0131n Cumhurba\u015fkan\u0131 Erdo\u011fan&#8217;\u0131n ki\u015fisel gayretleriyle m\u00fcmk\u00fcn hale geldi\u011fini belirterek, &#8220;Her birimizin takdir edece\u011fi \u00fczere, \u00f6zellikle d\u00fcnyan\u0131n en yoksul b\u00f6lgelerinde ya\u015famakta olan milyonlarca insan, a\u00e7l\u0131k riskinden bu anla\u015fma sayesinde kurtar\u0131labilmi\u015ftir.&#8221; de\u011ferlendirmesinde bulundu.<\/p>\n<p>Bakan I\u015f\u0131khan, konu\u015fmas\u0131nda, \u015fubat ay\u0131nda meydana gelen depremler s\u0131ras\u0131nda ve sonras\u0131nda T\u00fcrkiye&#8217;ye yard\u0131m eden t\u00fcm \u00fclke ve uluslararas\u0131 kurulu\u015flara te\u015fekk\u00fcr etti. <\/p>\n<p>                            <span class=\"detay-foto-editor\">&#13;<br \/>\n                                <a href=\"https:\/\/www.aa.com.tr\/tr\/p\/abonelik-talep-formu\/1001\" target=\"_blank\" style=\"font-size:12px; color:#444; text-decoration:none;\" rel=\"noopener\">&#13;<br \/>\n                                    Anadolu Ajans\u0131 web sitesinde, AA Haber Ak\u0131\u015f Sistemi (HAS) \u00fczerinden abonelere sunulan haberler, \u00f6zetlenerek yay\u0131mlanmaktad\u0131r. <b style=\"color:#1897F7\">Abonelik i\u00e7in l\u00fctfen ileti\u015fime ge\u00e7iniz.<\/b>&#13;<br \/>\n                                <\/a>&#13;<br \/>\n                            <\/span>\n                        <\/div>\n<p><script>\n\t  window.fbAsyncInit = function() {\n\t\tFB.init({\n\t\t  appId: '1855843514662870',\n\t\t  status : true, \/\/ check login status\n\t\t  cookie : true, \/\/ enable cookies to allow the server to access the session\n\t\t  xfbml  : true  \/\/ parse XFBML\n\t\t});\n\t  };<\/p>\n<p>\t  (function() {\n\t\tvar e = document.createElement('script');\n\t\te.src=\"https:\/\/connect.facebook.net\/tr_TR\/all.js\";\n\t\te.async = true;\n\t\tdocument.getElementById('fb-root').appendChild(e);\n\t  }());\n    <\/script><br \/>\n<br \/><br \/>\n<br \/><a href=\"https:\/\/www.aa.com.tr\/tr\/ekonomi\/bakan-isikhan-yatirim-istihdam-uretim-ihracat-ve-buyume-yollariyla-ulkemizi-daha-da-guclendirmeyi-hedefliyoruz\/2951983\">Source link <\/a><\/p>\n","protected":false},"excerpt":{"rendered":"<p>\u00c7al\u0131\u015fma ve Sosyal G\u00fcvenlik Bakanl\u0131\u011f\u0131ndan yap\u0131lan a\u00e7\u0131klamaya g\u00f6re, Bakan I\u015f\u0131khan, Hindistan&#8217;\u0131n Indore \u015fehrinde d\u00fczenlenen G20 \u00c7al\u0131\u015fma ve \u0130stihdam Bakanlar\u0131 Toplant\u0131s\u0131&#8217;nda kat\u0131l\u0131mc\u0131lara hitap etti. I\u015f\u0131khan, G20 D\u00f6nem Ba\u015fkan\u0131 Hindistan&#8217;a ev sahipli\u011fi i\u00e7in te\u015fekk\u00fcr ederek y\u0131l boyunca \u0130stihdam \u00c7al\u0131\u015fma Grubu&#8217;na katk\u0131 sunan t\u00fcm G20 \u00fcyelerini \u00f6zverilerinden dolay\u0131 kutlad\u0131. Bakan Vedat I\u015f\u0131khan, son d\u00f6nemde \u00fcretim y\u00f6ntemleri ve i\u015f [&hellip;]<\/p>\n","protected":false},"author":1,"featured_media":9995,"comment_status":"","ping_status":"","sticky":false,"template":"","format":"standard","meta":[],"categories":[44],"tags":[],"_links":{"self":[{"href":"https:\/\/kraios.app\/news\/wp-json\/wp\/v2\/posts\/9994"}],"collection":[{"href":"https:\/\/kraios.app\/news\/wp-json\/wp\/v2\/posts"}],"about":[{"href":"https:\/\/kraios.app\/news\/wp-json\/wp\/v2\/types\/post"}],"author":[{"embeddable":true,"href":"https:\/\/kraios.app\/news\/wp-json\/wp\/v2\/users\/1"}],"replies":[{"embeddable":true,"href":"https:\/\/kraios.app\/news\/wp-json\/wp\/v2\/comments?post=9994"}],"version-history":[{"count":0,"href":"https:\/\/kraios.app\/news\/wp-json\/wp\/v2\/posts\/9994\/revisions"}],"wp:featuredmedia":[{"embeddable":true,"href":"https:\/\/kraios.app\/news\/wp-json\/wp\/v2\/media\/9995"}],"wp:attachment":[{"href":"https:\/\/kraios.app\/news\/wp-json\/wp\/v2\/media?parent=9994"}],"wp:term":[{"taxonomy":"category","embeddable":true,"href":"https:\/\/kraios.app\/news\/wp-json\/wp\/v2\/categories?post=9994"},{"taxonomy":"post_tag","embeddable":true,"href":"https:\/\/kraios.app\/news\/wp-json\/wp\/v2\/tags?post=9994"}],"curies":[{"name":"wp","href":"https:\/\/api.w.org\/{rel}","templated":true}]}}