{"id":9966,"date":"2023-07-22T16:10:33","date_gmt":"2023-07-22T16:10:33","guid":{"rendered":"https:\/\/kraios.app\/news\/ekonomi\/2023\/07\/22\/thyden-uzak-dogu-ulkelerinde-tanitim-atagi\/"},"modified":"2023-07-22T16:10:33","modified_gmt":"2023-07-22T16:10:33","slug":"thyden-uzak-dogu-ulkelerinde-tanitim-atagi","status":"publish","type":"post","link":"https:\/\/kraios.app\/news\/ekonomi\/2023\/07\/22\/thyden-uzak-dogu-ulkelerinde-tanitim-atagi\/","title":{"rendered":"THY&#8217;den Uzak Do\u011fu \u00fclkelerinde tan\u0131t\u0131m ata\u011f\u0131"},"content":{"rendered":"<p> <br \/>\n<\/p>\n<div>\n<p>Anadolu Ajans\u0131 (AA) Genel M\u00fcd\u00fcr Yard\u0131mc\u0131s\u0131 ve Genel Yay\u0131n Y\u00f6netmeni Yusuf \u00d6zhan&#8217;\u0131n da kat\u0131ld\u0131\u011f\u0131 gezi kapsam\u0131nda, THY Y\u00f6netim Kurulu ve \u0130cra Komitesi Ba\u015fkan\u0131 Prof. Dr. Ahmet Bolat, G\u00fcney Kore&#8217;nin ba\u015fkenti Seul&#8217;e yap\u0131lan u\u00e7u\u015f esnas\u0131nda u\u00e7akta gazetecilere THY&#8217;nin Uzak Do\u011fu \u00fclkelerine y\u00f6nelik hedeflerini anlatt\u0131.<\/p>\n<p>T\u00fcrkiye&#8217;nin tan\u0131t\u0131m\u0131 i\u00e7in b\u00f6yle bir gezi d\u00fczenlediklerini anlatan Bolat, \u015funlar\u0131 s\u00f6yledi:<\/p>\n<p>&#8220;Bir\u00e7ok ki\u015finin tatil yapt\u0131\u011f\u0131, dinlendi\u011fi bir d\u00f6nemde Kore, Japonya ve Singapur&#8217;a gidiyoruz. Niye gidiyoruz? \u00c7\u00fcnk\u00fc bu u\u00e7a\u011f\u0131n y\u00fczde 75&#8217;i-80&#8217;i transfer yolcu, transit yolcu. Avrupa&#8217;n\u0131n bir\u00e7ok noktas\u0131ndan gelmi\u015f, \u00fclkelerine gidiyorlar. Bunun hem \u00fclkemize hi\u00e7bir katk\u0131s\u0131 yok hem de THY&#8217;ye katk\u0131s\u0131 az. Bizim amac\u0131m\u0131z bu y\u00fczde 80 transit yolcuyu tersine \u00e7evirmek. Yani y\u00fczde 20-30 transit olsun, kalan y\u00fczde 70 \u00fclkemize gelsin.&#8221;<\/p>\n<p><img decoding=\"async\" alt=\"\" src=\"https:\/\/www.aa.com.tr\/uploads\/userFiles\/88e4063b-7018-4331-b06e-f0cb513ac64c\/2023%2F07%2Fb22-1.jpg\"\/><\/p>\n<p>Bolat, talep baz\u0131nda bakt\u0131klar\u0131nda Kore&#8217;den T\u00fcrkiye&#8217;ye gelen turist say\u0131s\u0131n\u0131n ilk zamanlar y\u0131ll\u0131k 200 bine kadar \u00e7\u0131kt\u0131\u011f\u0131n\u0131 kaydederek, &#8220;Sonra bu rakam ge\u00e7en sene Kore i\u00e7in 90-100 bine gelmi\u015f. Japonya 200 binlere kadar \u00e7\u0131km\u0131\u015f. Bu sene 30 binde kalm\u0131\u015f. Yine milli geliri \u00e7ok y\u00fcksek bir \u00fclke Singapur&#8217;dan da 30 bin turist gelmi\u015f. Bu 3 \u00fclkenin, \u00c7in de dahil, en \u00f6nemli \u00f6zelli\u011fi, turistlerinin deniz, kum, g\u00fcne\u015f turizmini \u00f6nceleyen turistler olmamas\u0131.&#8221; diye konu\u015ftu.<\/p>\n<p>Bu \u00fc\u00e7 \u00fclkenin en \u00f6nemli \u00f6zelli\u011finin insanlar\u0131n\u0131n k\u00fclt\u00fcrel tarihe merak sarmalar\u0131 oldu\u011funu vurgulayan Bolat, \u015f\u00f6yle devam etti:<\/p>\n<p>&#8220;Buradan gelen turistlerin bu \u00f6zelli\u011fi var. \u0130kincisi de buradan gelen turistler T\u00fcrkiye&#8217;de 3 bin dolardan fazla para harc\u0131yorlar. Ge\u00e7en sene T\u00fcrkiye&#8217;ye 50 milyon turist geldi. 42 milyar dolar para b\u0131rakt\u0131. Halbuki biz 10 tane hedef \u00fclke se\u00e7tik \u015fimdi. Bu 10 \u00fclkeden 10 milyon turist gelse, her birinden 1&#8217;er milyon gelse ve 3&#8217;er bin ortalama b\u0131raksa 30 milyar ediyor. Yani 10 milyon turist ve 30 milyar hedefimiz olmal\u0131. Biz buralara gelmeden \u00f6nce bu \u00fc\u00e7 \u00fclkede reklamlar\u0131m\u0131z yay\u0131nland\u0131. Biz buralara gitti\u011fimizde THY&#8217;yi de\u011fil T\u00fcrkiye&#8217;yi anlatmaya \u00e7al\u0131\u015f\u0131yoruz.&#8221;<\/p>\n<p><img decoding=\"async\" alt=\"\" src=\"https:\/\/admin.aa.com.tr\/uploads\/userFiles\/88e4063b-7018-4331-b06e-f0cb513ac64c\/2023%2F07%2Fb22-2.jpg\"\/><\/p>\n<h3>&#8220;Medeniyetin ba\u015flad\u0131\u011f\u0131 yer T\u00fcrkiye&#8217;dir&#8221;<\/h3>\n<p>K\u00fclt\u00fcr turizmi i\u00e7in \u015eanl\u0131urfa&#8217;da ke\u015ffi yap\u0131lan G\u00f6beklitepe&#8217;nin anlat\u0131m\u0131na \u00f6nem verdiklerini belirten Bolat &#8220;Anadolu 3 kadim dinin karde\u015f\u00e7e ya\u015fad\u0131\u011f\u0131 bir co\u011frafya olmu\u015f. Biz gitti\u011fimiz her yerde &#8216;karde\u015f\u00e7e nas\u0131l ya\u015fan\u0131l\u0131r \u00f6\u011frenmek istiyorsan\u0131z Anadolu&#8217;ya gelin ziyaret edin&#8217; diyoruz. Bu senenin ba\u015f\u0131ndan itibaren yeni bir \u015fey daha anlat\u0131yoruz. \u0130nsanlar \u00e7ok merak ediyorlar. Bildi\u011fimiz \u00e7ok \u00f6nemli bir \u015fey var &#8216;medeniyetin k\u00f6k\u00fc, ba\u015flang\u0131c\u0131 T\u00fcrkiye&#8217;de olmu\u015f. Ta\u015ftan tepelerde olmu\u015f. G\u00f6beklitepe&#8217;de yap\u0131lan ke\u015fiflerle 12 bin y\u0131l \u00f6nce insanl\u0131k \u015eanl\u0131urfa&#8217;da medeniyeti olu\u015fturmaya ba\u015flam\u0131\u015f. Biz bunu anlatmaya \u00e7al\u0131\u015f\u0131yoruz. \u0130nsanl\u0131k, medeniyet burada kurulmu\u015f.&#8221; diye konu\u015ftu. <\/p>\n<p>Prof. Dr. Ahmet Bolat, THY olarak bu Ta\u015ftan Tepeler&#8217;in restorasyonu ve halka a\u00e7\u0131lmas\u0131 konusunda sponsorluk ald\u0131klar\u0131n\u0131 belirterek, &#8220;10-11 tepe var. Buralar\u0131 a\u00e7aca\u011f\u0131z. Buralara geldi mi insanlar yar\u0131m saat bak\u0131yor gidiyor. Buralarda 2 g\u00fcnl\u00fck, 3 g\u00fcnl\u00fck programlar olu\u015fturmaya \u00e7al\u0131\u015f\u0131yoruz. Mesela balonla yukar\u0131 \u00e7\u0131kacak insanlar b\u00fct\u00fcn o b\u00f6lgeyi g\u00f6recekler. Hava a\u00e7\u0131k oldu\u011funda Nemrut Da\u011f\u0131 g\u00f6z\u00fck\u00fcyormu\u015f, kal\u0131nt\u0131lar da g\u00f6r\u00fcn\u00fcyormu\u015f. Oraya kalkt\u0131\u011f\u0131nda Harran&#8217;\u0131 g\u00f6recek.&#8221; de\u011ferlendirmesinde bulundu.<\/p>\n<p><img decoding=\"async\" alt=\"\" src=\"https:\/\/admin.aa.com.tr\/uploads\/userFiles\/88e4063b-7018-4331-b06e-f0cb513ac64c\/2023%2F07%2FTHY22.jpg\"\/><\/p>\n<h3>&#8220;Bu seneki hedefimiz 18 milyar dolar&#8221;<\/h3>\n<p>Bolat, THY&#8217;nin bu y\u0131lki hedeflerine ili\u015fkin, &#8220;Biz THY olarak Hizmet \u0130hracat\u0131 Birli\u011fi&#8217;nin zaten alt\u0131nday\u0131z. En \u00f6nemli hizmet ihracat\u0131 yapan \u015firketiz. Ge\u00e7en y\u0131l 15,5 milyar dolar yapm\u0131\u015f\u0131z. T\u00fcrkiye&#8217;de en \u00e7ok yapan 5 firmay\u0131 topluyorsun, bizim rakam\u0131m\u0131za denk geliyor. Bu seneki hedefimiz in\u015fallah 18 milyar dolar. T\u00fcrkiye&#8217;ye getirece\u011fimiz para.&#8221; dedi.<\/p>\n<p>Kurumun 2033 hedeflerinden de bahseden Bolat, &#8220;Bizim THY olarak 2033 y\u0131l\u0131 hedefimiz 56 milyar dolar civar\u0131nda bir gelir getirmek. Ekosistemle bunun 144 milyar dolara \u00e7\u0131kmas\u0131n\u0131 planl\u0131yoruz. Nedir bu ekosistem? Bir, kendi i\u015ftirak \u015firketleri. \u0130ki, hizmet ihrac\u0131na olan katk\u0131s\u0131. \u00dc\u00e7, bu \u015fekilde yerel ekonomiye katk\u0131s\u0131.&#8221; ifadelerini kulland\u0131.<\/p>\n<p>Prof. Dr. Bolat, THY&#8217;nin d\u00fcnyan\u0131n en \u00e7ok noktaya u\u00e7u\u015f yapan hava yolu \u015firketi olma \u00f6zelli\u011fini gelecek y\u0131llarda da devam ettirece\u011fine vurgu yaparak, &#8220;Hi\u00e7bir hava yolu \u015firketi bizim kadar \u00e7ok noktaya u\u00e7amaz. Gelecek 10 y\u0131lda da u\u00e7amaz. Rakiplerimize bak\u0131yoruz, gelecek 10 y\u0131lda da hi\u00e7biri bizim kadar geni\u015f bir a\u011fa sahip olamaz. Bu \u0130stanbul&#8217;un lokasyonundan dolay\u0131.&#8221; a\u00e7\u0131klamas\u0131n\u0131 yapt\u0131.<\/p>\n<p><img decoding=\"async\" alt=\"\" src=\"https:\/\/admin.aa.com.tr\/uploads\/userFiles\/88e4063b-7018-4331-b06e-f0cb513ac64c\/2023%2F07%2FTHY22-3.jpg\"\/><\/p>\n<h3>T\u00fcrkiye Tan\u0131t\u0131m Etkinlikleri&#8217;nin ilki Seul&#8217;de d\u00fczenlendi<\/h3>\n<p>T\u00fcrkiye Tan\u0131t\u0131m Etkinlileri kapsam\u0131nda ilk program G\u00fcney Kore&#8217;nin Ba\u015fkenti Seul&#8217;de bir otelde d\u00fczenlendi.<\/p>\n<p>Bolat, buradaki konu\u015fmas\u0131nda, Seul&#8217;un, THY olarak d\u00fczenledikleri Uzak Do\u011fu turunun ilk dura\u011f\u0131 oldu\u011funu belirterek, ayn\u0131 anda hem kadim hem modern hem h\u0131zl\u0131 hem de yava\u015f bir \u015fehir olan Seul&#8217;un sadece G\u00fcney Kore&#8217;nin ve Uzak Do\u011fu&#8217;nun de\u011fil, ayn\u0131 zamanda d\u00fcnyan\u0131n da en g\u00fczel \u015fehirlerinden biri olarak de\u011ferlendirildi\u011fini dile getirdi.<\/p>\n<p>Bu anlamda 20 y\u0131ldan daha uzun s\u00fcredir u\u00e7u\u015f a\u011flar\u0131nda bulunan Seul&#8217;de bu etkinli\u011fi d\u00fczenlemenin kendilerini sevindirdi\u011fini aktaran Bolat, &#8220;Seul&#8217;de ve G\u00fcney Kore&#8217;deki mevcudiyetimiz olduk\u00e7a eskiye gidiyor. Bu \u015fehre ilk olarak milenyumun ilk y\u0131l\u0131nda u\u00e7tuk. Biliyorsunuz ki T\u00fcrk halk\u0131, G\u00fcney Kore halk\u0131 gibi misafirperverli\u011fiyle tan\u0131n\u0131yor ve THY olarak biz de \u00f6d\u00fcll\u00fc hizmet kalitemizde bu misafirperverlikten ilham al\u0131yoruz.&#8221; dedi.<\/p>\n<p>Bolat, \u015fu anda Seul&#8217;e haftada 11 yolcu, 2 de kargo u\u00e7u\u015fu ger\u00e7ekle\u015ftirdikleri bilgisini vererek, &#8220;Yak\u0131n gelecekte Seul&#8217;de ve G\u00fcney Kore&#8217;deki i\u015fbirliklerimizin art\u0131r\u0131lmas\u0131 i\u00e7in g\u00f6r\u00fc\u015fmelerimizi s\u00fcrd\u00fcr\u00fcyoruz. THY olarak son 20 y\u0131lda \u00e7ok h\u0131zl\u0131 b\u00fcy\u00fcd\u00fck ve bir\u00e7ok \u00f6d\u00fcle lay\u0131k g\u00f6r\u00fcld\u00fck. T\u00fcrkiye&#8217;yi daha fazla ke\u015ffedin ve d\u00fcnyan\u0131z\u0131 geni\u015fletin.&#8221; diyerek konu\u015fmas\u0131n\u0131 tamamlad\u0131.<\/p>\n<p><img decoding=\"async\" alt=\"\" src=\"https:\/\/admin.aa.com.tr\/uploads\/userFiles\/88e4063b-7018-4331-b06e-f0cb513ac64c\/2023%2F07%2Fb22-2.jpg\"\/><\/p>\n<h3>&#8220;T\u00fcrk-Japon ili\u015fkilerini g\u00fc\u00e7lendirmek i\u00e7in elimizden geleni yap\u0131yoruz&#8221;<\/h3>\n<p>Seul&#8217;deki organizasyonun ard\u0131ndan Japonya&#8217;n\u0131n ba\u015fkenti Tokyo&#8217;da da tan\u0131t\u0131m program\u0131 ger\u00e7ekle\u015ftirildi.<\/p>\n<p>Ahmet Bolat, buradaki konu\u015fmas\u0131nda da T\u00fcrkiye ve Japonya aras\u0131ndaki dostlu\u011fun \u00e7ok eskilere dayand\u0131\u011f\u0131n\u0131 ifade ederek, &#8220;\u00dclkelerimiz aras\u0131nda co\u011frafi mesafe \u00e7ok uzak olabilir ancak iki halk\u0131n da kalben birbirine \u00e7ok yak\u0131n oldu\u011funu biliyoruz. Japonya&#8217;da 36&#8217;nc\u0131 y\u0131l\u0131n\u0131 kutlayan THY olarak, bu s\u00fcre boyunca T\u00fcrk ve Japon halklar\u0131n\u0131 bulu\u015fturmaktan gurur duyuyoruz.&#8221; dedi.<\/p>\n<p>Sadece yolcular\u0131 ve kargolar\u0131 ta\u015f\u0131mad\u0131klar\u0131n\u0131 vurgulayan Bolat, \u015funlar\u0131 s\u00f6yledi:<\/p>\n<p>&#8220;Tarih ta\u015f\u0131yoruz, k\u00fclt\u00fcr ta\u015f\u0131yoruz ve medeniyet miras\u0131m\u0131z\u0131 ta\u015f\u0131yoruz. THY olarak k\u0131talar\u0131 ve \u00fclkeleri, insanlar\u0131 birbirine ba\u011flayarak, T\u00fcrk halk\u0131n\u0131n k\u00fclt\u00fcr\u00fcnden ilham alan misafirperverli\u011fiyle yolcular\u0131m\u0131z\u0131 a\u011f\u0131rlamaktan gurur duyuyoruz. Son y\u0131llarda T\u00fcrkiye&#8217;ye gelen Japon ziyaret\u00e7i say\u0131s\u0131 artsa da, biz k\u00fclt\u00fcr ve turizm alan\u0131nda yap\u0131lacak daha \u00e7ok \u015fey oldu\u011funa inan\u0131yoruz. T\u00fcrkiye&#8217;nin bayrak ta\u015f\u0131y\u0131c\u0131s\u0131 olarak T\u00fcrk-Japon ili\u015fkilerini g\u00fc\u00e7lendirmek i\u00e7in elimizden geleni yap\u0131yoruz. Japonya&#8217;y\u0131 bir karde\u015f \u00fclke ve Uzak Do\u011fu&#8217;da \u00e7ok \u00f6nemli bir merkez olarak g\u00f6rerek, bir\u00e7ok k\u00fclt\u00fcrel ve tarihi mekan\u0131yla \u00fcnl\u00fc olan \u00fclkemize Japon halk\u0131n\u0131 davet ediyoruz.&#8221;<\/p>\n<h3>&#8220;THY d\u00fcnyan\u0131n en fazla \u00fclkesine u\u00e7an havayolu \u015firketi&#8221;<\/h3>\n<p>Konu\u015fmas\u0131n\u0131n son b\u00f6l\u00fcm\u00fcnde THY&#8217;nin konaklama ve u\u00e7u\u015f program\u0131na da de\u011finen Bolat, d\u00fcnyan\u0131n en fazla \u00fclkesine u\u00e7an havayolu \u015firketi olan THY&#8217;nin \u0130stanbul&#8217;u merkez alarak 5 k\u0131tada 129 \u00fclkeye hizmet verdi\u011fini s\u00f6yledi.<\/p>\n<p>Prof. Dr. Bolat, bu y\u0131l\u0131n Aral\u0131k ay\u0131nda \u00fclke say\u0131s\u0131n\u0131 130&#8217;a \u00e7\u0131karacaklar\u0131n\u0131 vurgulayarak, &#8220;Avustralya&#8217;ya da u\u00e7arak 5 k\u0131tada u\u00e7an tek havayolu olaca\u011f\u0131z. Milyonlarca insan \u0130stanbul&#8217;u ke\u015ffetmek i\u00e7in ba\u011flant\u0131l\u0131 u\u00e7u\u015flar\u0131nda THY&#8217;yi tercih ediyor ve stopover program\u0131m\u0131zla bu b\u00fcy\u00fcl\u00fc \u015fehirde 2 geceye kadar vakit ge\u00e7irebiliyorlar. \u0130stanbul Havaliman\u0131 \u00fczerinden ba\u011flant\u0131 yapan yolcular\u0131m\u0131za stopover program\u0131 ile 1 g\u00fcn, business yolcular\u0131na 2 g\u00fcn \u015fehirde konaklamay\u0131 \u00fccretsiz olarak sa\u011fl\u0131yoruz. B\u00f6ylece \u015fehrin tarihini ve k\u00fclt\u00fcrel ya\u015fam\u0131n\u0131 ke\u015ffederek, T\u00fcrkiye&#8217;nin tad\u0131n\u0131n \u00e7\u0131kar\u0131lmas\u0131na imkan sa\u011fl\u0131yoruz.&#8221; dedi.<\/p>\n<h3>Etkinliklerde d\u00fczenlenen yar\u0131\u015fmalarda u\u00e7ak bileti ve tatil hediye edildi<\/h3>\n<p>THY&#8217;nin T\u00fcrkiye Tan\u0131t\u0131m Etkinlikleri&#8217;nin G\u00fcney Kore ve Japonya&#8217;da d\u00fczenlenen programlar\u0131na T\u00fcrkiye&#8217;nin Seul B\u00fcy\u00fckel\u00e7isi Salih Murat Tamer ve Tokyo B\u00fcy\u00fckel\u00e7isi Korkut G\u00fcngen de kat\u0131ld\u0131. Etkinliklerde, G\u00f6beklitepe Kaz\u0131 Heyeti Ba\u015fkan\u0131 Prof. Dr. Necmi Karul da kat\u0131l\u0131mc\u0131lara sunum ger\u00e7ekle\u015ftirdi.<\/p>\n<p>Seul ve Tokyo&#8217;daki programlarda davetliler aras\u0131nda d\u00fczenlenen yar\u0131\u015fmalarla, T\u00fcrkiye ve yurt d\u0131\u015f\u0131ndaki \u00e7e\u015fitli destinasyonlara u\u00e7ak bileti ve tatil hediye edildi.<\/p>\n<p>Etkinliklerin her iki dura\u011f\u0131nda da sahneye \u00e7\u0131kan Taksim Trio m\u00fczik ekibi davetliler taraf\u0131ndan be\u011feniyle izlendi.<\/p>\n<h3>Say\u0131larla THY&#8217;nin Uzak Do\u011fu \u00fclkelerine u\u00e7u\u015flar\u0131<\/h3>\n<p>THY&#8217;nin Asya-Uzakdo\u011fu b\u00f6lgesi u\u00e7u\u015f a\u011f\u0131nda toplam 22 \u00fclkede 46 \u015fehir ve 47 havaliman\u0131 bulunuyor. \u015eirketin 26 Mart 2000 tarihinde ilk u\u00e7u\u015funu ger\u00e7ekle\u015ftirdi\u011fi G\u00fcney Kore&#8217;de yer alan Seul noktas\u0131na bug\u00fcn haftada 11 sefer d\u00fczenliyor.<\/p>\n<p>THY, Kovid-19 sonras\u0131 artan talebe ba\u011fl\u0131 olarak 5 olan haftal\u0131k frekans\u0131n\u0131 kademeli olarak 11&#8217;e y\u00fckseltti.<\/p>\n<p>THY, Japonya&#8217;n\u0131n ba\u015fkenti Tokyo&#8217;da 1989 y\u0131l\u0131 a\u011fustos ay\u0131nda Narita&#8217;ya, 2006 y\u0131l\u0131 Haziran ay\u0131nda Osaka ve 2020&#8217;nin Mart ay\u0131nda ise Haneda havalimanlar\u0131na u\u00e7u\u015flar\u0131n\u0131 ba\u015flatt\u0131.<\/p>\n<p>Tokyo Haneda frekans\u0131 haftal\u0131k 7 iken haftada 4 frekans olarak icra edilen Tokyo Narita seferleri k\u0131\u015f tarifesinde 5 frekansa y\u00fckseltilmesi, sonras\u0131nda ise 7 frekansa art\u0131r\u0131lmas\u0131 planlan\u0131yor.<\/p>\n<p>THY&#8217;nin, Kovid-19 nedeniyle u\u00e7u\u015flar\u0131na ara vermek durumunda kald\u0131\u011f\u0131 Osaka seferleri ise haftada 4 frekans olarak planlanarak 12 Aral\u0131k itibar\u0131yla tekrar ba\u015flayacak.<\/p>\n<p>                            <span class=\"detay-foto-editor\">&#13;<br \/>\n                                <a href=\"https:\/\/www.aa.com.tr\/tr\/p\/abonelik-talep-formu\/1001\" target=\"_blank\" style=\"font-size:12px; color:#444; text-decoration:none;\" rel=\"noopener\">&#13;<br \/>\n                                    Anadolu Ajans\u0131 web sitesinde, AA Haber Ak\u0131\u015f Sistemi (HAS) \u00fczerinden abonelere sunulan haberler, \u00f6zetlenerek yay\u0131mlanmaktad\u0131r. <b style=\"color:#1897F7\">Abonelik i\u00e7in l\u00fctfen ileti\u015fime ge\u00e7iniz.<\/b>&#13;<br \/>\n                                <\/a>&#13;<br \/>\n                            <\/span>\n                        <\/div>\n<p><script>\n\t  window.fbAsyncInit = function() {\n\t\tFB.init({\n\t\t  appId: '1855843514662870',\n\t\t  status : true, \/\/ check login status\n\t\t  cookie : true, \/\/ enable cookies to allow the server to access the session\n\t\t  xfbml  : true  \/\/ parse XFBML\n\t\t});\n\t  };<\/p>\n<p>\t  (function() {\n\t\tvar e = document.createElement('script');\n\t\te.src=\"https:\/\/connect.facebook.net\/tr_TR\/all.js\";\n\t\te.async = true;\n\t\tdocument.getElementById('fb-root').appendChild(e);\n\t  }());\n    <\/script><br \/>\n<br \/><br \/>\n<br \/><a href=\"https:\/\/www.aa.com.tr\/tr\/ekonomi\/thyden-uzak-dogu-ulkelerinde-tanitim-atagi\/2952039\">Source link <\/a><\/p>\n","protected":false},"excerpt":{"rendered":"<p>Anadolu Ajans\u0131 (AA) Genel M\u00fcd\u00fcr Yard\u0131mc\u0131s\u0131 ve Genel Yay\u0131n Y\u00f6netmeni Yusuf \u00d6zhan&#8217;\u0131n da kat\u0131ld\u0131\u011f\u0131 gezi kapsam\u0131nda, THY Y\u00f6netim Kurulu ve \u0130cra Komitesi Ba\u015fkan\u0131 Prof. Dr. Ahmet Bolat, G\u00fcney Kore&#8217;nin ba\u015fkenti Seul&#8217;e yap\u0131lan u\u00e7u\u015f esnas\u0131nda u\u00e7akta gazetecilere THY&#8217;nin Uzak Do\u011fu \u00fclkelerine y\u00f6nelik hedeflerini anlatt\u0131. T\u00fcrkiye&#8217;nin tan\u0131t\u0131m\u0131 i\u00e7in b\u00f6yle bir gezi d\u00fczenlediklerini anlatan Bolat, \u015funlar\u0131 s\u00f6yledi: &#8220;Bir\u00e7ok [&hellip;]<\/p>\n","protected":false},"author":1,"featured_media":9967,"comment_status":"","ping_status":"","sticky":false,"template":"","format":"standard","meta":[],"categories":[44],"tags":[],"_links":{"self":[{"href":"https:\/\/kraios.app\/news\/wp-json\/wp\/v2\/posts\/9966"}],"collection":[{"href":"https:\/\/kraios.app\/news\/wp-json\/wp\/v2\/posts"}],"about":[{"href":"https:\/\/kraios.app\/news\/wp-json\/wp\/v2\/types\/post"}],"author":[{"embeddable":true,"href":"https:\/\/kraios.app\/news\/wp-json\/wp\/v2\/users\/1"}],"replies":[{"embeddable":true,"href":"https:\/\/kraios.app\/news\/wp-json\/wp\/v2\/comments?post=9966"}],"version-history":[{"count":0,"href":"https:\/\/kraios.app\/news\/wp-json\/wp\/v2\/posts\/9966\/revisions"}],"wp:featuredmedia":[{"embeddable":true,"href":"https:\/\/kraios.app\/news\/wp-json\/wp\/v2\/media\/9967"}],"wp:attachment":[{"href":"https:\/\/kraios.app\/news\/wp-json\/wp\/v2\/media?parent=9966"}],"wp:term":[{"taxonomy":"category","embeddable":true,"href":"https:\/\/kraios.app\/news\/wp-json\/wp\/v2\/categories?post=9966"},{"taxonomy":"post_tag","embeddable":true,"href":"https:\/\/kraios.app\/news\/wp-json\/wp\/v2\/tags?post=9966"}],"curies":[{"name":"wp","href":"https:\/\/api.w.org\/{rel}","templated":true}]}}