{"id":9952,"date":"2023-07-22T12:20:07","date_gmt":"2023-07-22T12:20:07","guid":{"rendered":"https:\/\/kraios.app\/news\/siyaset\/2023\/07\/22\/cumhurbaskani-erdogan-ile-cezayir-cumhurbaskani-tebbun-gorusmesi-basladi\/"},"modified":"2023-07-22T12:20:07","modified_gmt":"2023-07-22T12:20:07","slug":"cumhurbaskani-erdogan-ile-cezayir-cumhurbaskani-tebbun-gorusmesi-basladi","status":"publish","type":"post","link":"https:\/\/kraios.app\/news\/siyaset\/2023\/07\/22\/cumhurbaskani-erdogan-ile-cezayir-cumhurbaskani-tebbun-gorusmesi-basladi\/","title":{"rendered":"Cumhurba\u015fkan\u0131 Erdo\u011fan ile Cezayir Cumhurba\u015fkan\u0131 Tebbun g\u00f6r\u00fc\u015fmesi ba\u015flad\u0131"},"content":{"rendered":"<p>Cumhurba\u015fkan\u0131 Recep Tayyip Erdo\u011fan, Cezayir Demokratik Halk Cumhuriyeti Cumhurba\u015fkan\u0131 Abdulmecid Tebbun ile bir araya geldi.<\/p>\n","protected":false},"excerpt":{"rendered":"<p>Cumhurba\u015fkan\u0131 Recep Tayyip Erdo\u011fan, Cezayir Demokratik Halk Cumhuriyeti Cumhurba\u015fkan\u0131 Abdulmecid Tebbun ile bir araya geldi.<\/p>\n","protected":false},"author":1,"featured_media":9953,"comment_status":"","ping_status":"","sticky":false,"template":"","format":"standard","meta":[],"categories":[47],"tags":[],"_links":{"self":[{"href":"https:\/\/kraios.app\/news\/wp-json\/wp\/v2\/posts\/9952"}],"collection":[{"href":"https:\/\/kraios.app\/news\/wp-json\/wp\/v2\/posts"}],"about":[{"href":"https:\/\/kraios.app\/news\/wp-json\/wp\/v2\/types\/post"}],"author":[{"embeddable":true,"href":"https:\/\/kraios.app\/news\/wp-json\/wp\/v2\/users\/1"}],"replies":[{"embeddable":true,"href":"https:\/\/kraios.app\/news\/wp-json\/wp\/v2\/comments?post=9952"}],"version-history":[{"count":0,"href":"https:\/\/kraios.app\/news\/wp-json\/wp\/v2\/posts\/9952\/revisions"}],"wp:featuredmedia":[{"embeddable":true,"href":"https:\/\/kraios.app\/news\/wp-json\/wp\/v2\/media\/9953"}],"wp:attachment":[{"href":"https:\/\/kraios.app\/news\/wp-json\/wp\/v2\/media?parent=9952"}],"wp:term":[{"taxonomy":"category","embeddable":true,"href":"https:\/\/kraios.app\/news\/wp-json\/wp\/v2\/categories?post=9952"},{"taxonomy":"post_tag","embeddable":true,"href":"https:\/\/kraios.app\/news\/wp-json\/wp\/v2\/tags?post=9952"}],"curies":[{"name":"wp","href":"https:\/\/api.w.org\/{rel}","templated":true}]}}