{"id":9930,"date":"2023-07-22T08:20:06","date_gmt":"2023-07-22T08:20:06","guid":{"rendered":"https:\/\/kraios.app\/news\/siyaset\/2023\/07\/22\/afet-riskine-karsi-onceden-hazirlikli-olmak-zorundayiz\/"},"modified":"2023-07-22T08:20:06","modified_gmt":"2023-07-22T08:20:06","slug":"afet-riskine-karsi-onceden-hazirlikli-olmak-zorundayiz","status":"publish","type":"post","link":"https:\/\/kraios.app\/news\/siyaset\/2023\/07\/22\/afet-riskine-karsi-onceden-hazirlikli-olmak-zorundayiz\/","title":{"rendered":"Afet riskine kar\u015f\u0131 \u00f6nceden haz\u0131rl\u0131kl\u0131 olmak zorunday\u0131z"},"content":{"rendered":"<p><\/p>\n<div>\n<p>Kurtulmu\u015f, Ordu Valili\u011finde d\u00fczenlenen AFAD bilgilendirme toplant\u0131s\u0131 \u00f6ncesinde yapt\u0131\u011f\u0131 konu\u015fmada, TBMM Ba\u015fkan\u0131 olduktan sonra Ordu&#8217;ya ilk ziyaretini ger\u00e7ekle\u015ftirdi\u011fini belirterek, &#8220;Ne yaz\u0131k ki 8-10 Temmuz tarihleri aras\u0131nda ya\u015fad\u0131\u011f\u0131m\u0131z sel ve heyelan felaketinin arkas\u0131ndan bu ziyareti yapmak m\u00fcmk\u00fcn oldu.&#8221; ifadesini kulland\u0131.<\/p>\n<p>Ya\u015fanan sel felaketinde ma\u011fdur olan vatanda\u015flara ge\u00e7mi\u015f olsun dileklerini ileten Kurtulmu\u015f, &#8220;\u00c7ok yo\u011fun bir ya\u011fmurdu. \u00c7ok b\u00fcy\u00fck bir felaketle kar\u015f\u0131 kar\u015f\u0131ya kal\u0131nd\u0131. Ama Allah&#8217;a \u00e7ok \u015f\u00fck\u00fcr bir can kayb\u0131n\u0131n olmamas\u0131, bu anlamda bir tesellidir. Ayr\u0131ca ba\u015fta valili\u011fimiz, b\u00fcy\u00fck\u015fehir belediyemiz, il\u00e7e belediyelerimiz, kamu kurum ve kurulu\u015flar\u0131m\u0131z\u0131n tamam\u0131n\u0131n, \u00e7ok ciddi bir koordinasyonla k\u0131sa s\u00fcre i\u00e7erisinde hemen duruma m\u00fcdahale etmi\u015f olmalar\u0131, sel felaketinden sonra ortaya \u00e7\u0131kan zararlar\u0131n k\u0131sa s\u00fcre i\u00e7erisinde kar\u015f\u0131lanmas\u0131na, bunlar\u0131n telafi edilmesine vesile oldu. B\u00fcy\u00fck bir felaket, maalesef yine izleri oldu, ama b\u00fcy\u00fck bir felaket geride kalm\u0131\u015f oldu.&#8221; diye konu\u015ftu.<\/p>\n<p>Bu s\u00fcre\u00e7te e\u015f g\u00fcd\u00fcm i\u00e7erisinde \u00e7al\u0131\u015fan t\u00fcm kurumlara da te\u015fekk\u00fcr eden Kurtulmu\u015f, \u015funlar\u0131 kaydetti:<\/p>\n<p>&#8220;Maalesef T\u00fcrkiye, her bak\u0131mdan felaket riski alt\u0131nda olan bir \u00fclke. Biz, risklere kar\u015f\u0131 \u00f6nceden haz\u0131rl\u0131kl\u0131 olmak zorunday\u0131z. Karadeniz&#8217;de \u00f6zellikle Do\u011fu Karadeniz i\u00e7in konu\u015faca\u011f\u0131m\u0131z konulardan birisi bu sel felaketleri. Bununla ilgili insani kay\u0131plar\u0131n en aza indirilmesi, bu felaketlerin sonu\u00e7lar\u0131n\u0131n minimum seviyeye \u00e7ekilebilmesi i\u00e7in insan eliyle ortaya konulan mahsurlu yanl\u0131\u015f uygulamalar\u0131n da bir an evvel ortadan kald\u0131r\u0131lmas\u0131 gerekiyor. Bunlar\u0131n en ba\u015f\u0131nda, yanl\u0131\u015f \u015fehirle\u015fmeler, dere yataklar\u0131na yap\u0131lan evler, konutlar, hatta i\u015f yerleri geliyor. Bunlar\u0131 tekrar g\u00f6zden ge\u00e7irmek, bundan sonraki s\u00fcre\u00e7lerde &#8216;geliyorum&#8217; diyen bu felaketlere kar\u015f\u0131 tedbirli olmak ve felaketler gelmeden evvel \u015fehirlerimizin direncini artt\u0131rmak mecburiyetindeyiz.&#8221;<\/p>\n<p><img decoding=\"async\" alt=\"\" src=\"https:\/\/www.aa.com.tr\/uploads\/userFiles\/c9f1ae26-3cf3-4ab4-9d72-230dedd01a4c\/AA-31732031.jpg\"\/><\/p>\n<h3>&#8220;Birinci \u00f6nceli\u011fimiz afetlere diren\u00e7li \u015fehirleri olu\u015fturmakt\u0131r&#8221;<\/h3>\n<p>&#8220;Bu anlamda yeni d\u00f6nemde h\u00fck\u00fcmet olarak da birinci \u00f6nceli\u011fimiz afetlere diren\u00e7li \u015fehirleri olu\u015fturmakt\u0131r&#8221; diyen Kurtulmu\u015f, &#8220;H\u00fck\u00fcmet de bunu ortaya koyacak ve bizler de b\u00fct\u00fcn burada valilikler, belediyelerimiz, kamu kurum ve kurulu\u015flar\u0131m\u0131z, b\u00fcy\u00fck bir e\u015f g\u00fcd\u00fcm i\u00e7erisinde \u015fehirlerimizin afetlere kar\u015f\u0131 diren\u00e7li hale gelmesi i\u00e7in maksimum gayretle \u00e7abalar\u0131m\u0131z\u0131 ortaya koyaca\u011f\u0131z. M\u00fchim olan esenlik ve huzur i\u00e7erisinde vatanda\u015flar\u0131m\u0131z\u0131n ya\u015famalar\u0131n\u0131n temin edilmesidir. \u0130nsan eliyle ortaya konulan zararlar\u0131n ortadan kald\u0131r\u0131labilmesidir. Yerk\u00fcrede zaten bug\u00fcn kar\u015f\u0131la\u015ft\u0131\u011f\u0131m\u0131z sorunlar\u0131n neredeyse hemen tamam\u0131na yak\u0131n\u0131, insanlar\u0131n kendi elleriyle ortaya koymu\u015f oldu\u011fu yanl\u0131\u015f uygulamalar\u0131n sonucudur.&#8221; de\u011ferlendirmesinde bulundu.<\/p>\n<p>TBMM Ba\u015fkan\u0131 Kurtulmu\u015f, s\u00f6zlerini \u015f\u00f6yle s\u00fcrd\u00fcrd\u00fc:<\/p>\n<p>&#8220;En ba\u015fta \u00e7evre kirlili\u011fi ve ayn\u0131 \u015fekilde iklim de\u011fi\u015fiklikleri olmak \u00fczere \u00e7ok y\u00fcksek hava s\u0131cakl\u0131klar\u0131na ula\u015fan d\u00fcnyan\u0131n d\u00f6rt bir taraf\u0131ndaki bu iklim de\u011fi\u015fikli\u011fi vesilesiyle bunlar\u0131n hepsi insan eliyle ortaya \u00e7\u0131kan sonu\u00e7lar. Bunlar\u0131 da ortadan kald\u0131rmak i\u00e7in \u015fuurlu olmak durumunday\u0131z. Hem insan olarak, insan topluluklar\u0131 olarak toplumumuzu en iyi \u015fekilde korumak, g\u00fc\u00e7lendirmek mecburiyetindeyiz. Hem de bu toplumun g\u00fc\u00e7l\u00fc, mesut ve m\u00fcreffeh bir \u015fekilde ya\u015fayabilmesi i\u00e7in \u00e7evreyi de \u00e7ok ciddi bir \u015fekilde korumak mecburiyetindeyiz. Bunun i\u00e7in el birli\u011fiyle gayret edece\u011fiz.&#8221;<\/p>\n<p>Konu\u015fman\u0131n ard\u0131ndan Ordu \u0130l Acil ve Afet Durum M\u00fcd\u00fcr\u00fc Osman I\u015f\u0131k taraf\u0131ndan brifing verildi.<\/p>\n<p>                            <span class=\"detay-foto-editor\">&#13;<br \/>\n                                <a href=\"https:\/\/www.aa.com.tr\/tr\/p\/abonelik-talep-formu\/1001\" target=\"_blank\" style=\"font-size:12px; color:#444; text-decoration:none;\" rel=\"noopener\">&#13;<br \/>\n                                    Anadolu Ajans\u0131 web sitesinde, AA Haber Ak\u0131\u015f Sistemi (HAS) \u00fczerinden abonelere sunulan haberler, \u00f6zetlenerek yay\u0131mlanmaktad\u0131r. <b style=\"color:#1897F7\">Abonelik i\u00e7in l\u00fctfen ileti\u015fime ge\u00e7iniz.<\/b>&#13;<br \/>\n                                <\/a>&#13;<br \/>\n                            <\/span>\n                        <\/div>\n<p><script>\n\t  window.fbAsyncInit = function() {\n\t\tFB.init({\n\t\t  appId: '1855843514662870',\n\t\t  status : true, \/\/ check login status\n\t\t  cookie : true, \/\/ enable cookies to allow the server to access the session\n\t\t  xfbml  : true  \/\/ parse XFBML\n\t\t});\n\t  };<\/p>\n<p>\t  (function() {\n\t\tvar e = document.createElement('script');\n\t\te.src=\"https:\/\/connect.facebook.net\/tr_TR\/all.js\";\n\t\te.async = true;\n\t\tdocument.getElementById('fb-root').appendChild(e);\n\t  }());\n    <\/script><\/p>\n","protected":false},"excerpt":{"rendered":"<p>Kurtulmu\u015f, Ordu Valili\u011finde d\u00fczenlenen AFAD bilgilendirme toplant\u0131s\u0131 \u00f6ncesinde yapt\u0131\u011f\u0131 konu\u015fmada, TBMM Ba\u015fkan\u0131 olduktan sonra Ordu&#8217;ya ilk ziyaretini ger\u00e7ekle\u015ftirdi\u011fini belirterek, &#8220;Ne yaz\u0131k ki 8-10 Temmuz tarihleri aras\u0131nda ya\u015fad\u0131\u011f\u0131m\u0131z sel ve heyelan felaketinin arkas\u0131ndan bu ziyareti yapmak m\u00fcmk\u00fcn oldu.&#8221; ifadesini kulland\u0131. Ya\u015fanan sel felaketinde ma\u011fdur olan vatanda\u015flara ge\u00e7mi\u015f olsun dileklerini ileten Kurtulmu\u015f, &#8220;\u00c7ok yo\u011fun bir ya\u011fmurdu. \u00c7ok [&hellip;]<\/p>\n","protected":false},"author":1,"featured_media":9931,"comment_status":"","ping_status":"","sticky":false,"template":"","format":"standard","meta":[],"categories":[47],"tags":[],"_links":{"self":[{"href":"https:\/\/kraios.app\/news\/wp-json\/wp\/v2\/posts\/9930"}],"collection":[{"href":"https:\/\/kraios.app\/news\/wp-json\/wp\/v2\/posts"}],"about":[{"href":"https:\/\/kraios.app\/news\/wp-json\/wp\/v2\/types\/post"}],"author":[{"embeddable":true,"href":"https:\/\/kraios.app\/news\/wp-json\/wp\/v2\/users\/1"}],"replies":[{"embeddable":true,"href":"https:\/\/kraios.app\/news\/wp-json\/wp\/v2\/comments?post=9930"}],"version-history":[{"count":0,"href":"https:\/\/kraios.app\/news\/wp-json\/wp\/v2\/posts\/9930\/revisions"}],"wp:featuredmedia":[{"embeddable":true,"href":"https:\/\/kraios.app\/news\/wp-json\/wp\/v2\/media\/9931"}],"wp:attachment":[{"href":"https:\/\/kraios.app\/news\/wp-json\/wp\/v2\/media?parent=9930"}],"wp:term":[{"taxonomy":"category","embeddable":true,"href":"https:\/\/kraios.app\/news\/wp-json\/wp\/v2\/categories?post=9930"},{"taxonomy":"post_tag","embeddable":true,"href":"https:\/\/kraios.app\/news\/wp-json\/wp\/v2\/tags?post=9930"}],"curies":[{"name":"wp","href":"https:\/\/api.w.org\/{rel}","templated":true}]}}