{"id":9918,"date":"2023-07-22T05:36:07","date_gmt":"2023-07-22T05:36:07","guid":{"rendered":"https:\/\/kraios.app\/news\/gundem\/2023\/07\/22\/cumhurbaskani-kararlari-resmi-gazetede-yayimlandi\/"},"modified":"2023-07-22T05:36:07","modified_gmt":"2023-07-22T05:36:07","slug":"cumhurbaskani-kararlari-resmi-gazetede-yayimlandi","status":"publish","type":"post","link":"https:\/\/kraios.app\/news\/gundem\/2023\/07\/22\/cumhurbaskani-kararlari-resmi-gazetede-yayimlandi\/","title":{"rendered":"Cumhurba\u015fkan\u0131 kararlar\u0131 Resmi Gazete&#8217;de yay\u0131mland\u0131"},"content":{"rendered":"<p><\/p>\n<div>\n<p>Konuya ili\u015fkin Cumhurba\u015fkan\u0131 Karar\u0131, Resmi Gazete&#8217;de yay\u0131mland\u0131.<\/p>\n<p>Karar ile 6 \u015eubat&#8217;ta meydana gelen depremlerde zarar g\u00f6ren baz\u0131 illerdeki tar\u0131msal \u00fcreticilere, Ziraat Bankas\u0131 ve TKK taraf\u0131ndan d\u00fc\u015f\u00fck faizli kredi kulland\u0131r\u0131lmas\u0131na ili\u015fkin kararlar kapsam\u0131nda kredi bor\u00e7lar\u0131n\u0131n ertelenmesine dair Cumhurba\u015fkan\u0131 Karar\u0131&#8217;nda de\u011fi\u015fiklik yap\u0131ld\u0131.<\/p>\n<p>Buna g\u00f6re 21 \u015eubat 2023 tarihli ve 6816 say\u0131l\u0131 Cumhurba\u015fkan\u0131 Karar\u0131n\u0131n eki Karar\u0131n 2&#8217;nci maddesinin be\u015finci f\u0131kras\u0131nda yer alan, &#8220;Hasar tespit komisyonu kararlar\u0131n\u0131n, bu karar\u0131n yay\u0131m\u0131 tarihinden itibaren en ge\u00e7 \u00fc\u00e7 ay i\u00e7erisinde haz\u0131rlanm\u0131\u015f olmas\u0131 esast\u0131r.&#8221; c\u00fcmlesi &#8220;Hasar tespit komisyonu kararlar\u0131n\u0131n, bu karar\u0131n yay\u0131m\u0131 tarihinden itibaren en ge\u00e7 alt\u0131 ay i\u00e7erisinde haz\u0131rlanm\u0131\u015f olmas\u0131 esast\u0131r.&#8221; \u015feklinde de\u011fi\u015ftirildi.<\/p>\n<p>Karar, 6 \u015eubat&#8217;tan ge\u00e7erli olmak \u00fczere y\u00fcr\u00fcrl\u00fc\u011fe girdi.<\/p>\n<h3>Yer alt\u0131 maden i\u015fletmelerine destek verilmesine ili\u015fkin kararda de\u011fi\u015fiklik<\/h3>\n<p>Yer Alt\u0131 Maden \u0130\u015fletmelerinde Meydana Gelen Maliyet Art\u0131\u015flar\u0131n\u0131n Kar\u015f\u0131lanmas\u0131 Amac\u0131yla Destek Verilmesine \u0130li\u015fkin Karar&#8217;da da de\u011fi\u015fikli\u011fe gidildi.<\/p>\n<p>Resmi Gazete&#8217;de yay\u0131mlanan karar, 3213 say\u0131l\u0131 Maden Kanunu&#8217;nun ge\u00e7ici 29&#8217;uncu maddesi gere\u011fince al\u0131nd\u0131.<\/p>\n<p>Buna g\u00f6re, s\u00f6z konusu karar\u0131n 6&#8217;nc\u0131 maddesinin, birinci f\u0131kras\u0131n\u0131n (c) bendinde yer alan &#8220;31\/12\/2022&#8221; ibareleri &#8220;31\/12\/2023&#8221; \u015feklinde de\u011fi\u015ftirildi.<\/p>\n<p>Karar\u0131n kinci f\u0131kras\u0131n\u0131n (b) bendinin birinci c\u00fcmlesi ise &#8220;3213 say\u0131l\u0131 Kanun kapsam\u0131nda i\u015fletme faaliyetlerinin durdurulmas\u0131 halinde i\u015fletme faaliyetine m\u00fcsaade edilen tarihe kadar, \u00fcretime haz\u0131rl\u0131k faaliyetlerinin i\u015fletme projesine ayk\u0131r\u0131 oldu\u011funun tespit edilmesi halinde bu ayk\u0131r\u0131l\u0131\u011f\u0131n giderildi\u011fi tarihe kadar, daim\u00ee nezaret\u00e7i atamas\u0131 yap\u0131lmaks\u0131z\u0131n \u00e7al\u0131\u015f\u0131ld\u0131\u011f\u0131n\u0131n tespit edilmesi halinde ise daimi nezaret\u00e7i atamas\u0131 yap\u0131lan tarihe kadar ge\u00e7en s\u00fcrelerde destek \u00f6demesi yap\u0131lmaz.&#8221; \u015feklinde yeniden d\u00fczenlendi.<\/p>\n<p>Ayn\u0131 karar\u0131n 8&#8217;inci maddesinin, ikinci ve \u00fc\u00e7\u00fcnc\u00fc f\u0131kras\u0131nda yer alan &#8220;31\/12\/2022&#8221; ibareleri de &#8220;31\/12\/2023&#8221; \u015feklinde de\u011fi\u015ftirildi.<\/p>\n<p>De\u011fi\u015fikli\u011fe ili\u015fkin Cumhurba\u015fkan\u0131 Karar\u0131, Resmi Gazete&#8217;de yay\u0131mlanarak 1 Ocak 2023 tarihinden ge\u00e7erli olmak \u00fczere y\u00fcr\u00fcrl\u00fc\u011fe girdi.<\/p>\n<h3>B\u00fcy\u00fckel\u00e7i atamalar\u0131 Resmi Gazete&#8217;de<\/h3>\n<p>Baz\u0131 b\u00fcy\u00fckel\u00e7ilerin atanmas\u0131na ili\u015fkin karar, Cumhurba\u015fkan\u0131 Recep Tayyip Erdo\u011fan&#8217;\u0131n imzas\u0131yla Resmi Gazete&#8217;de yay\u0131mland\u0131.<\/p>\n<p>Buna g\u00f6re, Paraguay Cumhuriyeti nezdinde T\u00fcrkiye Cumhuriyeti B\u00fcy\u00fckel\u00e7ili\u011fine Konsolosluk \u0130\u015fleri Genel M\u00fcd\u00fcr Yard\u0131mc\u0131s\u0131 Yavuz K\u00fcl&#8217;\u00fcn, Fransa Cumhuriyeti nezdinde T\u00fcrkiye Cumhuriyeti B\u00fcy\u00fckel\u00e7ili\u011fine Yunus Demirer&#8217;in atanmas\u0131na karar verildi.<\/p>\n<p>Uluslararas\u0131 Sivil Havac\u0131l\u0131k Te\u015fkilat\u0131 nezdinde T\u00fcrkiye Cumhuriyeti Daimi Temsilcili\u011fine Nevzat Uyan\u0131k, M\u0131s\u0131r Arap Cumhuriyeti nezdinde T\u00fcrkiye Cumhuriyeti B\u00fcy\u00fckel\u00e7ili\u011fine Salih Mutlu \u015een, \u0130spanya Krall\u0131\u011f\u0131 nezdinde T\u00fcrkiye Cumhuriyeti B\u00fcy\u00fckel\u00e7ili\u011fine N\u00fcket K\u00fc\u00e7\u00fckel Ezberci, Cezayir Demokratik Halk Cumhuriyeti nezdinde T\u00fcrkiye Cumhuriyeti B\u00fcy\u00fckel\u00e7ili\u011fine Cumhurba\u015fkan\u0131 Ba\u015fdan\u0131\u015fman\u0131 Muhammet M\u00fccahit K\u00fc\u00e7\u00fcky\u0131lmaz atand\u0131.<\/p>\n<p>                            <span class=\"detay-foto-editor\">&#13;<br \/>\n                                <a href=\"https:\/\/www.aa.com.tr\/tr\/p\/abonelik-talep-formu\/1001\" target=\"_blank\" style=\"font-size:12px; color:#444; text-decoration:none;\" rel=\"noopener\">&#13;<br \/>\n                                    Anadolu Ajans\u0131 web sitesinde, AA Haber Ak\u0131\u015f Sistemi (HAS) \u00fczerinden abonelere sunulan haberler, \u00f6zetlenerek yay\u0131mlanmaktad\u0131r. <b style=\"color:#1897F7\">Abonelik i\u00e7in l\u00fctfen ileti\u015fime ge\u00e7iniz.<\/b>&#13;<br \/>\n                                <\/a>&#13;<br \/>\n                            <\/span>\n                        <\/div>\n<p><script>\n\t  window.fbAsyncInit = function() {\n\t\tFB.init({\n\t\t  appId: '1855843514662870',\n\t\t  status : true, \/\/ check login status\n\t\t  cookie : true, \/\/ enable cookies to allow the server to access the session\n\t\t  xfbml  : true  \/\/ parse XFBML\n\t\t});\n\t  };<\/p>\n<p>\t  (function() {\n\t\tvar e = document.createElement('script');\n\t\te.src=\"https:\/\/connect.facebook.net\/tr_TR\/all.js\";\n\t\te.async = true;\n\t\tdocument.getElementById('fb-root').appendChild(e);\n\t  }());\n    <\/script><\/p>\n","protected":false},"excerpt":{"rendered":"<p>Konuya ili\u015fkin Cumhurba\u015fkan\u0131 Karar\u0131, Resmi Gazete&#8217;de yay\u0131mland\u0131. Karar ile 6 \u015eubat&#8217;ta meydana gelen depremlerde zarar g\u00f6ren baz\u0131 illerdeki tar\u0131msal \u00fcreticilere, Ziraat Bankas\u0131 ve TKK taraf\u0131ndan d\u00fc\u015f\u00fck faizli kredi kulland\u0131r\u0131lmas\u0131na ili\u015fkin kararlar kapsam\u0131nda kredi bor\u00e7lar\u0131n\u0131n ertelenmesine dair Cumhurba\u015fkan\u0131 Karar\u0131&#8217;nda de\u011fi\u015fiklik yap\u0131ld\u0131. Buna g\u00f6re 21 \u015eubat 2023 tarihli ve 6816 say\u0131l\u0131 Cumhurba\u015fkan\u0131 Karar\u0131n\u0131n eki Karar\u0131n 2&#8217;nci maddesinin [&hellip;]<\/p>\n","protected":false},"author":1,"featured_media":9919,"comment_status":"","ping_status":"","sticky":false,"template":"","format":"standard","meta":[],"categories":[1],"tags":[],"_links":{"self":[{"href":"https:\/\/kraios.app\/news\/wp-json\/wp\/v2\/posts\/9918"}],"collection":[{"href":"https:\/\/kraios.app\/news\/wp-json\/wp\/v2\/posts"}],"about":[{"href":"https:\/\/kraios.app\/news\/wp-json\/wp\/v2\/types\/post"}],"author":[{"embeddable":true,"href":"https:\/\/kraios.app\/news\/wp-json\/wp\/v2\/users\/1"}],"replies":[{"embeddable":true,"href":"https:\/\/kraios.app\/news\/wp-json\/wp\/v2\/comments?post=9918"}],"version-history":[{"count":0,"href":"https:\/\/kraios.app\/news\/wp-json\/wp\/v2\/posts\/9918\/revisions"}],"wp:featuredmedia":[{"embeddable":true,"href":"https:\/\/kraios.app\/news\/wp-json\/wp\/v2\/media\/9919"}],"wp:attachment":[{"href":"https:\/\/kraios.app\/news\/wp-json\/wp\/v2\/media?parent=9918"}],"wp:term":[{"taxonomy":"category","embeddable":true,"href":"https:\/\/kraios.app\/news\/wp-json\/wp\/v2\/categories?post=9918"},{"taxonomy":"post_tag","embeddable":true,"href":"https:\/\/kraios.app\/news\/wp-json\/wp\/v2\/tags?post=9918"}],"curies":[{"name":"wp","href":"https:\/\/api.w.org\/{rel}","templated":true}]}}