{"id":9916,"date":"2023-07-22T05:35:09","date_gmt":"2023-07-22T05:35:09","guid":{"rendered":"https:\/\/kraios.app\/news\/siyaset\/2023\/07\/22\/turkiye-yuzyilini-hep-birlikte-insa-edecegiz\/"},"modified":"2023-07-22T05:35:09","modified_gmt":"2023-07-22T05:35:09","slug":"turkiye-yuzyilini-hep-birlikte-insa-edecegiz","status":"publish","type":"post","link":"https:\/\/kraios.app\/news\/siyaset\/2023\/07\/22\/turkiye-yuzyilini-hep-birlikte-insa-edecegiz\/","title":{"rendered":"T\u00fcrkiye Y\u00fczy\u0131l\u0131&#8217;n\u0131 hep birlikte in\u015fa edece\u011fiz"},"content":{"rendered":"<p><\/p>\n<div>\n<p>Cumhurba\u015fkan\u0131 Yard\u0131mc\u0131s\u0131 <strong>Cevdet Y\u0131lmaz<\/strong>, &#8220;Biz in\u015fallah bir taraftan zorluklarla ba\u015f ederken, di\u011fer taraftan f\u0131rsatlar\u0131 da de\u011ferlendirerek, T\u00fcrkiye Y\u00fczy\u0131l\u0131&#8217;n\u0131 kamusuyla, \u00f6zel sekt\u00f6r\u00fcyle, sivil toplumuyla hep birlikte in\u015fa edece\u011fiz.&#8221; dedi.<\/p>\n<p>Y\u0131lmaz, Dolmabah\u00e7e \u00c7al\u0131\u015fma Ofisi&#8217;nde d\u00fczenlenen <strong>\u0130\u015f D\u00fcnyas\u0131 Temsilcileri ile \u0130sti\u015fare Toplant\u0131s\u0131<\/strong>&#8216;n\u0131n ard\u0131ndan, bas\u0131n mensuplar\u0131na de\u011ferlendirmelerde bulundu.<\/p>\n<p>\u0130sti\u015fareyle, Orta Vadeli Program (OVP) haz\u0131rl\u0131\u011f\u0131nda olduklar\u0131n\u0131 belirten Y\u0131lmaz, &#8220;Eyl\u00fcl ay\u0131nda bir yol haritas\u0131 niteli\u011finde olacak. Hem i\u00e7inde bulundu\u011fumuz y\u0131l\u0131n makro rakamlar\u0131n\u0131 g\u00fcncelleyece\u011fimiz hem de ileriye d\u00f6n\u00fck 3 y\u0131ll\u0131k para politikas\u0131nda, maliye politikas\u0131nda ve yap\u0131sal reformlar ba\u015fl\u0131\u011f\u0131nda temel \u00e7er\u00e7eveyi ortaya koyaca\u011f\u0131m\u0131z Orta Vadeli Program&#8217;\u0131n haz\u0131rl\u0131klar\u0131n\u0131 yap\u0131yoruz.&#8221; diye konu\u015ftu.<\/p>\n<p>Cevdet Y\u0131lmaz, Cumhurba\u015fkanl\u0131\u011f\u0131 Strateji ve B\u00fct\u00e7e Ba\u015fkanl\u0131\u011f\u0131, Hazine ve Maliye Bakanl\u0131\u011f\u0131 gibi kurumlar\u0131n teknik \u00e7al\u0131\u015fmalar yapt\u0131\u011f\u0131n\u0131, ancak bunun yeterli olmad\u0131\u011f\u0131n\u0131 dile getirdi.<\/p>\n<p>Bir taraftan da i\u015f d\u00fcnyas\u0131yla, \u00e7al\u0131\u015fan kesimleriyle ve sivil toplumla isti\u015fareler y\u00fcr\u00fctt\u00fcklerini aktaran Y\u0131lmaz, buradan gelen fikirleri de Orta Vadeli Program&#8217;a entegre edeceklerini s\u00f6yledi.<\/p>\n<h3>&#8220;Finans kesiminin temsilcileriyle bir toplant\u0131 planl\u0131yoruz&#8221;<\/h3>\n<p>Belirsizlikleri azaltan, \u00f6ng\u00f6r\u00fclebilirli\u011fi g\u00fc\u00e7lendiren bir \u00e7er\u00e7eve olarak Orta Vadeli Program&#8217;a iyi bir haz\u0131rl\u0131k yapt\u0131klar\u0131n\u0131 kaydeden Y\u0131lmaz, \u015funlar\u0131 payla\u015ft\u0131:<\/p>\n<p>&#8220;Bug\u00fcn burada 3 saati a\u015fk\u0131n bir s\u00fcredir i\u015f d\u00fcnyam\u0131z\u0131n fikirlerini, de\u011fi\u015fik kesimlerden fikirleri dinledik. \u00d6n\u00fcm\u00fczdeki s\u00fcre\u00e7te, sendikalar\u0131m\u0131z ve \u00e7al\u0131\u015fan kesimlerin temsilcileriyle de g\u00f6r\u00fc\u015fmelerimiz olacak. Finans kesiminin temsilcileriyle yine \u0130stanbul Finans Merkezi&#8217;nde bir toplant\u0131 planl\u0131yoruz. B\u00fct\u00fcn bu toplant\u0131 serisinin sonucunda, eyl\u00fcl ay\u0131nda \u00e7ok daha g\u00fc\u00e7l\u00fc bir Orta Vadeli Program&#8217;\u0131, kamuoyuna sunma imkan\u0131 bulaca\u011f\u0131z.&#8221;<\/p>\n<p>\u0130\u015f d\u00fcnyas\u0131n\u0131n, bir taraftan finans piyasalar\u0131yla ilgili k\u0131sa vadeli ihtiya\u00e7lar\u0131n\u0131 ve s\u0131k\u0131nt\u0131lar\u0131n\u0131 dile getirdi\u011fini vurgulayan Y\u0131lmaz, bir taraftan da daha uzun vadeli reformlarla ilgili insan kayna\u011f\u0131, s\u00fcrd\u00fcr\u00fclebilir b\u00fcy\u00fcme, ye\u015fil ekonomiye ge\u00e7i\u015f, dijitalle\u015fme gibi \u00e7ok \u00f6nemli ba\u015fl\u0131klarda beklentilerini, reform taleplerini aktard\u0131\u011f\u0131n\u0131 ifade etti.<\/p>\n<p>Cumhurba\u015fkan\u0131 Yard\u0131mc\u0131s\u0131 Y\u0131lmaz, i\u015f d\u00fcnyas\u0131nda \u00e7ok olumlu bir hava g\u00f6rd\u00fc\u011f\u00fcn\u00fc belirterek, s\u00f6zlerini \u015f\u00f6yle s\u00fcrd\u00fcrd\u00fc:<\/p>\n<p>&#8220;\u0130\u00e7inde bulundu\u011fumuz tabii ki s\u0131k\u0131nt\u0131lar var. Deprem ger\u00e7e\u011fi var her \u015feyden \u00f6nce. Pandemi sonras\u0131 d\u00fcnyan\u0131n, b\u00f6lgemizin ya\u015fad\u0131\u011f\u0131 sorunlar, tedarik zincirinde sorunlar var. Ukrayna-Rusya sava\u015f\u0131 gibi sorunlar var. Ama bir taraftan da se\u00e7imler sonucunda siyasi istikrar\u0131n\u0131 peki\u015ftirmi\u015f, siyasi belirsizlikleri azaltm\u0131\u015f bir T\u00fcrkiye ger\u00e7e\u011fi var. Teknik \u00e7al\u0131\u015fmalarla, orta vadeli programlarla birlikte teknik anlamda da \u00f6ng\u00f6r\u00fclebilirli\u011fi artan bir \u00fclke var. Dolay\u0131s\u0131yla zorluklar\u0131yla birlikte i\u00e7inde bulundu\u011fumuz d\u00f6nem f\u0131rsatlar da bar\u0131nd\u0131r\u0131yor. Bu f\u0131rsatlar\u0131n da alt\u0131n\u0131 \u00e7izdi, \u00f6zel sekt\u00f6r\u00fcm\u00fcz. Biz in\u015fallah bir taraftan zorluklarla ba\u015f ederken, di\u011fer taraftan f\u0131rsatlar\u0131 da de\u011ferlendirerek, T\u00fcrkiye Y\u00fczy\u0131l\u0131&#8217;n\u0131 kamusuyla, \u00f6zel sekt\u00f6r\u00fcyle, sivil toplumuyla hep birlikte in\u015fa edece\u011fiz.&#8221;<\/p>\n<p>                            <span class=\"detay-foto-editor\">&#13;<br \/>\n                                <a href=\"https:\/\/www.aa.com.tr\/tr\/p\/abonelik-talep-formu\/1001\" target=\"_blank\" style=\"font-size:12px; color:#444; text-decoration:none;\" rel=\"noopener\">&#13;<br \/>\n                                    Anadolu Ajans\u0131 web sitesinde, AA Haber Ak\u0131\u015f Sistemi (HAS) \u00fczerinden abonelere sunulan haberler, \u00f6zetlenerek yay\u0131mlanmaktad\u0131r. <b style=\"color:#1897F7\">Abonelik i\u00e7in l\u00fctfen ileti\u015fime ge\u00e7iniz.<\/b>&#13;<br \/>\n                                <\/a>&#13;<br \/>\n                            <\/span>\n                        <\/div>\n<p><script>\n\t  window.fbAsyncInit = function() {\n\t\tFB.init({\n\t\t  appId: '1855843514662870',\n\t\t  status : true, \/\/ check login status\n\t\t  cookie : true, \/\/ enable cookies to allow the server to access the session\n\t\t  xfbml  : true  \/\/ parse XFBML\n\t\t});\n\t  };<\/p>\n<p>\t  (function() {\n\t\tvar e = document.createElement('script');\n\t\te.src=\"https:\/\/connect.facebook.net\/tr_TR\/all.js\";\n\t\te.async = true;\n\t\tdocument.getElementById('fb-root').appendChild(e);\n\t  }());\n    <\/script><\/p>\n","protected":false},"excerpt":{"rendered":"<p>Cumhurba\u015fkan\u0131 Yard\u0131mc\u0131s\u0131 Cevdet Y\u0131lmaz, &#8220;Biz in\u015fallah bir taraftan zorluklarla ba\u015f ederken, di\u011fer taraftan f\u0131rsatlar\u0131 da de\u011ferlendirerek, T\u00fcrkiye Y\u00fczy\u0131l\u0131&#8217;n\u0131 kamusuyla, \u00f6zel sekt\u00f6r\u00fcyle, sivil toplumuyla hep birlikte in\u015fa edece\u011fiz.&#8221; dedi. Y\u0131lmaz, Dolmabah\u00e7e \u00c7al\u0131\u015fma Ofisi&#8217;nde d\u00fczenlenen \u0130\u015f D\u00fcnyas\u0131 Temsilcileri ile \u0130sti\u015fare Toplant\u0131s\u0131&#8216;n\u0131n ard\u0131ndan, bas\u0131n mensuplar\u0131na de\u011ferlendirmelerde bulundu. \u0130sti\u015fareyle, Orta Vadeli Program (OVP) haz\u0131rl\u0131\u011f\u0131nda olduklar\u0131n\u0131 belirten Y\u0131lmaz, &#8220;Eyl\u00fcl ay\u0131nda [&hellip;]<\/p>\n","protected":false},"author":1,"featured_media":9917,"comment_status":"","ping_status":"","sticky":false,"template":"","format":"standard","meta":[],"categories":[47],"tags":[],"_links":{"self":[{"href":"https:\/\/kraios.app\/news\/wp-json\/wp\/v2\/posts\/9916"}],"collection":[{"href":"https:\/\/kraios.app\/news\/wp-json\/wp\/v2\/posts"}],"about":[{"href":"https:\/\/kraios.app\/news\/wp-json\/wp\/v2\/types\/post"}],"author":[{"embeddable":true,"href":"https:\/\/kraios.app\/news\/wp-json\/wp\/v2\/users\/1"}],"replies":[{"embeddable":true,"href":"https:\/\/kraios.app\/news\/wp-json\/wp\/v2\/comments?post=9916"}],"version-history":[{"count":0,"href":"https:\/\/kraios.app\/news\/wp-json\/wp\/v2\/posts\/9916\/revisions"}],"wp:featuredmedia":[{"embeddable":true,"href":"https:\/\/kraios.app\/news\/wp-json\/wp\/v2\/media\/9917"}],"wp:attachment":[{"href":"https:\/\/kraios.app\/news\/wp-json\/wp\/v2\/media?parent=9916"}],"wp:term":[{"taxonomy":"category","embeddable":true,"href":"https:\/\/kraios.app\/news\/wp-json\/wp\/v2\/categories?post=9916"},{"taxonomy":"post_tag","embeddable":true,"href":"https:\/\/kraios.app\/news\/wp-json\/wp\/v2\/tags?post=9916"}],"curies":[{"name":"wp","href":"https:\/\/api.w.org\/{rel}","templated":true}]}}