{"id":9914,"date":"2023-07-22T05:20:06","date_gmt":"2023-07-22T05:20:06","guid":{"rendered":"https:\/\/kraios.app\/news\/ekonomi\/2023\/07\/22\/gebze-osb-darica-sahil-metro-hattinda-ilk-ray-kaynagi-yapildi\/"},"modified":"2023-07-22T05:20:06","modified_gmt":"2023-07-22T05:20:06","slug":"gebze-osb-darica-sahil-metro-hattinda-ilk-ray-kaynagi-yapildi","status":"publish","type":"post","link":"https:\/\/kraios.app\/news\/ekonomi\/2023\/07\/22\/gebze-osb-darica-sahil-metro-hattinda-ilk-ray-kaynagi-yapildi\/","title":{"rendered":"Gebze OSB-Dar\u0131ca Sahil Metro Hatt\u0131&#8217;nda ilk ray kayna\u011f\u0131 yap\u0131ld\u0131"},"content":{"rendered":"<p> <br \/>\n<\/p>\n<div>\n<p>Ula\u015ft\u0131rma ve Altyap\u0131 Bakanl\u0131\u011f\u0131 Altyap\u0131 Yat\u0131r\u0131mlar\u0131 Genel M\u00fcd\u00fcr\u00fc Yal\u00e7\u0131n Eyig\u00fcn, &#8220;Metronun sadece g\u00f6r\u00fcnen arac\u0131n\u0131 yerlile\u015ftirmek de\u011fil, metronun kendisini yerlile\u015ftirmek anlam\u0131nda son 20 y\u0131lda \u00e7ok uzun mesafe kat etti\u011fimizi m\u00fc\u015fahede ediyoruz.&#8221; dedi.<\/p>\n<p>Eyig\u00fcn, Ula\u015ft\u0131rma ve Altyap\u0131 Bakan\u0131 Abdulkadir Uralo\u011flu&#8217;nun kat\u0131l\u0131m\u0131yla d\u00fczenlenen Gebze OSB-Dar\u0131ca Sahil Metro Hatt\u0131 Ray Kaynak T\u00f6reni&#8217;nde, bug\u00fcn itibar\u0131yla yap\u0131m\u0131 devam eden 102 kilometre rayl\u0131 sistem projeleri bulundu\u011funu s\u00f6yledi.<\/p>\n<p>Gebze OSB-Dar\u0131ca Sahil Metro Hatt\u0131 projesinin 15,4 kilometre uzunlu\u011funda \u00e7ift hat olarak in\u015fa edildi\u011fini, zeminle ilgili kar\u015f\u0131lar\u0131na \u00e7\u0131kan zorluklara \u00e7\u00f6z\u00fcmler \u00fcreterek projeyi bu noktaya getirdiklerini anlatan Eyig\u00fcn, her projenin kendine has zorluklar\u0131 oldu\u011funu kaydetti.<\/p>\n<p><img decoding=\"async\" alt=\"\" src=\"https:\/\/www.aa.com.tr\/uploads\/userFiles\/c9f1ae26-3cf3-4ab4-9d72-230dedd01a4c\/20230721_2_59593306_91204857.jpg\"\/><\/p>\n<h3>&#8220;\u00c7al\u0131\u015fmalar T\u00fcrk i\u015f\u00e7ili\u011fi ve m\u00fchendisli\u011fiyle yap\u0131l\u0131yor&#8221;<\/h3>\n<p>Projede genel ilerleme oran\u0131n\u0131n y\u00fczde 70&#8217;i ge\u00e7ti\u011fini aktaran Eyig\u00fcn, projede halihaz\u0131rda yakla\u015f\u0131k 2 bin 500 i\u015f\u00e7inin \u00e7al\u0131\u015ft\u0131\u011f\u0131n\u0131 dile getirdi.<\/p>\n<p>Eyig\u00fcn, ilk ray kayna\u011f\u0131n\u0131 ger\u00e7ekle\u015ftireceklerini belirterek, &#8220;Burada b\u00fcy\u00fck bir emek var, i\u015f\u00e7ilik var, m\u00fchendislik var ve i\u00e7imizde yabanc\u0131 yok. T\u00fcm\u00fc T\u00fcrk m\u00fchendisli\u011fi, T\u00fcrk i\u015f\u00e7ili\u011fi, imalatlar da \u00f6yle.&#8221; diye konu\u015ftu.<\/p>\n<p>Projeyle Kocaeli&#8217;nin s\u00fcr\u00fcc\u00fcs\u00fcz metrosu olaca\u011f\u0131na i\u015faret eden Eyig\u00fcn, sinyalizasyonun, ASELSAN ve T\u00dcB\u0130TAK&#8217;la beraber y\u00fcr\u00fctt\u00fckleri i\u015f birli\u011fi projesiyle ger\u00e7ekle\u015ftirilece\u011fini ifade etti.<\/p>\n<p><img decoding=\"async\" alt=\"\" src=\"https:\/\/www.aa.com.tr\/uploads\/userFiles\/c9f1ae26-3cf3-4ab4-9d72-230dedd01a4c\/20230721_2_59593306_91204861.jpg\"\/><\/p>\n<p>Eyig\u00fcn, ara\u00e7lar\u0131n da yerli olaca\u011f\u0131na dikkati \u00e7ekerek, \u015f\u00f6yle devam etti:<\/p>\n<p>&#8220;Arac\u0131n i\u00e7 ekipmanlar\u0131 da en az y\u00fczde 60 oran\u0131nda yerli oluyor. Bunun \u00f6n\u00fcm\u00fczdeki d\u00f6nemde y\u00fczde 80&#8217;e \u00e7\u0131kmas\u0131n\u0131 planl\u0131yoruz. Bu konuda \u00e7al\u0131\u015fan uzman bir ekibimiz var. Yap\u0131mda g\u00f6rmedi\u011fimiz, dikkatimizi \u00e7ekmeyen ya da yolcunun metroya bindi\u011finde duvarlar\u0131n arkas\u0131nda kalan neler var? Fanlar, havaland\u0131rma fanlar\u0131, trafolar, kontrol sistemi yaz\u0131l\u0131m ve uygulamalar\u0131, yang\u0131n koruma sistemleri, elektrik sistemleri altyap\u0131lar\u0131, elektronik sistemleri altyap\u0131lar\u0131 ya da raylar var; bunlar da yerli. Metronun sadece g\u00f6r\u00fcnen arac\u0131n\u0131 yerlile\u015ftirmek de\u011fil, metronun kendisini yerlile\u015ftirmek anlam\u0131nda son 20 y\u0131lda \u00e7ok uzun mesafe kat etti\u011fimizi m\u00fc\u015fahede ediyoruz. \u0130n\u015fallah bu projede 2020 ba\u015f\u0131nda ba\u015flad\u0131\u011f\u0131m\u0131z ser\u00fcvenimiz, son 1,5 y\u0131l\u0131na girdi. Son 1,5 y\u0131lda biz yap\u0131m\u0131 tamamlayaca\u011f\u0131m\u0131z\u0131 taahh\u00fct ediyoruz. Ondan sonras\u0131 ne olacak? Sinyalizasyon testleri, sertifika alma gibi hususlar ama yak\u0131n zamanda, yak\u0131n aylarda da treni y\u00fcr\u00fcterek bu s\u00fcre\u00e7leri, test s\u00fcre\u00e7lerini ba\u015flataca\u011f\u0131z.&#8221; \u015feklinde konu\u015ftu.<\/p>\n<p>Konu\u015fmalar\u0131n ard\u0131ndan Bakan Uralo\u011flu, raylar\u0131n ilk kayna\u011f\u0131n\u0131 yapt\u0131.<\/p>\n<p>Programa, AK Parti Kocaeli milletvekilleri Sadettin H\u00fclag\u00fc, Veysal Tipio\u011flu, Cemil Yaman, Vali Yard\u0131mc\u0131s\u0131 \u0130smail G\u00fcltekin, Kocaeli B\u00fcy\u00fck\u015fehir Belediyesi Genel Sekreteri Balamir G\u00fcndo\u011fdu, Gebze Belediye Ba\u015fkan\u0131 Zinnur B\u00fcy\u00fckg\u00f6z, AK Parti \u0130l Ba\u015fkan\u0131 \u015eahin Talus ve di\u011fer ilgililer kat\u0131ld\u0131.<\/p>\n<p>                            <span class=\"detay-foto-editor\">&#13;<br \/>\n                                <a href=\"https:\/\/www.aa.com.tr\/tr\/p\/abonelik-talep-formu\/1001\" target=\"_blank\" style=\"font-size:12px; color:#444; text-decoration:none;\" rel=\"noopener\">&#13;<br \/>\n                                    Anadolu Ajans\u0131 web sitesinde, AA Haber Ak\u0131\u015f Sistemi (HAS) \u00fczerinden abonelere sunulan haberler, \u00f6zetlenerek yay\u0131mlanmaktad\u0131r. <b style=\"color:#1897F7\">Abonelik i\u00e7in l\u00fctfen ileti\u015fime ge\u00e7iniz.<\/b>&#13;<br \/>\n                                <\/a>&#13;<br \/>\n                            <\/span>\n                        <\/div>\n<p><script>\n\t  window.fbAsyncInit = function() {\n\t\tFB.init({\n\t\t  appId: '1855843514662870',\n\t\t  status : true, \/\/ check login status\n\t\t  cookie : true, \/\/ enable cookies to allow the server to access the session\n\t\t  xfbml  : true  \/\/ parse XFBML\n\t\t});\n\t  };<\/p>\n<p>\t  (function() {\n\t\tvar e = document.createElement('script');\n\t\te.src=\"https:\/\/connect.facebook.net\/tr_TR\/all.js\";\n\t\te.async = true;\n\t\tdocument.getElementById('fb-root').appendChild(e);\n\t  }());\n    <\/script><br \/>\n<br \/><br \/>\n<br \/><a href=\"https:\/\/www.aa.com.tr\/tr\/ekonomi\/gebze-osb-darica-sahil-metro-hattinda-ilk-ray-kaynagi-yapildi\/2951277\">Source link <\/a><\/p>\n","protected":false},"excerpt":{"rendered":"<p>Ula\u015ft\u0131rma ve Altyap\u0131 Bakanl\u0131\u011f\u0131 Altyap\u0131 Yat\u0131r\u0131mlar\u0131 Genel M\u00fcd\u00fcr\u00fc Yal\u00e7\u0131n Eyig\u00fcn, &#8220;Metronun sadece g\u00f6r\u00fcnen arac\u0131n\u0131 yerlile\u015ftirmek de\u011fil, metronun kendisini yerlile\u015ftirmek anlam\u0131nda son 20 y\u0131lda \u00e7ok uzun mesafe kat etti\u011fimizi m\u00fc\u015fahede ediyoruz.&#8221; dedi. Eyig\u00fcn, Ula\u015ft\u0131rma ve Altyap\u0131 Bakan\u0131 Abdulkadir Uralo\u011flu&#8217;nun kat\u0131l\u0131m\u0131yla d\u00fczenlenen Gebze OSB-Dar\u0131ca Sahil Metro Hatt\u0131 Ray Kaynak T\u00f6reni&#8217;nde, bug\u00fcn itibar\u0131yla yap\u0131m\u0131 devam eden 102 kilometre [&hellip;]<\/p>\n","protected":false},"author":1,"featured_media":9915,"comment_status":"","ping_status":"","sticky":false,"template":"","format":"standard","meta":[],"categories":[44],"tags":[],"_links":{"self":[{"href":"https:\/\/kraios.app\/news\/wp-json\/wp\/v2\/posts\/9914"}],"collection":[{"href":"https:\/\/kraios.app\/news\/wp-json\/wp\/v2\/posts"}],"about":[{"href":"https:\/\/kraios.app\/news\/wp-json\/wp\/v2\/types\/post"}],"author":[{"embeddable":true,"href":"https:\/\/kraios.app\/news\/wp-json\/wp\/v2\/users\/1"}],"replies":[{"embeddable":true,"href":"https:\/\/kraios.app\/news\/wp-json\/wp\/v2\/comments?post=9914"}],"version-history":[{"count":0,"href":"https:\/\/kraios.app\/news\/wp-json\/wp\/v2\/posts\/9914\/revisions"}],"wp:featuredmedia":[{"embeddable":true,"href":"https:\/\/kraios.app\/news\/wp-json\/wp\/v2\/media\/9915"}],"wp:attachment":[{"href":"https:\/\/kraios.app\/news\/wp-json\/wp\/v2\/media?parent=9914"}],"wp:term":[{"taxonomy":"category","embeddable":true,"href":"https:\/\/kraios.app\/news\/wp-json\/wp\/v2\/categories?post=9914"},{"taxonomy":"post_tag","embeddable":true,"href":"https:\/\/kraios.app\/news\/wp-json\/wp\/v2\/tags?post=9914"}],"curies":[{"name":"wp","href":"https:\/\/api.w.org\/{rel}","templated":true}]}}