{"id":9902,"date":"2023-07-22T02:19:44","date_gmt":"2023-07-22T02:19:44","guid":{"rendered":"https:\/\/kraios.app\/news\/ekonomi\/2023\/07\/22\/is-dunyasi-temsilcileri-dolmabahcedeki-is-dunyasi-temsilcileri-ile-istisare-toplantisini-degerlendirdi\/"},"modified":"2023-07-22T02:19:44","modified_gmt":"2023-07-22T02:19:44","slug":"is-dunyasi-temsilcileri-dolmabahcedeki-is-dunyasi-temsilcileri-ile-istisare-toplantisini-degerlendirdi","status":"publish","type":"post","link":"https:\/\/kraios.app\/news\/ekonomi\/2023\/07\/22\/is-dunyasi-temsilcileri-dolmabahcedeki-is-dunyasi-temsilcileri-ile-istisare-toplantisini-degerlendirdi\/","title":{"rendered":"\u0130\u015f d\u00fcnyas\u0131 temsilcileri, Dolmabah\u00e7e&#8217;deki \u0130\u015f D\u00fcnyas\u0131 Temsilcileri ile \u0130sti\u015fare Toplant\u0131s\u0131&#8217;n\u0131 de\u011ferlendirdi"},"content":{"rendered":"<p> <br \/>\n<\/p>\n<div>\n<p>Cevdet Y\u0131lmaz, Dolmabah\u00e7e \u00c7al\u0131\u015fma Ofisi&#8217;nde d\u00fczenlenen \u0130\u015f D\u00fcnyas\u0131 Temsilcileri ile \u0130sti\u015fare Toplant\u0131s\u0131&#8217;na kat\u0131ld\u0131. Bas\u0131na kapal\u0131 ger\u00e7ekle\u015ftirilen ve yakla\u015f\u0131k 3 saat s\u00fcren toplant\u0131n\u0131n ard\u0131ndan i\u015f d\u00fcnyas\u0131 temsilcileri, gazetecilere a\u00e7\u0131klamalarda bulundu.<\/p>\n<p>\u0130stanbul Ticaret Odas\u0131 (\u0130TO) Ba\u015fkan\u0131 \u015eekib Avdagi\u00e7, \u00e7ok verimli bir toplant\u0131 yapt\u0131klar\u0131n\u0131 ifade ederek, &#8220;T\u00fcrk i\u015f d\u00fcnyas\u0131n\u0131n g\u00fcnl\u00fck baz\u0131 beklentileri var, problemleri var, \u00e7\u00f6z\u00fcm bekleyen hususlar\u0131 var. Bunlar\u0131n hepsini \u00e7ok a\u00e7\u0131k ve net bir \u015fekilde kendileriyle payla\u015ft\u0131k. Cumhurba\u015fkan\u0131 Yard\u0131mc\u0131m\u0131z\u0131n da zaten \u00e7ok \u00f6nemli bir ekonomi ge\u00e7mi\u015fi var. Dolay\u0131s\u0131yla bu konular\u0131 \u00e7ok yak\u0131ndan takip etme, alg\u0131layabilme ve h\u0131zl\u0131 \u00e7\u00f6z\u00fcm \u00fcretme konusunda ciddi bir birikimi var. O anlamda bug\u00fcn g\u00fcndeme gelen konularla ilgili \u00e7ok do\u011fru ve sonu\u00e7 odakl\u0131 analizler yapma imkan\u0131 bulduk.&#8221; dedi.<\/p>\n<p>Toplant\u0131da g\u00fcndemlerindeki en \u00f6nemli konular\u0131n ba\u015f\u0131nda finansmana ula\u015f\u0131m\u0131n geldi\u011fini vurgulayan Avdagi\u00e7, \u015funlar\u0131 kaydetti:<\/p>\n<p>&#8220;\u00d6zellikle bu konu bir\u00e7ok kurum ba\u015fkan\u0131 taraf\u0131ndan, ben dahil, g\u00fcndeme getirildi. \u00dcmit ediyoruz ki \u00f6n\u00fcm\u00fczdeki d\u00f6nemlerde hem TCMB hem de di\u011fer kurumlar\u0131n yapaca\u011f\u0131 d\u00fczenlemelerle i\u015f d\u00fcnyas\u0131n\u0131n \u015fu anda en \u00f6nemli ihtiyac\u0131 olan finansmana eri\u015fim konusunda h\u0131zl\u0131 bir etkide ad\u0131mlar at\u0131lacakt\u0131r. Onun d\u0131\u015f\u0131nda \u00f6zellikle ihracat\u0131n artt\u0131r\u0131lmas\u0131, sanayi politikalar\u0131n geli\u015ftirilmesi, istihdamla ilgili s\u00fcre\u00e7lerin g\u00f6zden ge\u00e7irilmesi gibi konular, yabanc\u0131 sermayenin daha h\u0131zl\u0131 ve etkin \u015fekilde T\u00fcrkiye&#8217;ye gelmesi konusu \u00f6nemli g\u00fcndem ba\u015fl\u0131klar\u0131yd\u0131. Dolay\u0131s\u0131yla zaten \u015fu anda g\u00fcndemimizde olan b\u00fct\u00fcn konular\u0131 detayl\u0131 bir \u015fekilde t\u00fcm ba\u015fkanlar olarak g\u00fcndeme getirme imkan\u0131 bulduk. Bu toplant\u0131n\u0131n devam edece\u011fi konusunda kendilerinden de bilgi ald\u0131k.&#8221; <\/p>\n<p>Avdagi\u00e7, yat\u0131r\u0131m ortam\u0131n\u0131n iyile\u015ftirilmesi ile ilgili kurullar\u0131n toplanaca\u011f\u0131n\u0131n, bug\u00fcne kadar son d\u00f6nemde \u00e7ok fazla yap\u0131lmayan, ekonomik akt\u00f6rlerle devlet yetkililerini bir araya getiren toplant\u0131lar\u0131n da yap\u0131lacak olmas\u0131n\u0131n ve devam etmesinin kendilerini \u00fcmitlendirdi\u011fini ifade ederek, &#8220;Dolay\u0131s\u0131yla \u00fcmit ediyoruz ki g\u00fcndeme gelen bu konular h\u0131zl\u0131ca \u00e7\u00f6z\u00fcm bulacak ve i\u015f d\u00fcnyas\u0131n\u0131n beklentileri de kademe kademe kar\u015f\u0131lanm\u0131\u015f olacakt\u0131r.&#8221; dedi.<\/p>\n<h3>&#8220;Toplant\u0131da sadece sorunlar\u0131 de\u011fil, \u00f6nerilerimizi de dile getirdik&#8221;<\/h3>\n<p>D\u0131\u015f Ekonomik \u0130li\u015fkiler Kurulu (DE\u0130K) Ba\u015fkan\u0131 Nail Olpak da toplant\u0131n\u0131n konusunun eyl\u00fcl ay\u0131nda a\u00e7\u0131klanmas\u0131 beklenen Orta Vadeli Plan ve \u0130stanbul oldu\u011funu s\u00f6yledi.<\/p>\n<p>Bu s\u00fcre\u00e7ler i\u00e7erisinde sorunlar\u0131n varl\u0131\u011f\u0131ndan haberdar olmak ve bunlar\u0131 \u00e7\u00f6zmek durumunda olduklar\u0131n\u0131 belirten Olpak, devamla \u015fu de\u011ferlendirmelerde bulundu:<\/p>\n<p>&#8220;Kamusuyla, i\u015f d\u00fcnyas\u0131yla, i\u015fvereniyle hep birlikte \u00e7\u00f6zmek durumunday\u0131z. Ama di\u011fer taraftan da f\u0131rsatlara odaklanmam\u0131z laz\u0131m. Toplant\u0131da sadece sorunlar\u0131 de\u011fil, \u00f6nerilerimizi de dile getirdik. &#8216;Peki ne var?&#8217; denildi\u011finde ben genelde \u015fu ifadeyi kullanmay\u0131 tercih ediyorum; T\u00fcrk i\u015f d\u00fcnyas\u0131n\u0131n \u015fu anda ihtiya\u00e7lar\u0131n\u0131n ba\u015f\u0131nda \u00f6ng\u00f6r\u00fclebilirlik var. Yani ekonomi bir beklenti y\u00f6netimidir. Beklentilerinize g\u00f6re \u015fah\u0131slar\u0131m\u0131z da, sizler de, bizler de, firmalar\u0131m\u0131z da harcama yapar ya da yat\u0131r\u0131m yapar\u0131z veya tasarrufta bulunuruz. Bu beklenti y\u00f6netimini do\u011fru g\u00f6t\u00fcrebilirsek \u00f6ng\u00f6r\u00fclebilirli\u011fi, ekonomi y\u00f6netimimiz ki \u015fu ana kadar bu tabloyu g\u00fczel bir \u015fekilde y\u00f6netiyor. \u00d6rnek olarak, Merkez Bankas\u0131 Ba\u015fkan\u0131m\u0131zla Hazine ve Maliye Bakan\u0131m\u0131z\u0131n birlikte verdi\u011fi foto\u011fraf\u0131 \u00f6nemsiyoruz.&#8221;<\/p>\n<p>Olpak, toplant\u0131da ayr\u0131ca ye\u015fil d\u00f6n\u00fc\u015f\u00fcm, depremin mali sonu\u00e7lar\u0131n\u0131n nas\u0131l bertaraf edilebilece\u011fi, AB ile ili\u015fkilerde at\u0131lmas\u0131 gereken ad\u0131mlar, i\u015f d\u00fcnyas\u0131na d\u00fc\u015fen g\u00f6revlerin de de\u011ferlendirildi\u011fini belirterek, &#8220;A\u00e7\u0131k u\u00e7lu ve isti\u015farede her \u015feyin konu\u015fulabildi\u011fi bir toplant\u0131 olmas\u0131 bizim a\u00e7\u0131m\u0131zdan \u00f6nemliydi.&#8221; dedi.<\/p>\n<h3>&#8220;\u0130\u015f d\u00fcnyas\u0131 olarak ya\u015fad\u0131\u011f\u0131m\u0131z problemleri anlatma f\u0131rsat\u0131 bulduk&#8221;<\/h3>\n<p>T\u00fcrkiye \u0130hracat\u00e7\u0131lar Meclisi (T\u0130M) Ba\u015fkan\u0131 Mustafa G\u00fcltepe ise bug\u00fcn \u00f6nemli ve g\u00fczel bir toplant\u0131 oldu\u011funu dile getirerek, &#8220;Cumhurba\u015fkan\u0131 Yard\u0131mc\u0131s\u0131 Y\u0131lmaz, bug\u00fcn ve gelecekle ilgili ya\u015fam\u0131\u015f oldu\u011fumuz sorunlar\u0131, plan ve projeksiyonlar\u0131, fikirlerimizi dinledi. Eyl\u00fcl ay\u0131nda a\u00e7\u0131klanacak olan Orta Vadeli Plan&#8217;da nelere dikkat edilmesi gerekti\u011fini aktard\u0131k. Plan ve program yap\u0131l\u0131rken \u00e7ok daha az hata yap\u0131larak ve b\u00fct\u00fcn sekt\u00f6rlere dokunarak yap\u0131lmas\u0131nda \u00e7ok b\u00fcy\u00fck fayda olaca\u011f\u0131n\u0131 d\u00fc\u015f\u00fcn\u00fcyoruz. \u0130sti\u015fare ve orta ak\u0131l, T\u00fcrkiye&#8217;nin gelece\u011fine damgas\u0131n\u0131 vuracak olan \u00e7al\u0131\u015fma sistemidir.&#8221; ifadelerini kulland\u0131.<\/p>\n<p>&#8211; &#8220;B\u00fct\u00fcn konu\u015fmac\u0131lar\u0131n s\u00f6yledikleri dikkatle not edildi&#8221;<\/p>\n<p>M\u00fcstakil Sanayici ve \u0130\u015fadamlar\u0131 Derne\u011fi (M\u00dcS\u0130AD) Genel Ba\u015fkan\u0131 Mahmut Asmal\u0131, toplant\u0131n\u0131n \u00e7ok faydal\u0131 oldu\u011funu aktararak, &#8220;Cumhurba\u015fkan\u0131 Yard\u0131mc\u0131s\u0131 Y\u0131lmaz, eyl\u00fclde a\u00e7\u0131klanacak Orta Vadeli Program&#8217;la ilgili kamu ve \u00f6zel sekt\u00f6r\u00fcn d\u00fc\u015f\u00fcncelerini ald\u0131. 3,5 saate yak\u0131n bir toplant\u0131 oldu. \u00c7ok faydal\u0131 konular konu\u015fuldu. B\u00fct\u00fcn konu\u015fmac\u0131lar\u0131n s\u00f6yledikleri dikkatle not edildi.&#8221; dedi.<\/p>\n<p>Depremde ya\u015fan\u0131lan s\u0131k\u0131nt\u0131lar ve se\u00e7im \u00f6ncesi verilen s\u00f6zlerle beraber kamunun b\u00fcy\u00fck bir y\u00fck\u00fcn alt\u0131na girdi\u011fini, bunun da &#8220;sosyal dayan\u0131\u015fma gere\u011fi b\u00fct\u00fcn kesimlerce adil bir \u015fekilde payla\u015f\u0131lmas\u0131n\u0131n do\u011fru oldu\u011funu&#8221; s\u00f6ylediklerini ifade eden Asmal\u0131, \u015funlar\u0131 kaydetti:<\/p>\n<p>&#8220;Bu kapsamda da &#8216;artt\u0131r\u0131lan vergilerin do\u011fal kar\u015f\u0131lanmas\u0131&#8217; gerekti\u011fini s\u00f6yledik. B\u00fct\u00fcn bunlar\u0131 yaparken de kapsaml\u0131 bir vergi reformuna ihtiya\u00e7 oldu\u011funu kendilerine ifade ettik. Kendisi de not ald\u0131. \u00c7ok kazanan\u0131n \u00e7ok vergi \u00f6dedi\u011fi, az kazanan\u0131n az vergi \u00f6dedi\u011fi, dolayl\u0131 vergilerden ziyade do\u011frudan vergilerin olmas\u0131 gerekti\u011fini ifade ettik. Kendileri de b\u00f6yle bir vergi reformunun yap\u0131lmas\u0131 gerekti\u011fini iletti. Yerel se\u00e7imden sonra 4 y\u0131ll\u0131k se\u00e7imsiz bir d\u00f6nem i\u00e7in T\u00fcrkiye&#8217;nin \u00e7ok b\u00fcy\u00fck bir f\u0131rsat penceresi aralayaca\u011f\u0131n\u0131, T\u00fcrkiye&#8217;nin milli geliri y\u00fcksek \u00fclkeler stat\u00fcs\u00fcne girmesi i\u00e7in \u00e7ok \u00e7al\u0131\u015fmas\u0131 gerekti\u011fini, \u00f6zellikle bu 4 senenin ilk 2 y\u0131l\u0131n\u0131n \u00e7ok \u00f6nemli oldu\u011fundan bahsetti. Sosyal ve ekonomik konsey toplant\u0131lar\u0131n\u0131n yeniden ba\u015flayabilece\u011fini s\u00f6yledi. 15 A\u011fustos&#8217;ta Yat\u0131r\u0131m Ortam\u0131n\u0131 \u0130yile\u015ftirme Koordinasyon Kurulu toplant\u0131s\u0131na bizleri \u00e7a\u011f\u0131rd\u0131. Bu manada \u00e7ok verimli, \u00e7ok kapsaml\u0131 bir g\u00f6r\u00fc\u015fme oldu.<\/p>\n<p>\u0130\u015f d\u00fcnyas\u0131 olarak sekt\u00f6rde \u015fu anda ya\u015fad\u0131\u011f\u0131m\u0131z problemleri de anlatma f\u0131rsat\u0131 bulduk. Bunlar\u0131n da en ba\u015f\u0131nda finansmana eri\u015fim problemi geliyor. Hemen hemen her konu\u015fmac\u0131 bunu dile getirdi. Kredi musluklar\u0131n\u0131n aniden k\u0131s\u0131lmas\u0131n\u0131n ayn\u0131 zamanda durgunlu\u011fa yol a\u00e7aca\u011f\u0131n\u0131, bunun farkl\u0131 sonu\u00e7lar\u0131 olaca\u011f\u0131n\u0131, ge\u00e7i\u015fin \u00e7ok sert olmamas\u0131 gerekti\u011fini ifade ettik. Birka\u00e7 ay sonra \u00f6zellikle finansmana eri\u015fim konusunda sanayicilere, yat\u0131r\u0131mc\u0131lara m\u00fcjdeler verebilece\u011fini s\u00f6yledi.&#8221;<\/p>\n<p>TESK Genel Ba\u015fkan\u0131 Bendevi Paland\u00f6ken de fiyat art\u0131\u015flar\u0131n\u0131n giderilmesiyle ilgili perakende yasas\u0131n\u0131n \u00e7\u0131kar\u0131lmas\u0131, kurallar\u0131n konulmas\u0131 gerekti\u011fini, kural konulmad\u0131\u011f\u0131 s\u00fcrece fiyatlar\u0131n d\u00fc\u015fmeyece\u011fini ifade ettiklerini aktararak, &#8220;Ba\u015fta temizlik \u00fcr\u00fcnleri olmak \u00fczere g\u0131da maddelerindeki \u00d6TV&#8217;nin tekrar eski hale getirilmesi, KDV&#8217;nin d\u00fc\u015f\u00fcr\u00fclmesiyle ilgili taleplerimizi bildirdik.&#8221; dedi.<\/p>\n<p>                            <span class=\"detay-foto-editor\">&#13;<br \/>\n                                <a href=\"https:\/\/www.aa.com.tr\/tr\/p\/abonelik-talep-formu\/1001\" target=\"_blank\" style=\"font-size:12px; color:#444; text-decoration:none;\" rel=\"noopener\">&#13;<br \/>\n                                    Anadolu Ajans\u0131 web sitesinde, AA Haber Ak\u0131\u015f Sistemi (HAS) \u00fczerinden abonelere sunulan haberler, \u00f6zetlenerek yay\u0131mlanmaktad\u0131r. <b style=\"color:#1897F7\">Abonelik i\u00e7in l\u00fctfen ileti\u015fime ge\u00e7iniz.<\/b>&#13;<br \/>\n                                <\/a>&#13;<br \/>\n                            <\/span>\n                        <\/div>\n<p><script>\n\t  window.fbAsyncInit = function() {\n\t\tFB.init({\n\t\t  appId: '1855843514662870',\n\t\t  status : true, \/\/ check login status\n\t\t  cookie : true, \/\/ enable cookies to allow the server to access the session\n\t\t  xfbml  : true  \/\/ parse XFBML\n\t\t});\n\t  };<\/p>\n<p>\t  (function() {\n\t\tvar e = document.createElement('script');\n\t\te.src=\"https:\/\/connect.facebook.net\/tr_TR\/all.js\";\n\t\te.async = true;\n\t\tdocument.getElementById('fb-root').appendChild(e);\n\t  }());\n    <\/script><br \/>\n<br \/><br \/>\n<br \/><a href=\"https:\/\/www.aa.com.tr\/tr\/ekonomi\/is-dunyasi-temsilcileri-dolmabahcedeki-is-dunyasi-temsilcileri-ile-istisare-toplantisini-degerlendirdi\/2951337\">Source link <\/a><\/p>\n","protected":false},"excerpt":{"rendered":"<p>Cevdet Y\u0131lmaz, Dolmabah\u00e7e \u00c7al\u0131\u015fma Ofisi&#8217;nde d\u00fczenlenen \u0130\u015f D\u00fcnyas\u0131 Temsilcileri ile \u0130sti\u015fare Toplant\u0131s\u0131&#8217;na kat\u0131ld\u0131. Bas\u0131na kapal\u0131 ger\u00e7ekle\u015ftirilen ve yakla\u015f\u0131k 3 saat s\u00fcren toplant\u0131n\u0131n ard\u0131ndan i\u015f d\u00fcnyas\u0131 temsilcileri, gazetecilere a\u00e7\u0131klamalarda bulundu. \u0130stanbul Ticaret Odas\u0131 (\u0130TO) Ba\u015fkan\u0131 \u015eekib Avdagi\u00e7, \u00e7ok verimli bir toplant\u0131 yapt\u0131klar\u0131n\u0131 ifade ederek, &#8220;T\u00fcrk i\u015f d\u00fcnyas\u0131n\u0131n g\u00fcnl\u00fck baz\u0131 beklentileri var, problemleri var, \u00e7\u00f6z\u00fcm bekleyen hususlar\u0131 [&hellip;]<\/p>\n","protected":false},"author":1,"featured_media":9903,"comment_status":"","ping_status":"","sticky":false,"template":"","format":"standard","meta":[],"categories":[44],"tags":[],"_links":{"self":[{"href":"https:\/\/kraios.app\/news\/wp-json\/wp\/v2\/posts\/9902"}],"collection":[{"href":"https:\/\/kraios.app\/news\/wp-json\/wp\/v2\/posts"}],"about":[{"href":"https:\/\/kraios.app\/news\/wp-json\/wp\/v2\/types\/post"}],"author":[{"embeddable":true,"href":"https:\/\/kraios.app\/news\/wp-json\/wp\/v2\/users\/1"}],"replies":[{"embeddable":true,"href":"https:\/\/kraios.app\/news\/wp-json\/wp\/v2\/comments?post=9902"}],"version-history":[{"count":0,"href":"https:\/\/kraios.app\/news\/wp-json\/wp\/v2\/posts\/9902\/revisions"}],"wp:featuredmedia":[{"embeddable":true,"href":"https:\/\/kraios.app\/news\/wp-json\/wp\/v2\/media\/9903"}],"wp:attachment":[{"href":"https:\/\/kraios.app\/news\/wp-json\/wp\/v2\/media?parent=9902"}],"wp:term":[{"taxonomy":"category","embeddable":true,"href":"https:\/\/kraios.app\/news\/wp-json\/wp\/v2\/categories?post=9902"},{"taxonomy":"post_tag","embeddable":true,"href":"https:\/\/kraios.app\/news\/wp-json\/wp\/v2\/tags?post=9902"}],"curies":[{"name":"wp","href":"https:\/\/api.w.org\/{rel}","templated":true}]}}