{"id":9892,"date":"2023-07-21T23:44:13","date_gmt":"2023-07-21T23:44:13","guid":{"rendered":"https:\/\/kraios.app\/news\/gundem\/2023\/07\/21\/cesmede-makilik-alanda-cikan-yangina-mudahale-ediliyor\/"},"modified":"2023-07-21T23:44:13","modified_gmt":"2023-07-21T23:44:13","slug":"cesmede-makilik-alanda-cikan-yangina-mudahale-ediliyor","status":"publish","type":"post","link":"https:\/\/kraios.app\/news\/gundem\/2023\/07\/21\/cesmede-makilik-alanda-cikan-yangina-mudahale-ediliyor\/","title":{"rendered":"\u00c7e\u015fme&#039;de makilik alanda \u00e7\u0131kan yang\u0131na m\u00fcdahale ediliyor"},"content":{"rendered":"<p>\u0130zmir&#8217;in \u00c7e\u015fme il\u00e7esinde s\u00f6nd\u00fcrme \u00e7al\u0131\u015fmalar\u0131n\u0131n s\u00fcrd\u00fc\u011f\u00fc makilik alandaki yang\u0131n\u0131 \u00e7\u0131kard\u0131\u011f\u0131 iddias\u0131yla bir ki\u015fi g\u00f6zalt\u0131na al\u0131nd\u0131.<\/p>\n","protected":false},"excerpt":{"rendered":"<p>\u0130zmir&#8217;in \u00c7e\u015fme il\u00e7esinde s\u00f6nd\u00fcrme \u00e7al\u0131\u015fmalar\u0131n\u0131n s\u00fcrd\u00fc\u011f\u00fc makilik alandaki yang\u0131n\u0131 \u00e7\u0131kard\u0131\u011f\u0131 iddias\u0131yla bir ki\u015fi g\u00f6zalt\u0131na al\u0131nd\u0131.<\/p>\n","protected":false},"author":1,"featured_media":9893,"comment_status":"","ping_status":"","sticky":false,"template":"","format":"standard","meta":[],"categories":[1],"tags":[],"_links":{"self":[{"href":"https:\/\/kraios.app\/news\/wp-json\/wp\/v2\/posts\/9892"}],"collection":[{"href":"https:\/\/kraios.app\/news\/wp-json\/wp\/v2\/posts"}],"about":[{"href":"https:\/\/kraios.app\/news\/wp-json\/wp\/v2\/types\/post"}],"author":[{"embeddable":true,"href":"https:\/\/kraios.app\/news\/wp-json\/wp\/v2\/users\/1"}],"replies":[{"embeddable":true,"href":"https:\/\/kraios.app\/news\/wp-json\/wp\/v2\/comments?post=9892"}],"version-history":[{"count":0,"href":"https:\/\/kraios.app\/news\/wp-json\/wp\/v2\/posts\/9892\/revisions"}],"wp:featuredmedia":[{"embeddable":true,"href":"https:\/\/kraios.app\/news\/wp-json\/wp\/v2\/media\/9893"}],"wp:attachment":[{"href":"https:\/\/kraios.app\/news\/wp-json\/wp\/v2\/media?parent=9892"}],"wp:term":[{"taxonomy":"category","embeddable":true,"href":"https:\/\/kraios.app\/news\/wp-json\/wp\/v2\/categories?post=9892"},{"taxonomy":"post_tag","embeddable":true,"href":"https:\/\/kraios.app\/news\/wp-json\/wp\/v2\/tags?post=9892"}],"curies":[{"name":"wp","href":"https:\/\/api.w.org\/{rel}","templated":true}]}}