{"id":9888,"date":"2023-07-21T23:20:08","date_gmt":"2023-07-21T23:20:08","guid":{"rendered":"https:\/\/kraios.app\/news\/siyaset\/2023\/07\/21\/dunya-demokrasi-tarihi-bakimindan-ibretle-ornek-alinacak-bir-secimi-geride-biraktik\/"},"modified":"2023-07-21T23:20:08","modified_gmt":"2023-07-21T23:20:08","slug":"dunya-demokrasi-tarihi-bakimindan-ibretle-ornek-alinacak-bir-secimi-geride-biraktik","status":"publish","type":"post","link":"https:\/\/kraios.app\/news\/siyaset\/2023\/07\/21\/dunya-demokrasi-tarihi-bakimindan-ibretle-ornek-alinacak-bir-secimi-geride-biraktik\/","title":{"rendered":"D\u00fcnya demokrasi tarihi bak\u0131m\u0131ndan ibretle \u00f6rnek al\u0131nacak bir se\u00e7imi geride b\u0131rakt\u0131k"},"content":{"rendered":"<p><\/p>\n<div>\n<p>Kurtulmu\u015f, Fatsa il\u00e7esinde Organize Sanayi B\u00f6lgesi Toplu A\u00e7\u0131l\u0131\u015f Program\u0131&#8217;nda yapt\u0131\u011f\u0131 konu\u015fmada, 3 sanayi tesisinin a\u00e7\u0131l\u0131\u015f\u0131nda bulundu\u011fu i\u00e7in memnun oldu\u011funu s\u00f6yledi.<\/p>\n<p>Fabrikalar\u0131n kurulu\u015funda eme\u011fi ge\u00e7en y\u00f6neticilere te\u015fekk\u00fcr eden Kurtulmu\u015f, &#8220;Emekleri var olsun. \u0130n\u015fallah bu fabrikalar hay\u0131rl\u0131 r\u0131z\u0131k kap\u0131s\u0131 hay\u0131rl\u0131, bereketli, bol kazan\u00e7lar\u0131n ger\u00e7ekle\u015fti\u011fi bir istihdam kap\u0131s\u0131 olsun.&#8221; diye konu\u015ftu.<\/p>\n<p>Fatsa&#8217;daki Organize Sanayi B\u00f6lgesi&#8217;nde 8 bin 500 ki\u015finin istihdam edildi\u011fini ifade eden Kurtulmu\u015f, &#8220;\u0130n\u015fallah geni\u015fleme alanlar\u0131yla, yeni yat\u0131r\u0131mlar\u0131yla birlikte say\u0131n\u0131n 15 bine \u00e7\u0131kaca\u011f\u0131n\u0131 biliyoruz. \u015eimdiden bu yat\u0131r\u0131mlar\u0131 yapacak arkada\u015flar\u0131m\u0131za te\u015fekk\u00fcr ediyoruz.&#8221; diye konu\u015ftu.<\/p>\n<h3>&#8220;D\u00fcnya demokrasi tarihi bak\u0131m\u0131ndan ibretle \u00f6rnek al\u0131nacak bir se\u00e7imi geride b\u0131rakt\u0131k&#8221;<\/h3>\n<p>Kurtulmu\u015f, 14 May\u0131s Cumhurba\u015fkan\u0131 ve 28. D\u00f6nem Milletvekili Genel Se\u00e7imi&#8217;ne y\u00f6nelik yapt\u0131\u011f\u0131 de\u011ferlendirmesinde, \u015fu ifadelere yer verdi:<\/p>\n<p>&#8220;T\u00fcrkiye&#8217;de 2023 y\u0131l\u0131nda 2. turu 28 May\u0131s&#8217;ta tamamlanan se\u00e7imler hem 1. turu itibar\u0131yla, hem 2. turu itibar\u0131yla sadece T\u00fcrkiye&#8217;de izlenmedi d\u00fcnyan\u0131n d\u00f6rt bir taraf\u0131nda izlendi. B\u00fct\u00fcn \u00fclkeler, b\u00fct\u00fcn oradaki siyaset merkezleri, T\u00fcrkiye&#8217;nin 2023 se\u00e7iminin, d\u00fcnyan\u0131n 2023&#8217;teki en \u00f6nemli se\u00e7imi oldu\u011funun alt\u0131n\u0131 \u00e7izdiler. Kimisi dostane bir \u015fekilde T\u00fcrkiye&#8217;deki geli\u015fmeleri izledi, kimisi T\u00fcrkiye&#8217;nin nas\u0131l evrilece\u011fine ili\u015fkin baz\u0131 kayg\u0131lar\u0131n\u0131 ta\u015f\u0131yarak bu s\u00fcreci izledi ama ne olursa olsun sonu\u00e7ta T\u00fcrkiye&#8217;de ya\u015fad\u0131\u011f\u0131m\u0131z se\u00e7im, hep beraber ya\u015fad\u0131\u011f\u0131m\u0131z se\u00e7im, her alanda \u00f6rnek g\u00f6sterilecek bir se\u00e7im oldu.&#8221;<\/p>\n<p>Se\u00e7imlere ilk turda y\u00fczde 87\u2019nin \u00fcst\u00fcnde, 2. turda ise y\u00fczde 85\u2019in \u00fcst\u00fcnde rekor bir kat\u0131l\u0131m oldu\u011funun alt\u0131n\u0131 \u00e7izen Kurtulmu\u015f, \u015funlar\u0131 kaydetti:<\/p>\n<p>&#8220;Memleketin evlatlar\u0131, vatanda\u015flar\u0131m\u0131z oy veren se\u00e7menlerimiz demokrasi \u015f\u00f6leninin payda\u015f\u0131 oldu. Ayr\u0131ca sadece kat\u0131l\u0131m\u0131n y\u00fcksekli\u011fi dolay\u0131s\u0131yla de\u011fil, T\u00fcrkiye&#8217;nin her yerindeki se\u00e7im kampanyalar\u0131 s\u0131ras\u0131nda demokratik standartlar\u0131 \u00e7ok y\u00fcksek bir kampanya s\u00fcreci, d\u00fcnyaya \u00f6rnek olacak bir se\u00e7im s\u00fcrecinin geride b\u0131rak\u0131lmas\u0131na vesile oldu. Bundan dolay\u0131 bir kere daha sonucu ne olursa olsun 2023 y\u0131l\u0131nda ya\u015fad\u0131\u011f\u0131m\u0131z bu se\u00e7ime katk\u0131da bulunan b\u00fct\u00fcn yurtta\u015flar\u0131m\u0131za, b\u00fct\u00fcn se\u00e7menlerimize can\u0131 y\u00fcrekten te\u015fekk\u00fcr ediyoruz. T\u00fcrkiye demokrasi tarihi bak\u0131m\u0131ndan \u00f6rnek g\u00f6sterilecek bir se\u00e7imi d\u00fcnya demokrasi tarihi bak\u0131m\u0131ndan ibretle \u00f6rnek al\u0131nacak bir se\u00e7imi geride b\u0131rakt\u0131k.&#8221;<\/p>\n<p>Milletin se\u00e7imlerde Recep Tayyip Erdo\u011fan&#8217;\u0131 ikinci kez Cumhurba\u015fkan\u0131 se\u00e7erek T\u00fcrkiye&#8217;de g\u00fcven ve istikrar istikametinde y\u00fcr\u00fcy\u00fc\u015f\u00fcn devam ettirilmesi i\u00e7in karar\u0131n\u0131 ortaya koydu\u011funa vurgu yapan Kurtulmu\u015f, &#8220;Ayr\u0131ca 600 milletvekili arkada\u015f\u0131m\u0131z milletimizin oylar\u0131yla se\u00e7ilerek parlamentoya geldiler. Parlamento da \u015fu anda 15 partinin oldu\u011fu \u00e7ok sesli bir parlamento, 6 grubun oldu\u011fu \u00e7ok say\u0131da milletvekilinin grup \u00fcyesi olarak yer ald\u0131\u011f\u0131 bir parlamento s\u00f6z konusudur. Yani demokratik standartlar\u0131 yan\u0131nda demokratik kat\u0131l\u0131m\u0131n da temsil g\u00fcc\u00fcn\u00fcn de \u00e7ok y\u00fcksek oldu\u011fu bir parlamentoyu bu millet, T\u00fcrkiye B\u00fcy\u00fck Millet Meclisi&#8217;ne g\u00f6ndermi\u015ftir.&#8221; dedi.<\/p>\n<p>Kurtulmu\u015f, her meselede yekv\u00fccut olarak yola devam edeceklerine de\u011finerek, &#8220;Hep beraber tek tek b\u00fct\u00fcn illerimizin daha ileriye, daha yukar\u0131ya \u00e7\u0131kmas\u0131 i\u00e7in m\u00fccadele edece\u011fiz. Bug\u00fcn Alt\u0131nordu il\u00e7esindeydik. 8 Temmuz&#8217;daki sel ve heyelan felaketi sonras\u0131nda yap\u0131lan \u00e7al\u0131\u015fmalar\u0131 bir kere daha m\u00fczakere ettik. Allah&#8217;a \u00e7ok \u015f\u00fck\u00fcr o kadar b\u00fcy\u00fck bir felaket olmas\u0131na ra\u011fmen valili\u011fimiz, b\u00fcy\u00fck\u015fehir belediyemiz, il\u00e7e belediyelerimiz ve Ordu&#8217;daki b\u00fct\u00fcn kamu kurum ve kurulu\u015flar\u0131m\u0131z son derece y\u00fcksek bir koordinasyonla yaralar\u0131n sar\u0131lmas\u0131 i\u00e7in seferber oldular ve ba\u015far\u0131l\u0131 oldular.&#8221; diye konu\u015ftu.<\/p>\n<p>&#8220;T\u00fcrkiye ile birlikte hem b\u00f6lgemiz hem d\u00fcnya yeni bir d\u00f6nemin i\u00e7erisine girmi\u015ftir&#8221; diyen Kurtulmu\u015f, \u015f\u00f6yle devam etti:<\/p>\n<p>&#8220;D\u00fcnyadaki b\u00fct\u00fcn ekonomik ve siyasi dengeler denklemler, tabiri caizse yeniden kuruldu\u011fu bir d\u00f6nemin i\u00e7erisindeyiz. Hi\u00e7bir \u015fey bildi\u011fimiz \u015fekilde, al\u0131\u015ft\u0131\u011f\u0131m\u0131z \u015fekilde devam etmeyece\u011fi bir s\u00fcrecin i\u00e7erisine giriyoruz. \u00d6zellikle bu b\u00f6lgede T\u00fcrkiye i\u00e7in daha g\u00fc\u00e7l\u00fc olmak, yere daha sa\u011flam basmak ve daha b\u00fcy\u00fck hedefler etraf\u0131nda kenetlenmekten ba\u015fka inan\u0131n ba\u015fka hi\u00e7bir yol yoktur. Hele hele bizim gibi b\u00fcy\u00fck bir milletin vatan\u0131 olan bu aziz vatanda Sultan Alparslan bu vatan\u0131n kap\u0131lar\u0131n\u0131 a\u00e7arak bize yurt olarak tespit etti\u011fi, temin etti\u011fi g\u00fcnden itibaren hep hedeflerimiz ileriye do\u011fru olmu\u015ftur. Hi\u00e7bir zaman atalar\u0131m\u0131z 2 g\u00fcn\u00fcn\u00fc e\u015fit ge\u00e7irmemi\u015f, g\u00fcnlerini g\u00fcn etmemi\u015ftir. Hep m\u00fccadele i\u00e7inde olduk. As\u0131rlard\u0131r b\u00f6yle olduk ama hep bu m\u00fccadelenin \u00f6n\u00fcnde \u00f6n\u00fcm\u00fcze b\u00fcy\u00fck hedefler koyduk. S\u0131radan bir \u00fclke gibi esen r\u00fczgar\u0131n \u00f6n\u00fcnde, suyun \u00fcst\u00fcndeki saman \u00e7\u00f6p\u00fc gibi oradan oraya savrulmak bize yak\u0131\u015fmaz.&#8221;<\/p>\n<h3>&#8220;\u00d6n\u00fcm\u00fczdeki asr\u0131n s\u00f6z\u00fc g\u00fc\u00e7l\u00fc, g\u00fcc\u00fc tesirli bir T\u00fcrkiye&#8217;nin asr\u0131 olmas\u0131d\u0131r&#8221;<\/h3>\n<p>Cumhuriyet&#8217;in 2. asr\u0131n\u0131n her alanda g\u00fc\u00e7l\u00fc T\u00fcrkiye&#8217;nin asr\u0131 olaca\u011f\u0131n\u0131n alt\u0131n\u0131 \u00e7izen Kurtulmu\u015f, \u015funlar\u0131 belirtti:<\/p>\n<p>&#8220;Topu, t\u00fcfe\u011fi, kazmas\u0131, k\u00fcre\u011fi bile olmayan bu millet, atalar\u0131m\u0131z, dedelerimiz, Allah diyerek aya\u011fa kalkt\u0131 ve o k\u00fcllerin \u00fczerinden yeni T\u00fcrkiye&#8217;yi, T\u00fcrkiye Cumhuriyeti&#8217;ni kurdu. Allah&#8217;a \u00e7ok \u015f\u00fck\u00fcr, \u00e7ok badireler atlatt\u0131k, \u00e7ok zor zamanlardan ge\u00e7tik ama sonu\u00e7 itibariyle Cumhuriyetimizin birinci asr\u0131n\u0131 geride b\u0131rakt\u0131k. \u015eimdi \u00f6n\u00fcm\u00fczde Cumhuriyetimizin 2. asr\u0131 var. 2023 onun i\u00e7in s\u0131radan bir tarih de\u011fil, T\u00fcrkiye Cumhuriyeti Devleti tarihinin milad\u0131 olan \u00f6nemli d\u00f6n\u00fcm noktalar\u0131ndan birisidir. Sadece bir slogan olarak s\u00f6ylenmi\u015f de\u011fil, bir hedef olarak \u00f6n\u00fcm\u00fcze konulmu\u015f ve konulmas\u0131 gereken bir tarihtir. \u0130n\u015fallah Cumhuriyetimizin 2. asr\u0131 her alanda g\u00fc\u00e7l\u00fc T\u00fcrkiye&#8217;nin asr\u0131 olacakt\u0131r. E\u011fitimden sanayiye kadar uluslararas\u0131 ili\u015fkilerden, toplumsal yap\u0131n\u0131n g\u00fc\u00e7lendirilmesine kadar sa\u011fl\u0131ktan, \u00e7evre alan\u0131ndaki at\u0131l\u0131mlar\u0131m\u0131za kadar hangi alan akl\u0131m\u0131za geliyorsa hep en iyisi, en ilerisi, en yukar\u0131s\u0131ndakini ger\u00e7ekle\u015ftirmek mecburiyetindeyiz.&#8221;<\/p>\n<p>T\u00fcrkiye&#8217;nin gayretle \u00f6n\u00fcne koydu\u011fu hedef i\u00e7in \u00e7al\u0131\u015ft\u0131\u011f\u0131na vurgu yapan Kurtulmu\u015f, &#8220;\u00d6n\u00fcm\u00fczdeki asr\u0131n s\u00f6z\u00fc g\u00fc\u00e7l\u00fc, g\u00fcc\u00fc tesirli bir T\u00fcrkiye&#8217;nin asr\u0131 olmas\u0131d\u0131r. S\u00f6z\u00fc g\u00fc\u00e7l\u00fc, g\u00fcc\u00fc tesirli T\u00fcrkiye. S\u00f6z\u00fcn g\u00fc\u00e7l\u00fc olmas\u0131 iyi bir \u015feydir. S\u00f6z\u00fcn\u00fcz g\u00fc\u00e7l\u00fc olursa tesir eder ama s\u00f6z\u00fcm \u00f6zellikle bug\u00fcnk\u00fc d\u00fcnyada uluslararas\u0131 alanda T\u00fcrkiye&#8217;nin kendi hedeflerini kendi tezlerini g\u00fc\u00e7l\u00fc bir \u015fekilde ger\u00e7ekle\u015ftirebilmesi i\u00e7in g\u00fc\u00e7l\u00fc s\u00f6z\u00fcn\u00fcn arkas\u0131na tesirli bir g\u00fcc\u00fc koymas\u0131 gerekir. Milli savunmadan i\u015fte bu sanayi tesislerine.&#8221; de\u011ferlendirmesinde bulundu.<\/p>\n<p>\u00dcretim, sanayi, e\u011fitimim ba\u015fta olmak \u00fczere her alanda daha ileriye gideceklerinin alt\u0131n\u0131 \u00e7izen Kurtulmu\u015f, \u015f\u00f6yle devam etti:<\/p>\n<p>&#8220;Birlik i\u00e7erisinde olaca\u011f\u0131z. Beraberlik i\u00e7erisinde olaca\u011f\u0131z. 2 g\u00fcn\u00fc e\u015fit olmayaca\u011f\u0131z. Hep ileriye do\u011fru hedefimizi koyaca\u011f\u0131z ve Allah&#8217;a \u00e7ok \u015f\u00fck\u00fcr bu millet \u00f6n\u00fcne koydu\u011fu b\u00fct\u00fcn hedefleri ger\u00e7ekle\u015ftirmi\u015f bir millettir Bu milletle, bu yeni hedeflerimizi ger\u00e7ekle\u015ftirece\u011fiz. \u00dcmit ediyorum, dua ediyorum, arzu ediyorum ve hep beraber hepimiz bunun i\u00e7in \u00e7al\u0131\u015f\u0131yoruz. Gayret ediyoruz ki belki biz g\u00f6rmesek bile bizden sonraki \u00e7ocuklar\u0131m\u0131z, torunlar\u0131m\u0131z T\u00fcrkiye&#8217;nin \u00e7ok daha g\u00fc\u00e7l\u00fc bir \u00fclke oldu\u011funu, t\u00fcm T\u00fcrkiye&#8217;nin s\u00f6z\u00fcn\u00fcn d\u00fcnya sistemine nizam veren, intizam veren hizalayan s\u00f6zler oldu\u011funa \u015fahit olacakt\u0131r. Bu inan\u00e7la y\u00fcr\u00fcyece\u011fiz.&#8221;<\/p>\n<p>B\u00fcy\u00fck T\u00fcrkiye, g\u00fc\u00e7l\u00fc T\u00fcrkiye, T\u00fcrkiye y\u00fczy\u0131l\u0131 derken sadece bir hikaye anlatmad\u0131klar\u0131n\u0131 ifade eden Kurtulmu\u015f, &#8220;Sadece bir hedeften bahsetmiyoruz. \u0130\u00e7imiz yanarak beynimizin b\u00fct\u00fcn h\u00fccrelerine kadar m\u00fccadele ederek, d\u00fc\u015f\u00fcnerek bu \u00fclkeyi nas\u0131l daha g\u00fc\u00e7l\u00fc hale getirece\u011fiz, onun \u00e7al\u0131\u015fmas\u0131n\u0131 yap\u0131yoruz. Sen-ben diyerek ayr\u0131l\u0131k \u00f6tekile\u015ftirmek \u00fczerinden de\u011fil, biz diyerek b\u00fct\u00fcnle\u015ftirerek yolumuza devam ediyoruz. Allah izin verirse daha g\u00fc\u00e7l\u00fc T\u00fcrkiye olaca\u011f\u0131z. Bunun yolu da tek tek \u015fehirlerimizin g\u00fc\u00e7l\u00fc olmas\u0131ndan ge\u00e7iriyor.&#8221;<\/p>\n<p>Kurtulmu\u015f, konu\u015fman\u0131n ard\u0131ndan, beraberindekilerle birlikte tesislerin a\u00e7\u0131l\u0131\u015f\u0131n\u0131 ger\u00e7ekle\u015ftirdi.<\/p>\n<h3>&#8220;Daha b\u00fcy\u00fck bir \u00fclke olmak i\u00e7in m\u00fccadele edece\u011fiz&#8221;<\/h3>\n<p>Kurtulmu\u015f, \u00dcnye il\u00e7esinde \u00dcnye Belediyesi Binicilik Tesisleri&#8217;nde d\u00fczenlenen toplu a\u00e7\u0131l\u0131\u015f t\u00f6reninde yapt\u0131\u011f\u0131 konu\u015fmada ise T\u00fcrkiye olarak fevkalade g\u00fczel bir s\u00fcrecin ba\u015f\u0131nda olduklar\u0131n\u0131 s\u00f6yledi.<\/p>\n<p>T\u00fcrkiye&#8217;nin \u015fu ana kadar her alanda s\u00fcrd\u00fcrd\u00fc\u011f\u00fc at\u0131l\u0131mlar\u0131n\u0131 daha da g\u00fc\u00e7lendirerek bu y\u00fcr\u00fcy\u00fc\u015f\u00fcne devam edece\u011fini ifade eden Kurtulmu\u015f, bunun i\u00e7in hi\u00e7 bir ayr\u0131m g\u00f6zetmeksizin, \u00fclkeye hizmet eden b\u00fct\u00fcn insanlar\u0131n i\u015flerini en iyi \u015fekilde yapabilmesinin bu i\u015fin asl\u0131 oldu\u011funu vurgulad\u0131.<\/p>\n<p>Kurtulmu\u015f, se\u00e7imlerin geride kald\u0131\u011f\u0131n\u0131 kaydederek, \u015f\u00f6yle devam etti:<\/p>\n<p>&#8220;Milletimiz demokrasinin sahibi olarak, demokrasinin tek hakemi ve hakimi olarak karar\u0131n\u0131 verdi, say\u0131n Cumhurba\u015fkan\u0131m\u0131z\u0131 ikinci d\u00f6nem i\u00e7in yeniden Cumhurba\u015fkanl\u0131\u011f\u0131 sisteminin Cumhurba\u015fkan\u0131 olarak se\u00e7ti, parlamentoda da 600 milletvekilini, milletvekili olarak g\u00f6revlendirdi, se\u00e7ti. Ben bu d\u00f6nemin \u00fclkemiz i\u00e7in hay\u0131rl\u0131, u\u011furlu olmas\u0131n\u0131 temenni ediyorum. Ard\u0131ndan T\u00fcrkiye B\u00fcy\u00fck Millet Meclisi Ba\u015fkanl\u0131\u011f\u0131 se\u00e7imi yap\u0131ld\u0131, Ba\u015fkanl\u0131k divan\u0131 se\u00e7imi yap\u0131ld\u0131 ve b\u00fct\u00fcn arkada\u015flar\u0131m\u0131z h\u00fckumetle birlikte herkes milletin verdi\u011fi ruhsat\u0131 kullanarak, milletin verdi\u011fi icazeti kullanarak, milletin g\u00f6revlendirmesine uyarak g\u00f6revlerini ald\u0131lar ve \u00e7al\u0131\u015fmaya har\u0131l har\u0131l ba\u015flad\u0131lar. Allah hepimize, ba\u015fta Cumhurba\u015fkan\u0131m\u0131z olmak \u00fczere hepimize kolayl\u0131klar versin.&#8221;<\/p>\n<p>Bu \u00fclkeye hizmet eden herkese millette kal\u0131c\u0131 izler b\u0131rakacak hizmetler yapabilmenin nasip olmas\u0131n\u0131 dileyen Kurtulmu\u015f, &#8220;\u00c7\u00fcnk\u00fc \u015funu biliyoruz ki; d\u00fcnya hayat\u0131 ge\u00e7ici oldu\u011fu gibi d\u00fcnyadaki her makam, her mevki de ge\u00e7icidir. Bu d\u00fcnyada bir makamda kal\u0131c\u0131 olan, duran kimse hen\u00fcz gelmemi\u015ftir. \u0130nsanlar fanidir, baki olan Cenab-\u0131 Allah&#8217;t\u0131r.&#8221; diye konu\u015ftu.<\/p>\n<p>Kurtulmu\u015f, bu g\u00f6revlerde bulanan ki\u015filer olarak \u00fczerlerine d\u00fc\u015fenin g\u00f6revi millet ad\u0131na en iyi \u015fekilde yapabilmek i\u00e7in gayretle m\u00fccadele etmek oldu\u011funun alt\u0131n\u0131 \u00e7izerek, &#8220;Her kim nerede bulunuyorsa bulunsun, g\u00f6revi ne olursa olsun en iyi \u015fekilde yapabilmekle y\u00fck\u00fcml\u00fcd\u00fcr g\u00f6revlidir. Sizlerin millet olarak, se\u00e7menlerimizin se\u00e7men olarak T\u00fcrkiye&#8217;deki se\u00e7ilmi\u015f kadrolara ve se\u00e7ilmi\u015f kadrolar\u0131n tayin etmi\u015f oldu\u011fu devlet g\u00f6revlilerine, kamu g\u00f6revlilerine verdi\u011fi en \u00f6nemli sorumluluk budur, i\u015finizi en iyi \u015fekilde yap\u0131n, millete en g\u00fczel \u015fekilde hizmet etmek i\u00e7in azimle, gayretle m\u00fccadele edin.&#8221; ifadelerini kulland\u0131.<\/p>\n<p>G\u00f6revi ne olursa olsun herkesin bu g\u00f6revleri en iyi \u015fekilde yapaca\u011f\u0131n\u0131 vurgulayan Kurtulmu\u015f, \u015funlar\u0131 s\u00f6yledi:<\/p>\n<p>&#8220;Hem se\u00e7ilmi\u015fler, hem atanm\u0131\u015flar, hem belediye ba\u015fkanlar\u0131m\u0131z, merkezi y\u00f6netimdeki insanlar hep beraber, her alanda g\u00fc\u00e7l\u00fc bir \u015fekilde olaca\u011f\u0131z. Yetmez, bu milletin ana dinamiklerini olu\u015fturan sivil toplum da \u00e7ok g\u00fc\u00e7l\u00fc \u015fekilde olacak. Hep beraber se\u00e7menler olarak &#8216;5 y\u0131ldan 5 y\u0131la oy verdik ve bitti&#8217; demeyece\u011fiz. Devletin, kamunun i\u015flerini, belediyelerin \u00f6zel olarak yap\u0131lan i\u015flerin hepsinin hem destek\u00e7isi, hem takip\u00e7isi olaca\u011f\u0131z. B\u00f6ylece yakalam\u0131\u015f oldu\u011fu bu ivmeyi \u00e7ok daha g\u00fczel bir \u015fekilde ileriye g\u00f6t\u00fcrece\u011fiz.&#8221;<\/p>\n<p>Numan Kurtulmu\u015f, b\u00fcy\u00fck bir milletin ahbab\u0131 olduklar\u0131n\u0131 ifade ederek, &#8220;Tarihi okurken hikaye okur gibi, masal okur gibi okumak bize yak\u0131\u015fmaz. Tarihten ders alarak, tarihte olanlardan ders alarak yolumuza devam edece\u011fiz. Hep \u00f6n\u00fcm\u00fcze b\u00fcy\u00fck hedefler koyaca\u011f\u0131z, T\u00fcrkiye olarak daha g\u00fc\u00e7l\u00fc daha b\u00fcy\u00fck bir \u00fclke olmak i\u00e7in m\u00fccadele edece\u011fiz. Elimizdeki imkanlar\u0131 en g\u00fczel \u015fekilde gen\u00e7lerimiz, evlatlar\u0131m\u0131z i\u00e7in kullanaca\u011f\u0131z.&#8221; ifadelerini kulland\u0131.<\/p>\n<p>                            <span class=\"detay-foto-editor\">&#13;<br \/>\n                                <a href=\"https:\/\/www.aa.com.tr\/tr\/p\/abonelik-talep-formu\/1001\" target=\"_blank\" style=\"font-size:12px; color:#444; text-decoration:none;\" rel=\"noopener\">&#13;<br \/>\n                                    Anadolu Ajans\u0131 web sitesinde, AA Haber Ak\u0131\u015f Sistemi (HAS) \u00fczerinden abonelere sunulan haberler, \u00f6zetlenerek yay\u0131mlanmaktad\u0131r. <b style=\"color:#1897F7\">Abonelik i\u00e7in l\u00fctfen ileti\u015fime ge\u00e7iniz.<\/b>&#13;<br \/>\n                                <\/a>&#13;<br \/>\n                            <\/span>\n                        <\/div>\n<p><script>\n\t  window.fbAsyncInit = function() {\n\t\tFB.init({\n\t\t  appId: '1855843514662870',\n\t\t  status : true, \/\/ check login status\n\t\t  cookie : true, \/\/ enable cookies to allow the server to access the session\n\t\t  xfbml  : true  \/\/ parse XFBML\n\t\t});\n\t  };<\/p>\n<p>\t  (function() {\n\t\tvar e = document.createElement('script');\n\t\te.src=\"https:\/\/connect.facebook.net\/tr_TR\/all.js\";\n\t\te.async = true;\n\t\tdocument.getElementById('fb-root').appendChild(e);\n\t  }());\n    <\/script><\/p>\n","protected":false},"excerpt":{"rendered":"<p>Kurtulmu\u015f, Fatsa il\u00e7esinde Organize Sanayi B\u00f6lgesi Toplu A\u00e7\u0131l\u0131\u015f Program\u0131&#8217;nda yapt\u0131\u011f\u0131 konu\u015fmada, 3 sanayi tesisinin a\u00e7\u0131l\u0131\u015f\u0131nda bulundu\u011fu i\u00e7in memnun oldu\u011funu s\u00f6yledi. Fabrikalar\u0131n kurulu\u015funda eme\u011fi ge\u00e7en y\u00f6neticilere te\u015fekk\u00fcr eden Kurtulmu\u015f, &#8220;Emekleri var olsun. \u0130n\u015fallah bu fabrikalar hay\u0131rl\u0131 r\u0131z\u0131k kap\u0131s\u0131 hay\u0131rl\u0131, bereketli, bol kazan\u00e7lar\u0131n ger\u00e7ekle\u015fti\u011fi bir istihdam kap\u0131s\u0131 olsun.&#8221; diye konu\u015ftu. Fatsa&#8217;daki Organize Sanayi B\u00f6lgesi&#8217;nde 8 bin 500 [&hellip;]<\/p>\n","protected":false},"author":1,"featured_media":9889,"comment_status":"","ping_status":"","sticky":false,"template":"","format":"standard","meta":[],"categories":[47],"tags":[],"_links":{"self":[{"href":"https:\/\/kraios.app\/news\/wp-json\/wp\/v2\/posts\/9888"}],"collection":[{"href":"https:\/\/kraios.app\/news\/wp-json\/wp\/v2\/posts"}],"about":[{"href":"https:\/\/kraios.app\/news\/wp-json\/wp\/v2\/types\/post"}],"author":[{"embeddable":true,"href":"https:\/\/kraios.app\/news\/wp-json\/wp\/v2\/users\/1"}],"replies":[{"embeddable":true,"href":"https:\/\/kraios.app\/news\/wp-json\/wp\/v2\/comments?post=9888"}],"version-history":[{"count":0,"href":"https:\/\/kraios.app\/news\/wp-json\/wp\/v2\/posts\/9888\/revisions"}],"wp:featuredmedia":[{"embeddable":true,"href":"https:\/\/kraios.app\/news\/wp-json\/wp\/v2\/media\/9889"}],"wp:attachment":[{"href":"https:\/\/kraios.app\/news\/wp-json\/wp\/v2\/media?parent=9888"}],"wp:term":[{"taxonomy":"category","embeddable":true,"href":"https:\/\/kraios.app\/news\/wp-json\/wp\/v2\/categories?post=9888"},{"taxonomy":"post_tag","embeddable":true,"href":"https:\/\/kraios.app\/news\/wp-json\/wp\/v2\/tags?post=9888"}],"curies":[{"name":"wp","href":"https:\/\/api.w.org\/{rel}","templated":true}]}}