{"id":9874,"date":"2023-07-21T18:20:05","date_gmt":"2023-07-21T18:20:05","guid":{"rendered":"https:\/\/kraios.app\/news\/siyaset\/2023\/07\/21\/cumhurbaskani-erdogan-ile-zelenskiy-karadeniz-tahil-koridoru-anlasmasinin-uzatilmasini-gorustu\/"},"modified":"2023-07-21T18:20:05","modified_gmt":"2023-07-21T18:20:05","slug":"cumhurbaskani-erdogan-ile-zelenskiy-karadeniz-tahil-koridoru-anlasmasinin-uzatilmasini-gorustu","status":"publish","type":"post","link":"https:\/\/kraios.app\/news\/siyaset\/2023\/07\/21\/cumhurbaskani-erdogan-ile-zelenskiy-karadeniz-tahil-koridoru-anlasmasinin-uzatilmasini-gorustu\/","title":{"rendered":"Cumhurba\u015fkan\u0131 Erdo\u011fan ile Zelenskiy Karadeniz Tah\u0131l Koridoru Anla\u015fmas\u0131&#039;n\u0131n uzat\u0131lmas\u0131n\u0131 g\u00f6r\u00fc\u015ft\u00fc"},"content":{"rendered":"<p>Cumhurba\u015fkan\u0131 Recep Tayyip Erdo\u011fan&#8217;\u0131n Ukrayna Devlet Ba\u015fkan\u0131 Volodimir Zelenskiy ile yapt\u0131\u011f\u0131 telefon g\u00f6r\u00fc\u015fmesinde, Karadeniz Tah\u0131l Koridoru Anla\u015fmas\u0131&#8217;n\u0131n uzat\u0131lmas\u0131 konusu ele al\u0131nd\u0131.<\/p>\n","protected":false},"excerpt":{"rendered":"<p>Cumhurba\u015fkan\u0131 Recep Tayyip Erdo\u011fan&#8217;\u0131n Ukrayna Devlet Ba\u015fkan\u0131 Volodimir Zelenskiy ile yapt\u0131\u011f\u0131 telefon g\u00f6r\u00fc\u015fmesinde, Karadeniz Tah\u0131l Koridoru Anla\u015fmas\u0131&#8217;n\u0131n uzat\u0131lmas\u0131 konusu ele al\u0131nd\u0131.<\/p>\n","protected":false},"author":1,"featured_media":9875,"comment_status":"","ping_status":"","sticky":false,"template":"","format":"standard","meta":[],"categories":[47],"tags":[],"_links":{"self":[{"href":"https:\/\/kraios.app\/news\/wp-json\/wp\/v2\/posts\/9874"}],"collection":[{"href":"https:\/\/kraios.app\/news\/wp-json\/wp\/v2\/posts"}],"about":[{"href":"https:\/\/kraios.app\/news\/wp-json\/wp\/v2\/types\/post"}],"author":[{"embeddable":true,"href":"https:\/\/kraios.app\/news\/wp-json\/wp\/v2\/users\/1"}],"replies":[{"embeddable":true,"href":"https:\/\/kraios.app\/news\/wp-json\/wp\/v2\/comments?post=9874"}],"version-history":[{"count":0,"href":"https:\/\/kraios.app\/news\/wp-json\/wp\/v2\/posts\/9874\/revisions"}],"wp:featuredmedia":[{"embeddable":true,"href":"https:\/\/kraios.app\/news\/wp-json\/wp\/v2\/media\/9875"}],"wp:attachment":[{"href":"https:\/\/kraios.app\/news\/wp-json\/wp\/v2\/media?parent=9874"}],"wp:term":[{"taxonomy":"category","embeddable":true,"href":"https:\/\/kraios.app\/news\/wp-json\/wp\/v2\/categories?post=9874"},{"taxonomy":"post_tag","embeddable":true,"href":"https:\/\/kraios.app\/news\/wp-json\/wp\/v2\/tags?post=9874"}],"curies":[{"name":"wp","href":"https:\/\/api.w.org\/{rel}","templated":true}]}}