{"id":9859,"date":"2023-07-21T14:23:56","date_gmt":"2023-07-21T14:23:56","guid":{"rendered":"https:\/\/kraios.app\/news\/siyaset\/2023\/07\/21\/cumhuriyetin-ikinci-asri-guclu-ve-buyuk-turkiyenin-asri-olacaktir\/"},"modified":"2023-07-21T14:23:56","modified_gmt":"2023-07-21T14:23:56","slug":"cumhuriyetin-ikinci-asri-guclu-ve-buyuk-turkiyenin-asri-olacaktir","status":"publish","type":"post","link":"https:\/\/kraios.app\/news\/siyaset\/2023\/07\/21\/cumhuriyetin-ikinci-asri-guclu-ve-buyuk-turkiyenin-asri-olacaktir\/","title":{"rendered":"Cumhuriyetin ikinci asr\u0131 g\u00fc\u00e7l\u00fc ve b\u00fcy\u00fck T\u00fcrkiye&#8217;nin asr\u0131 olacakt\u0131r"},"content":{"rendered":"<p><\/p>\n<div>\n<p>Ordu B\u00fcy\u00fck\u015fehir Belediyesi&#8217;ni ziyaret eden <strong>Kurtulmu\u015f<\/strong>, Belediye Ba\u015fkan\u0131 Mehmet Hilmi G\u00fcler ile g\u00f6r\u00fc\u015ft\u00fc.<\/p>\n<p>Kurtulmu\u015f, buradaki konu\u015fmas\u0131nda, 8-10 Temmuz tarihleri aras\u0131nda \u00e7e\u015fitli \u015fehirlerde ya\u015fanan sel ve heyelan felaketi dolay\u0131s\u0131yla &#8220;Ge\u00e7mi\u015f olsun.&#8221; dileklerini iletti.<\/p>\n<p>T\u00fcrkiye&#8217;nin \u00e7e\u015fitli afetlerle kar\u015f\u0131 kar\u015f\u0131ya kalabilen bir co\u011frafyada yer ald\u0131\u011f\u0131n\u0131 dile getiren Kurtulmu\u015f, Karadeniz B\u00f6lgesi&#8217;nde sel ve heyelan nedeniyle her y\u0131l benzer s\u0131k\u0131nt\u0131lar ya\u015fand\u0131\u011f\u0131n\u0131 kaydetti.<\/p>\n<p>Kurtulmu\u015f, kendilerinin \u00fczerine d\u00fc\u015fenin felaketler gelmeden tedbir almak oldu\u011funun alt\u0131n\u0131 \u00e7izerek, afetlerin meydana geldi\u011finde ise insan yap\u0131m\u0131 hatalar\u0131n ortadan kald\u0131r\u0131lmas\u0131n\u0131 temin etmek oldu\u011funu vurgulad\u0131.<\/p>\n<p>Kamu olarak bununla ilgili hep beraber t\u00fcm kurum ve kurulu\u015flarla bu \u00e7al\u0131\u015fmalar\u0131 ger\u00e7ekle\u015ftireceklerini ifade eden Kurtulmu\u015f, s\u00f6zlerini \u015f\u00f6yle s\u00fcrd\u00fcrd\u00fc:<\/p>\n<p>&#8220;\u00d6rnek olsun diye s\u00f6yl\u00fcyorum, Ordu dereleriyle bilinen ilimiz, neredeyse derelerin hepsinin \u00fcst\u00fc \u00f6rt\u00fclm\u00fc\u015f, yani siz istedi\u011finiz kadar \u00fcst\u00fcn\u00fc \u00f6rt\u00fcn, istedi\u011finiz kadar \u00fcst\u00fcne binalar yap\u0131n, ya\u011fmur ya\u011fd\u0131\u011f\u0131 zaman hele hele haddinden fazla ya\u011fd\u0131\u011f\u0131 zaman bir yolunu buluyor ve akaca\u011f\u0131 mecra i\u00e7erisinde \u00f6n\u00fcne ne varsa kat\u0131p g\u00f6t\u00fcr\u00fcyor. Dolay\u0131s\u0131yla bunlar\u0131 defalarca ya\u015fad\u0131\u011f\u0131m\u0131z, ayn\u0131 senaryolar\u0131 tekrar tekrar g\u00f6rmemek i\u00e7in tedbir almam\u0131z, bo\u015falt\u0131lmas\u0131 gereken yerlerin bo\u015falt\u0131lmas\u0131n\u0131 temin etmemiz gerekir diye d\u00fc\u015f\u00fcn\u00fcyorum.&#8221;<\/p>\n<p>Numan Kurtulmu\u015f, T\u00fcrkiye&#8217;nin \u00f6n\u00fcnde yeni hedefleri olan bir \u00fclke oldu\u011funu dile getirerek, &#8220;Allah&#8217;\u0131n izniyle Cumhuriyetin ikinci asr\u0131 g\u00fc\u00e7l\u00fc ve b\u00fcy\u00fck <strong>T\u00fcrkiye<\/strong>&#8216;nin asr\u0131 olacakt\u0131r. D\u00fcnyada her yerde s\u00f6z\u00fc ge\u00e7en, s\u00f6z\u00fc g\u00fc\u00e7l\u00fc ve g\u00fcc\u00fc tesirli olan bir T\u00fcrkiye Y\u00fczy\u0131l\u0131 olacakt\u0131r. Her alanda, ekonomiden d\u0131\u015f politikaya kadar, sanayiden turizme kadar, e\u011fitime kadar her alanda T\u00fcrkiye ad\u0131ndan s\u00f6z ettiren ve \u00f6rnek al\u0131nan bir \u00fclke olacakt\u0131r.&#8221; diye konu\u015ftu.<\/p>\n<p>Bunun i\u00e7in 85 milyon hep beraber gayretle, saflar\u0131 s\u0131kla\u015ft\u0131rarak, hedefleri ortak bir \u015fekilde ger\u00e7ekle\u015ftirerek yola devam edeceklerini aktaran Kurtulmu\u015f, \u015f\u00f6yle devam etti:<\/p>\n<p>&#8220;Bizim gibi b\u00fcy\u00fck idealleri olan milletlere iki g\u00fcn\u00fc e\u015fit olmak yak\u0131\u015fmaz. Her g\u00fcn\u00fcm\u00fcz bir \u00f6ncekinden daha ileride olacak ve b\u00f6ylece Allah&#8217;\u0131n izniyle T\u00fcrkiye, \u00e7ok k\u0131sa bir s\u00fcre i\u00e7erisinde nas\u0131l bir as\u0131r i\u00e7erisinde koskoca cihan devleti Osmanl\u0131&#8217;n\u0131n y\u0131k\u0131nt\u0131lar\u0131ndan aya\u011fa kalkmay\u0131 ba\u015fard\u0131ysa, Allah&#8217;\u0131n izniyle de ikinci asr\u0131m\u0131zda \u00e7ok daha ileriyle gidece\u011fiz. T\u00fcrkiye Y\u00fczy\u0131l\u0131 dedi\u011fimiz hedef hepimizin ortak hedefi olarak yani T\u00fcrkiye&#8217;nin ad\u0131ndan s\u00f6z edilen bir T\u00fcrkiye Y\u00fczy\u0131l\u0131&#8217;n\u0131 ger\u00e7ekle\u015ftirece\u011fiz.&#8221;<\/p>\n<p>Kurtulmu\u015f, bunun ilk yolunun da tek tek \u015fehirlerin g\u00fc\u00e7l\u00fc olmas\u0131ndan ge\u00e7ti\u011fini vurgulayarak, &#8220;G\u00fc\u00e7l\u00fc ve b\u00fcy\u00fck T\u00fcrkiye b\u00fct\u00fcn\u00fcyle 81 ilinin tamam\u0131yla kalk\u0131nm\u0131\u015f olan, tamam\u0131nda geli\u015fmenin b\u00fct\u00fcn unsurlar\u0131n\u0131n ger\u00e7ekle\u015fti\u011fi bir T\u00fcrkiye&#8217;dir. Bunun i\u00e7in Ordu iyi bir seviyededir ama yetmez, Ordu ilinin de T\u00fcrkiye&#8217;nin k\u00fcresel rekabetteki b\u00fcy\u00fck yar\u0131\u015f\u0131nda \u00e7ok \u00f6nde olmas\u0131 laz\u0131m.&#8221; ifadelerini kulland\u0131.<\/p>\n<p>El ele vererek daha g\u00fc\u00e7l\u00fc bir \u015fehir olu\u015fturacaklar\u0131n\u0131 aktaran Kurtulmu\u015f, bunun i\u00e7in her t\u00fcrl\u00fc deste\u011fi vermeye devam edeceklerini s\u00f6yledi.<\/p>\n<p>Numan Kurtulmu\u015f, sel nedeniyle i\u015f yerleri zarar g\u00f6ren esnaf\u0131 da ziyaret ettikten sonra Ordu \u015eehir Hastanesi in\u015faat\u0131nda incelemelerde bulundu.<\/p>\n<p>                            <span class=\"detay-foto-editor\">&#13;<br \/>\n                                <a href=\"https:\/\/www.aa.com.tr\/tr\/p\/abonelik-talep-formu\/1001\" target=\"_blank\" style=\"font-size:12px; color:#444; text-decoration:none;\" rel=\"noopener\">&#13;<br \/>\n                                    Anadolu Ajans\u0131 web sitesinde, AA Haber Ak\u0131\u015f Sistemi (HAS) \u00fczerinden abonelere sunulan haberler, \u00f6zetlenerek yay\u0131mlanmaktad\u0131r. <b style=\"color:#1897F7\">Abonelik i\u00e7in l\u00fctfen ileti\u015fime ge\u00e7iniz.<\/b>&#13;<br \/>\n                                <\/a>&#13;<br \/>\n                            <\/span>\n                        <\/div>\n<p><script>\n\t  window.fbAsyncInit = function() {\n\t\tFB.init({\n\t\t  appId: '1855843514662870',\n\t\t  status : true, \/\/ check login status\n\t\t  cookie : true, \/\/ enable cookies to allow the server to access the session\n\t\t  xfbml  : true  \/\/ parse XFBML\n\t\t});\n\t  };<\/p>\n<p>\t  (function() {\n\t\tvar e = document.createElement('script');\n\t\te.src=\"https:\/\/connect.facebook.net\/tr_TR\/all.js\";\n\t\te.async = true;\n\t\tdocument.getElementById('fb-root').appendChild(e);\n\t  }());\n    <\/script><\/p>\n","protected":false},"excerpt":{"rendered":"<p>Ordu B\u00fcy\u00fck\u015fehir Belediyesi&#8217;ni ziyaret eden Kurtulmu\u015f, Belediye Ba\u015fkan\u0131 Mehmet Hilmi G\u00fcler ile g\u00f6r\u00fc\u015ft\u00fc. Kurtulmu\u015f, buradaki konu\u015fmas\u0131nda, 8-10 Temmuz tarihleri aras\u0131nda \u00e7e\u015fitli \u015fehirlerde ya\u015fanan sel ve heyelan felaketi dolay\u0131s\u0131yla &#8220;Ge\u00e7mi\u015f olsun.&#8221; dileklerini iletti. T\u00fcrkiye&#8217;nin \u00e7e\u015fitli afetlerle kar\u015f\u0131 kar\u015f\u0131ya kalabilen bir co\u011frafyada yer ald\u0131\u011f\u0131n\u0131 dile getiren Kurtulmu\u015f, Karadeniz B\u00f6lgesi&#8217;nde sel ve heyelan nedeniyle her y\u0131l benzer s\u0131k\u0131nt\u0131lar [&hellip;]<\/p>\n","protected":false},"author":1,"featured_media":9860,"comment_status":"","ping_status":"","sticky":false,"template":"","format":"standard","meta":[],"categories":[47],"tags":[],"_links":{"self":[{"href":"https:\/\/kraios.app\/news\/wp-json\/wp\/v2\/posts\/9859"}],"collection":[{"href":"https:\/\/kraios.app\/news\/wp-json\/wp\/v2\/posts"}],"about":[{"href":"https:\/\/kraios.app\/news\/wp-json\/wp\/v2\/types\/post"}],"author":[{"embeddable":true,"href":"https:\/\/kraios.app\/news\/wp-json\/wp\/v2\/users\/1"}],"replies":[{"embeddable":true,"href":"https:\/\/kraios.app\/news\/wp-json\/wp\/v2\/comments?post=9859"}],"version-history":[{"count":0,"href":"https:\/\/kraios.app\/news\/wp-json\/wp\/v2\/posts\/9859\/revisions"}],"wp:featuredmedia":[{"embeddable":true,"href":"https:\/\/kraios.app\/news\/wp-json\/wp\/v2\/media\/9860"}],"wp:attachment":[{"href":"https:\/\/kraios.app\/news\/wp-json\/wp\/v2\/media?parent=9859"}],"wp:term":[{"taxonomy":"category","embeddable":true,"href":"https:\/\/kraios.app\/news\/wp-json\/wp\/v2\/categories?post=9859"},{"taxonomy":"post_tag","embeddable":true,"href":"https:\/\/kraios.app\/news\/wp-json\/wp\/v2\/tags?post=9859"}],"curies":[{"name":"wp","href":"https:\/\/api.w.org\/{rel}","templated":true}]}}