{"id":9847,"date":"2023-07-21T10:20:06","date_gmt":"2023-07-21T10:20:06","guid":{"rendered":"https:\/\/kraios.app\/news\/gundem\/2023\/07\/21\/ingilterede-siginmacilarin-barindirilacagi-dev-gemi-hukumetin-tartismali-gocmen-politikasini-yeniden-gundeme-tasidi\/"},"modified":"2023-07-21T10:20:06","modified_gmt":"2023-07-21T10:20:06","slug":"ingilterede-siginmacilarin-barindirilacagi-dev-gemi-hukumetin-tartismali-gocmen-politikasini-yeniden-gundeme-tasidi","status":"publish","type":"post","link":"https:\/\/kraios.app\/news\/gundem\/2023\/07\/21\/ingilterede-siginmacilarin-barindirilacagi-dev-gemi-hukumetin-tartismali-gocmen-politikasini-yeniden-gundeme-tasidi\/","title":{"rendered":"\u0130ngiltere&#8217;de s\u0131\u011f\u0131nmac\u0131lar\u0131n bar\u0131nd\u0131r\u0131laca\u011f\u0131 dev gemi, h\u00fck\u00fcmetin tart\u0131\u015fmal\u0131 g\u00f6\u00e7men politikas\u0131n\u0131 yeniden g\u00fcndeme ta\u015f\u0131d\u0131"},"content":{"rendered":"<p><\/p>\n<div>\n<p>ngiltere&#8217;de en az 18 ay boyunca 500 erkek s\u0131\u011f\u0131nmac\u0131n\u0131n bar\u0131nd\u0131r\u0131laca\u011f\u0131 a\u00e7\u0131klanan &#8220;Bibby Stockholm&#8221; adl\u0131 dev geminin Dorset sahilindeki Portland Liman\u0131&#8217;na yana\u015fmas\u0131n\u0131n ard\u0131ndan, \u0130ngiliz h\u00fck\u00fcmetinin tart\u0131\u015fmal\u0131 g\u00f6\u00e7men politikas\u0131 yeniden g\u00fcndeme geldi.<\/p>\n<p>\u0130ngiltere \u0130\u00e7i\u015fleri Bakanl\u0131\u011f\u0131ndan daha \u00f6nce yap\u0131lan a\u00e7\u0131klamada, iltica sistemi \u00fczerindeki bask\u0131 ve s\u0131\u011f\u0131nmac\u0131lar\u0131n otellerde bar\u0131nd\u0131r\u0131lmas\u0131n\u0131n vergi m\u00fckelleflerine maliyetini azaltmak amac\u0131yla dev bir geminin kullan\u0131laca\u011f\u0131 duyuruldu. <\/p>\n<p>En az 18 ay boyunca 500 s\u0131\u011f\u0131nmac\u0131y\u0131 bar\u0131nd\u0131racak 222 odal\u0131 gemi, birka\u00e7 g\u00fcn \u00f6nce Dorset&#8217;in g\u00fcney k\u0131y\u0131s\u0131ndaki Portland Liman\u0131&#8217;na ula\u015ft\u0131. Gemi, b\u00f6lge halk\u0131 ve insan haklar\u0131 gruplar\u0131 taraf\u0131ndan protestolarla kar\u015f\u0131land\u0131. <\/p>\n<p>H\u00fck\u00fcmet, gemide bar\u0131nd\u0131r\u0131lacak ki\u015filerin, yaln\u0131zca \u0130ngiltere&#8217;ye yasa d\u0131\u015f\u0131 yollardan giren 18 ila 65 ya\u015f\u0131ndaki yeti\u015fkin erkeklerden olu\u015faca\u011f\u0131n\u0131 a\u00e7\u0131klad\u0131. \u0130lk 50 ki\u015filik grubun ilerleyen haftalarda gemiye yerle\u015ftirilmesi bekleniyor. <\/p>\n<p>\u0130ngiliz h\u00fck\u00fcmetinden yap\u0131lan a\u00e7\u0131klamalara g\u00f6re, halihaz\u0131rda \u00fclke genelindeki otellerde yakla\u015f\u0131k 51 bin s\u0131\u011f\u0131nmac\u0131 bulunuyor ve bu durum vergi m\u00fckelleflerine g\u00fcnde yakla\u015f\u0131k 6 milyon sterline mal oluyor.<\/p>\n<h3>\u0130nsan haklar\u0131 \u00f6rg\u00fctleri, uygulamay\u0131 &#8220;insanl\u0131k d\u0131\u015f\u0131&#8221; olarak niteledi<\/h3>\n<p>\u00dclkede g\u00f6\u00e7men yanl\u0131s\u0131 sivil toplum kurulu\u015flar\u0131 ve insan haklar\u0131 \u00f6rg\u00fctleri, s\u0131\u011f\u0131nmac\u0131lar\u0131n gemilerde bar\u0131nd\u0131r\u0131lmas\u0131n\u0131n &#8220;insanl\u0131k d\u0131\u015f\u0131&#8221; oldu\u011funu savunuyor.<\/p>\n<p>G\u00f6\u00e7men yanl\u0131s\u0131 50&#8217;den fazla \u00f6rg\u00fct ve kampanya, h\u00fck\u00fcmetin s\u0131\u011f\u0131nma talebinde bulunan ki\u015fileri bar\u0131nd\u0131rmak \u00fczere kiralad\u0131\u011f\u0131 &#8220;Bibby Stockholm&#8221; gemisinin sahibi Bibby Marine \u015firketine a\u00e7\u0131k mektup yazd\u0131. <\/p>\n<p>Mektupta, \u015firketin transatlantik k\u00f6le ticaretiyle kan\u0131tlanm\u0131\u015f tarihi ba\u011flar\u0131na de\u011finilerek, gemide uygulanacak g\u00f6zalt\u0131 benzeri ko\u015fullara i\u015faret edildi ve \u015firketin kamuoyuna a\u00e7\u0131k yan\u0131t vermesi istendi.<\/p>\n<p>Anadolu Ajans\u0131 ekibi, hem s\u0131\u011f\u0131nmac\u0131lar\u0131n bar\u0131nd\u0131r\u0131laca\u011f\u0131 gemiye ili\u015fkin \u00e7ekim yapmak hem de yerel halk\u0131n g\u00f6r\u00fc\u015flerini almak \u00fczere Portland Adas\u0131&#8217;n\u0131 ziyaret etti.<\/p>\n<p>Ada sakinlerinden baz\u0131lar\u0131 g\u00fcvenlikle ilgili endi\u015felerini dile getirirken, baz\u0131lar\u0131 da b\u00f6yle bir yakla\u015f\u0131m\u0131n &#8220;s\u0131\u011f\u0131nmac\u0131lar\u0131 hapishanede tutmakla e\u015f de\u011fer&#8221; oldu\u011fu yorumunda bulundu. <\/p>\n<h3>&#8220;Bence bu y\u00fczen hapishane&#8221;<\/h3>\n<p>Portland Adas\u0131 sakinlerinden 72 ya\u015f\u0131ndaki Paula, h\u00fck\u00fcmetin g\u00f6\u00e7men politikas\u0131n\u0131 ele\u015ftirerek, &#8220;Sava\u015ftan ka\u00e7an insanlar buraya korku i\u00e7inde geliyor ve biz de onlar\u0131 kilit alt\u0131na al\u0131yoruz. Bence bu y\u00fczen hapishane.&#8221; de\u011ferlendirmesinde bulundu.<\/p>\n<p>S\u0131\u011f\u0131nmac\u0131lara y\u00f6nelik bu yakla\u015f\u0131m\u0131 &#8220;insanl\u0131k d\u0131\u015f\u0131&#8221; buldu\u011funu s\u00f6yleyen Paula, &#8220;H\u00fck\u00fcmetimin di\u011fer insanlara davran\u0131\u015f bi\u00e7iminden utan\u0131yorum. \u015eu anda bu konu hakk\u0131nda konu\u015fmaktan utan\u0131yorum.&#8221; ifadelerini kulland\u0131.<\/p>\n<p>Adan\u0131n gen\u00e7 sakinlerinden Sofia ise \u0130ngiliz h\u00fck\u00fcmetinin s\u0131\u011f\u0131nmac\u0131larla ilgilenmesi fikrinin ho\u015funa gitti\u011fini dile getirerek, &#8220;Ancak muhtemelen bunu bir gemiyle yapmaktan daha iyi bir \u015fekilde yapabilirler \u00e7\u00fcnk\u00fc sanki burada mahkumlar gibi g\u00f6r\u00fcn\u00fcyor.&#8221; dedi.<\/p>\n<p>Portland Adas\u0131&#8217;n\u0131n g\u00fcvenli\u011fi konusundaki endi\u015felerini dile getiren 72 ya\u015f\u0131ndaki Peter da &#8220;\u0130nsanlar bir yerde ya\u015famak zorunda. Tek sorun, buraya tekneyle bu kadar \u00e7ok insan\u0131n gelmesi ve hepsinin erkek olmas\u0131. Aileler nerede? E\u015fler ve \u00e7ocuklar nerede?&#8221; diye konu\u015ftu.<\/p>\n<p>B\u00f6lge sakinlerinden Peter, Portland&#8217;\u0131n bir ada oldu\u011funu ve kendisinin bile burada kulland\u0131\u011f\u0131 dile dikkat etmesi gerekti\u011fini belirterek, &#8220;Hepsi bir arada aileler ve bunun gibi \u015feyler. Yani deniza\u015f\u0131r\u0131 \u00fclkelerden gelen biri i\u00e7in zor olur. Buradaki insanlar i\u00e7in de zor olur.&#8221; dedi.<\/p>\n<h3>Portland sakinleri geminin adaya yana\u015fmas\u0131na itiraz etti<\/h3>\n<p>\u00dclke bas\u0131n\u0131nda yer alan haberlere g\u00f6re, Portland sakinleri, geminin limana yerle\u015ftirilmesi s\u00fcrecinde yerel topluma dan\u0131\u015f\u0131lmad\u0131\u011f\u0131n\u0131 belirtmi\u015f ve geminin adada bulunmas\u0131na, sa\u011fl\u0131k hizmetleri gibi yerel hizmetler \u00fczerindeki etkisinden endi\u015fe ederek kar\u015f\u0131 \u00e7\u0131km\u0131\u015ft\u0131.<\/p>\n<p>Ge\u00e7en hafta yap\u0131lan bir toplant\u0131da Dorset Meclis \u00dcyesi Laura Beddow, Portland Liman\u0131&#8217;n\u0131n geminin yerle\u015ftirilmesi i\u00e7in yanl\u0131\u015f yer oldu\u011funu belirtmi\u015fti. Konseyin &#8220;ciddi endi\u015feleri&#8221; bulundu\u011funu dile getiren Beddow, ancak yasal s\u00fcre\u00e7 ba\u015flatmalar\u0131 durumunda dahi bunun ba\u015far\u0131l\u0131 olma ihtimalinin d\u00fc\u015f\u00fck oldu\u011funu s\u00f6ylemi\u015fti. <\/p>\n<h3>S\u0131\u011f\u0131nmac\u0131lar\u0131n talepleri i\u015fleme al\u0131n\u0131rken ayn\u0131 zamanda gemide konaklayacaklar<\/h3>\n<p>\u0130ngiltere \u0130\u00e7i\u015fleri Bakanl\u0131\u011f\u0131ndan 5 Nisan&#8217;da yap\u0131lan a\u00e7\u0131klamada, iltica sistemi \u00fczerindeki bask\u0131y\u0131 ve Man\u015f Denizi \u00fczerinden yasa d\u0131\u015f\u0131 g\u00f6\u00e7men ge\u00e7i\u015flerindeki \u00f6nemli art\u0131\u015f\u0131n vergi m\u00fckelleflerine maliyetini azaltmak amac\u0131yla, dev bir geminin s\u0131\u011f\u0131nmac\u0131lar\u0131n bar\u0131nmas\u0131 i\u00e7in kullan\u0131laca\u011f\u0131 duyurulmu\u015ftu.<\/p>\n<p>A\u00e7\u0131klamada, Portland Liman\u0131&#8217;na yana\u015facak ve en az 18 ay faaliyet g\u00f6sterecek dev gemide, yakla\u015f\u0131k 500 bekar erkek s\u0131\u011f\u0131nmac\u0131n\u0131n bar\u0131nd\u0131r\u0131laca\u011f\u0131 kaydedilmi\u015fti. <\/p>\n<p>S\u0131\u011f\u0131nmac\u0131lar\u0131n talepleri i\u015fleme al\u0131n\u0131rken ayn\u0131 zamanda gemide konaklayacaklar\u0131 ifade edilen a\u00e7\u0131klamada, gemide temel ve i\u015flevsel bar\u0131nma, yemek ve sa\u011fl\u0131k hizmetinin sa\u011flanaca\u011f\u0131 bildirilmi\u015fti.<\/p>\n<p>A\u00e7\u0131klamada, &#8220;Bibby Stockholm&#8221; adl\u0131 geminin, s\u0131\u011f\u0131nmac\u0131lar\u0131n otellere yerle\u015ftirilmesi durumunu azaltaca\u011f\u0131na de\u011finilerek, ayn\u0131 zamanda bu uygulaman\u0131n, daha d\u00fczenli, maliyeti daha az ve s\u00fcrd\u00fcr\u00fclebilir bir bar\u0131nma sistemi sa\u011flayaca\u011f\u0131na i\u015faret edilmi\u015fti.<\/p>\n<p>\u00d6te yandan, a\u00e7\u0131klamada, talepleri reddedilen ve temyiz haklar\u0131n\u0131 kaybeden ki\u015filerin \u0130ngiltere&#8217;den \u00e7\u0131kar\u0131laca\u011f\u0131 vurgulanm\u0131\u015ft\u0131.<\/p>\n<p>\u0130ngiltere Ba\u015fbakan\u0131 Rishi Sunak da daha \u00f6nce yapt\u0131\u011f\u0131 a\u00e7\u0131klamada, d\u00fczensiz g\u00f6\u00e7menlerin otellerde konaklamas\u0131n\u0131n vergi m\u00fckelleflerine maliyetinin g\u00fcnde yakla\u015f\u0131k 6 milyon sterlini buldu\u011funu ve bunun s\u00fcrd\u00fcr\u00fclemez oldu\u011funu bildirmi\u015fti. <\/p>\n<p>                            <span class=\"detay-foto-editor\">&#13;<br \/>\n                                <a href=\"https:\/\/www.aa.com.tr\/tr\/p\/abonelik-talep-formu\/1001\" target=\"_blank\" style=\"font-size:12px; color:#444; text-decoration:none;\" rel=\"noopener\">&#13;<br \/>\n                                    Anadolu Ajans\u0131 web sitesinde, AA Haber Ak\u0131\u015f Sistemi (HAS) \u00fczerinden abonelere sunulan haberler, \u00f6zetlenerek yay\u0131mlanmaktad\u0131r. <b style=\"color:#1897F7\">Abonelik i\u00e7in l\u00fctfen ileti\u015fime ge\u00e7iniz.<\/b>&#13;<br \/>\n                                <\/a>&#13;<br \/>\n                            <\/span>\n                        <\/div>\n<p><script>\n\t  window.fbAsyncInit = function() {\n\t\tFB.init({\n\t\t  appId: '1855843514662870',\n\t\t  status : true, \/\/ check login status\n\t\t  cookie : true, \/\/ enable cookies to allow the server to access the session\n\t\t  xfbml  : true  \/\/ parse XFBML\n\t\t});\n\t  };<\/p>\n<p>\t  (function() {\n\t\tvar e = document.createElement('script');\n\t\te.src=\"https:\/\/connect.facebook.net\/tr_TR\/all.js\";\n\t\te.async = true;\n\t\tdocument.getElementById('fb-root').appendChild(e);\n\t  }());\n    <\/script><\/p>\n","protected":false},"excerpt":{"rendered":"<p>ngiltere&#8217;de en az 18 ay boyunca 500 erkek s\u0131\u011f\u0131nmac\u0131n\u0131n bar\u0131nd\u0131r\u0131laca\u011f\u0131 a\u00e7\u0131klanan &#8220;Bibby Stockholm&#8221; adl\u0131 dev geminin Dorset sahilindeki Portland Liman\u0131&#8217;na yana\u015fmas\u0131n\u0131n ard\u0131ndan, \u0130ngiliz h\u00fck\u00fcmetinin tart\u0131\u015fmal\u0131 g\u00f6\u00e7men politikas\u0131 yeniden g\u00fcndeme geldi. \u0130ngiltere \u0130\u00e7i\u015fleri Bakanl\u0131\u011f\u0131ndan daha \u00f6nce yap\u0131lan a\u00e7\u0131klamada, iltica sistemi \u00fczerindeki bask\u0131 ve s\u0131\u011f\u0131nmac\u0131lar\u0131n otellerde bar\u0131nd\u0131r\u0131lmas\u0131n\u0131n vergi m\u00fckelleflerine maliyetini azaltmak amac\u0131yla dev bir geminin kullan\u0131laca\u011f\u0131 duyuruldu. [&hellip;]<\/p>\n","protected":false},"author":1,"featured_media":9848,"comment_status":"","ping_status":"","sticky":false,"template":"","format":"standard","meta":[],"categories":[1],"tags":[],"_links":{"self":[{"href":"https:\/\/kraios.app\/news\/wp-json\/wp\/v2\/posts\/9847"}],"collection":[{"href":"https:\/\/kraios.app\/news\/wp-json\/wp\/v2\/posts"}],"about":[{"href":"https:\/\/kraios.app\/news\/wp-json\/wp\/v2\/types\/post"}],"author":[{"embeddable":true,"href":"https:\/\/kraios.app\/news\/wp-json\/wp\/v2\/users\/1"}],"replies":[{"embeddable":true,"href":"https:\/\/kraios.app\/news\/wp-json\/wp\/v2\/comments?post=9847"}],"version-history":[{"count":0,"href":"https:\/\/kraios.app\/news\/wp-json\/wp\/v2\/posts\/9847\/revisions"}],"wp:featuredmedia":[{"embeddable":true,"href":"https:\/\/kraios.app\/news\/wp-json\/wp\/v2\/media\/9848"}],"wp:attachment":[{"href":"https:\/\/kraios.app\/news\/wp-json\/wp\/v2\/media?parent=9847"}],"wp:term":[{"taxonomy":"category","embeddable":true,"href":"https:\/\/kraios.app\/news\/wp-json\/wp\/v2\/categories?post=9847"},{"taxonomy":"post_tag","embeddable":true,"href":"https:\/\/kraios.app\/news\/wp-json\/wp\/v2\/tags?post=9847"}],"curies":[{"name":"wp","href":"https:\/\/api.w.org\/{rel}","templated":true}]}}