{"id":9843,"date":"2023-07-21T08:50:51","date_gmt":"2023-07-21T08:50:51","guid":{"rendered":"https:\/\/kraios.app\/news\/ekonomi\/2023\/07\/21\/deniz-salyangozu-ihracati-geliri-yilin-ilk-yarisini-ikiye-katladi\/"},"modified":"2023-07-21T08:50:51","modified_gmt":"2023-07-21T08:50:51","slug":"deniz-salyangozu-ihracati-geliri-yilin-ilk-yarisini-ikiye-katladi","status":"publish","type":"post","link":"https:\/\/kraios.app\/news\/ekonomi\/2023\/07\/21\/deniz-salyangozu-ihracati-geliri-yilin-ilk-yarisini-ikiye-katladi\/","title":{"rendered":"Deniz salyangozu ihracat\u0131 geliri y\u0131l\u0131n ilk yar\u0131s\u0131n\u0131 ikiye katlad\u0131"},"content":{"rendered":"<p> <br \/>\n<\/p>\n<div>\n<p>AA muhabirinin, Do\u011fu Karadeniz \u0130hracat\u00e7\u0131lar Birli\u011fi (DK\u0130B) verilerinden yapt\u0131\u011f\u0131 derlemeye g\u00f6re, y\u0131l\u0131n ilk 6 ay\u0131nda 7 \u00fclkeye deniz salyangozu sat\u0131ld\u0131.<\/p>\n<p>Ocak-Haziran 2022&#8217;de 646 ton kar\u015f\u0131l\u0131\u011f\u0131 4 milyon 84 bin 912 dolar olarak kay\u0131tlara ge\u00e7en deniz salyangozu ihracat\u0131, bu senenin ayn\u0131 d\u00f6neminde 794 ton kar\u015f\u0131l\u0131\u011f\u0131 7 milyon 954 bin 242 dolar kazand\u0131rd\u0131.<\/p>\n<p>T\u00fcrkiye&#8217;de t\u00fcketimi olmayan, sadece ihracata y\u00f6nelik avlanan deniz salyangozunun 6 ayl\u0131k ihracat\u0131, miktarda y\u00fczde 23, de\u011ferde ise y\u00fczde 95 artm\u0131\u015f g\u00f6sterdi.<\/p>\n<p>Her ge\u00e7en y\u0131l ihracat\u0131 artan deniz salyangozu, y\u0131l\u0131n ilk yar\u0131s\u0131nda en fazla G\u00fcney Kore Cumhuriyeti&#8217;nden talep g\u00f6rd\u00fc.<\/p>\n<p>G\u00fcney Kore Cumhuriyeti&#8217;nin yan\u0131 s\u0131ra \u00c7in Halk Cumhuriyeti, Japonya, \u0130spanya, Tayvan, G\u00fcrcistan ve Azerbaycan&#8217;a da deniz salyangozu sat\u0131ld\u0131.<\/p>\n<h3>Karadeniz ihracat\u0131 da y\u00fczde 98 artt\u0131<\/h3>\n<p>T\u00fcrkiye&#8217;nin deniz salyangozu ihracat\u0131n\u0131n 4 milyon 743 bin 855 dolarl\u0131k k\u0131sm\u0131n\u0131, Karadeniz B\u00f6lgesi s\u0131rtland\u0131.<\/p>\n<p>Karadeniz&#8217;den y\u0131l\u0131n ilk yar\u0131s\u0131nda G\u00fcney Kore Cumhuriyeti, \u00c7in Halk Cumhuriyeti, Japonya, Tayvan ve G\u00fcrcistan&#8217;a ihra\u00e7 edilen 438 ton \u00fcr\u00fcn kar\u015f\u0131l\u0131\u011f\u0131 4 milyon 743 bin 855 dolar kazan\u00e7 sa\u011fland\u0131.<\/p>\n<p>B\u00f6lgeden ger\u00e7ekle\u015ftirilen deniz salyangozu ihracat\u0131, 367 ton kar\u015f\u0131l\u0131\u011f\u0131 2 milyon 395 bin 23 dolar kazan\u0131lan 2022&#8217;in ilk 6 ay\u0131na g\u00f6re, miktarda y\u00fczde 19, de\u011ferde y\u00fczde 98 art\u0131\u015f g\u00f6sterdi.<\/p>\n<h3>&#8220;Deniz salyangozu ihracat\u0131m\u0131z giderek \u00fcst s\u0131ralara \u00e7\u0131k\u0131yor&#8221;<\/h3>\n<p>DK\u0130B Y\u00f6netim Kurulu Ba\u015fkan Yard\u0131mc\u0131s\u0131 Ahmet Hamdi G\u00fcrdo\u011fan, AA muhabirine, T\u00fcrkiye&#8217;de t\u00fcketilmeyen bir \u00fcr\u00fcn\u00fcn de\u011fere d\u00f6n\u00fc\u015ft\u00fcr\u00fclerek ihra\u00e7 edilmesinin \u00f6nemli oldu\u011funu s\u00f6yledi.<\/p>\n<p>\u0130hracat\u00e7\u0131lar\u0131, g\u00f6sterdikleri ba\u015far\u0131lardan \u00f6t\u00fcr\u00fc tebrik eden G\u00fcrdo\u011fan, &#8220;Deniz salyangozu ihracat\u0131m\u0131z, giderek \u00fcst s\u0131ralara \u00e7\u0131k\u0131yor. \u0130lerleyen g\u00fcnlerde \u00e7ok daha iyi noktalara gelinece\u011fine inan\u0131yoruz.&#8221; ifadesini kulland\u0131.<\/p>\n<p>Bu konuda kamu taraf\u0131ndan da g\u00fcn\u00fcm\u00fcz \u015fartlar\u0131na g\u00f6re mevzuatlar\u0131n uyarlanmas\u0131n\u0131n ve ihracat\u00e7\u0131lar\u0131n \u00f6n\u00fcn\u00fcn a\u00e7\u0131lmas\u0131n\u0131n \u00f6nemli oldu\u011funu belirten G\u00fcrdo\u011fan, &#8220;Ekolojik dengenin sa\u011flanmas\u0131 a\u00e7\u0131s\u0131ndan avlanma mevsimlerinin her \u00fcr\u00fcne g\u00f6re belirlenmesi \u00f6nem arz ediyor. Bu kapsamda yap\u0131lacak d\u00fczenlemeyle ihracat\u0131m\u0131z\u0131n daha da artaca\u011f\u0131na inan\u0131yoruz.&#8221; diye konu\u015ftu.<\/p>\n<p>                            <span class=\"detay-foto-editor\">&#13;<br \/>\n                                <a href=\"https:\/\/www.aa.com.tr\/tr\/p\/abonelik-talep-formu\/1001\" target=\"_blank\" style=\"font-size:12px; color:#444; text-decoration:none;\" rel=\"noopener\">&#13;<br \/>\n                                    Anadolu Ajans\u0131 web sitesinde, AA Haber Ak\u0131\u015f Sistemi (HAS) \u00fczerinden abonelere sunulan haberler, \u00f6zetlenerek yay\u0131mlanmaktad\u0131r. <b style=\"color:#1897F7\">Abonelik i\u00e7in l\u00fctfen ileti\u015fime ge\u00e7iniz.<\/b>&#13;<br \/>\n                                <\/a>&#13;<br \/>\n                            <\/span>\n                        <\/div>\n<p><script>\n\t  window.fbAsyncInit = function() {\n\t\tFB.init({\n\t\t  appId: '1855843514662870',\n\t\t  status : true, \/\/ check login status\n\t\t  cookie : true, \/\/ enable cookies to allow the server to access the session\n\t\t  xfbml  : true  \/\/ parse XFBML\n\t\t});\n\t  };<\/p>\n<p>\t  (function() {\n\t\tvar e = document.createElement('script');\n\t\te.src=\"https:\/\/connect.facebook.net\/tr_TR\/all.js\";\n\t\te.async = true;\n\t\tdocument.getElementById('fb-root').appendChild(e);\n\t  }());\n    <\/script><br \/>\n<br \/><br \/>\n<br \/><a href=\"https:\/\/www.aa.com.tr\/tr\/ekonomi\/deniz-salyangozu-ihracati-geliri-yilin-ilk-yarisini-ikiye-katladi\/2951039\">Source link <\/a><\/p>\n","protected":false},"excerpt":{"rendered":"<p>AA muhabirinin, Do\u011fu Karadeniz \u0130hracat\u00e7\u0131lar Birli\u011fi (DK\u0130B) verilerinden yapt\u0131\u011f\u0131 derlemeye g\u00f6re, y\u0131l\u0131n ilk 6 ay\u0131nda 7 \u00fclkeye deniz salyangozu sat\u0131ld\u0131. Ocak-Haziran 2022&#8217;de 646 ton kar\u015f\u0131l\u0131\u011f\u0131 4 milyon 84 bin 912 dolar olarak kay\u0131tlara ge\u00e7en deniz salyangozu ihracat\u0131, bu senenin ayn\u0131 d\u00f6neminde 794 ton kar\u015f\u0131l\u0131\u011f\u0131 7 milyon 954 bin 242 dolar kazand\u0131rd\u0131. T\u00fcrkiye&#8217;de t\u00fcketimi olmayan, sadece [&hellip;]<\/p>\n","protected":false},"author":1,"featured_media":9844,"comment_status":"","ping_status":"","sticky":false,"template":"","format":"standard","meta":[],"categories":[44],"tags":[],"_links":{"self":[{"href":"https:\/\/kraios.app\/news\/wp-json\/wp\/v2\/posts\/9843"}],"collection":[{"href":"https:\/\/kraios.app\/news\/wp-json\/wp\/v2\/posts"}],"about":[{"href":"https:\/\/kraios.app\/news\/wp-json\/wp\/v2\/types\/post"}],"author":[{"embeddable":true,"href":"https:\/\/kraios.app\/news\/wp-json\/wp\/v2\/users\/1"}],"replies":[{"embeddable":true,"href":"https:\/\/kraios.app\/news\/wp-json\/wp\/v2\/comments?post=9843"}],"version-history":[{"count":0,"href":"https:\/\/kraios.app\/news\/wp-json\/wp\/v2\/posts\/9843\/revisions"}],"wp:featuredmedia":[{"embeddable":true,"href":"https:\/\/kraios.app\/news\/wp-json\/wp\/v2\/media\/9844"}],"wp:attachment":[{"href":"https:\/\/kraios.app\/news\/wp-json\/wp\/v2\/media?parent=9843"}],"wp:term":[{"taxonomy":"category","embeddable":true,"href":"https:\/\/kraios.app\/news\/wp-json\/wp\/v2\/categories?post=9843"},{"taxonomy":"post_tag","embeddable":true,"href":"https:\/\/kraios.app\/news\/wp-json\/wp\/v2\/tags?post=9843"}],"curies":[{"name":"wp","href":"https:\/\/api.w.org\/{rel}","templated":true}]}}