{"id":9833,"date":"2023-07-21T04:20:06","date_gmt":"2023-07-21T04:20:06","guid":{"rendered":"https:\/\/kraios.app\/news\/siyaset\/2023\/07\/21\/eski-disisleri-bakani-cavusogluna-macaristanda-yildizli-liyakat-nisani-verildi\/"},"modified":"2023-07-21T04:20:06","modified_gmt":"2023-07-21T04:20:06","slug":"eski-disisleri-bakani-cavusogluna-macaristanda-yildizli-liyakat-nisani-verildi","status":"publish","type":"post","link":"https:\/\/kraios.app\/news\/siyaset\/2023\/07\/21\/eski-disisleri-bakani-cavusogluna-macaristanda-yildizli-liyakat-nisani-verildi\/","title":{"rendered":"Eski D\u0131\u015fi\u015fleri Bakan\u0131 \u00c7avu\u015fo\u011flu&#8217;na Macaristan&#8217;da &#8220;Y\u0131ld\u0131zl\u0131 Liyakat Ni\u015fan\u0131&#8221; verildi"},"content":{"rendered":"<p><\/p>\n<div>\n<p><strong>Macaristan<\/strong>&#8216;da, eski D\u0131\u015fi\u015fleri Bakan\u0131, AK Parti Antalya Milletvekili ve NATO Parlamenter Asamblesi (PA) T\u00fcrk Delegasyonu Ba\u015fkan\u0131 <strong>Mevl\u00fct \u00c7avu\u015fo\u011flu<\/strong>&#8216;na, T\u00fcrkiye-Macaristan ili\u015fkilerinin geli\u015ftirilmesine sa\u011flad\u0131\u011f\u0131 \u015fahsi katk\u0131lar ve b\u00f6lgesel \u00e7at\u0131\u015fmalar\u0131n bar\u0131\u015f\u00e7\u0131l \u00e7\u00f6z\u00fcm\u00fc i\u00e7in y\u00fcr\u00fctt\u00fc\u011f\u00fc \u00fcst\u00fcn \u00e7al\u0131\u015fmalardan dolay\u0131 &#8220;Y\u0131ld\u0131zl\u0131 Liyakat Ni\u015fan\u0131&#8221; takdim edildi.<\/p>\n<p>Macaristan&#8217;\u0131n ba\u015fkenti Budape\u015fte&#8217;de d\u00fczenlenen, Macaristan Devlet Protokol\u00fcnden ve Macaristan D\u0131\u015fi\u015fleri ve D\u0131\u015f Ticaret Bakanl\u0131\u011f\u0131ndan \u00fcst d\u00fczey yetkililerin kat\u0131ld\u0131\u011f\u0131 t\u00f6rende, Budape\u015fte B\u00fcy\u00fckel\u00e7ili\u011fi mensuplar\u0131, Budape\u015fte&#8217;deki T\u00fcrk kurum temsilcileri ve T\u00fcrk Devletleri Te\u015fkilat\u0131 (TDT) \u00fcyesi \u00fclkelerin B\u00fcy\u00fckel\u00e7ileri de haz\u0131r bulundu.<\/p>\n<p><img decoding=\"async\" alt=\"\" src=\"https:\/\/www.aa.com.tr\/uploads\/userFiles\/40b5e6df-807a-4c96-8fee-5e91cbea23a3\/2023%2FTemmuz%2Fmcr2.jpg\"\/><\/p>\n<p>T\u00f6ren \u00f6ncesinde \u00c7avu\u015fo\u011flu ve Macaristan D\u0131\u015fi\u015fleri ve D\u0131\u015f Ticaret Bakan\u0131 Peter Szijjarto ba\u015f ba\u015fa g\u00f6r\u00fc\u015fme ger\u00e7ekle\u015ftirdi.<\/p>\n<p>\u0130ki \u00fclkenin milli mar\u015flar\u0131yla ba\u015flayan t\u00f6rende, \u00c7avu\u015fo\u011flu&#8217;nun bakanlara verilen Macaristan Devlet Liyakat Ni\u015fanlar\u0131n\u0131n en \u00fcst kategorisindeki &#8220;Y\u0131ld\u0131zl\u0131 Liyakat Ni\u015fan\u0131&#8221;na lay\u0131k g\u00f6r\u00fclmesinin gerek\u00e7eleri okundu.<\/p>\n<p>Bu \u00e7er\u00e7evede, Macaristan ile ikili ili\u015fkilere \u00f6zel \u00f6nem atfeden \u00c7avu\u015fo\u011flu&#8217;nun uluslararas\u0131 forumlarda da Macaristan&#8217;\u0131n ger\u00e7ek bir dostu olarak \u00f6ne \u00e7\u0131kt\u0131\u011f\u0131 ve \u00e7abalar\u0131 sayesinde T\u00fcrkiye ile Macaristan aras\u0131ndaki i\u015fbirli\u011finin ikili d\u00fczeyde ve uluslararas\u0131 kurulu\u015flar \u00e7er\u00e7evesinde her zamankinden daha canl\u0131 hale geldi\u011fi kaydedildi.<\/p>\n<p><img decoding=\"async\" alt=\"\" src=\"https:\/\/www.aa.com.tr\/uploads\/userFiles\/40b5e6df-807a-4c96-8fee-5e91cbea23a3\/2023%2FTemmuz%2Fmcr3.jpg\"\/><\/p>\n<p>\u00d6te yandan \u00c7avu\u015fo\u011flu&#8217;nun g\u00f6rev s\u00fcresi boyunca Vi\u015fegrad Grubu-T\u00fcrkiye ili\u015fkilerinin, Afrika&#8217;da T\u00fcrk-Macar i\u015fbirli\u011finin ve Macaristan&#8217;\u0131n T\u00fcrk\u00e7e konu\u015fan Orta Asya devletleriyle i\u015fbirli\u011finin derinle\u015ftirmesine de \u00f6nemli katk\u0131larda bulundu\u011fu, Macar-T\u00fcrk siyasi, ekonomik ve k\u00fclt\u00fcrel ili\u015fkilerinin h\u0131zla geli\u015fti\u011fi, iki \u00fclke ili\u015fkilerinin &#8220;stratejik ortakl\u0131k&#8221; seviyesinden &#8220;geli\u015ftirilmi\u015f stratejik ortakl\u0131k&#8221; seviyesine y\u00fckseltilmesine karar verildi\u011fi vurguland\u0131.<\/p>\n<p>\u00c7avu\u015fo\u011flu&#8217;nun, Ukrayna ba\u015fta olmak \u00fczere, b\u00f6lgesel \u00e7at\u0131\u015fmalar\u0131n bar\u0131\u015f\u00e7\u0131l yollarla \u00e7\u00f6z\u00fcm\u00fc i\u00e7in y\u00fcr\u00fctt\u00fc\u011f\u00fc arabuluculuk faaliyetlerine ve ba\u015fta Birle\u015fmi\u015f Milletler (BM) olmak \u00fczere \u00e7ok tarafl\u0131l\u0131\u011f\u0131n g\u00fc\u00e7lendirilmesine katk\u0131lar\u0131na dikkat \u00e7ekilirken, uluslararas\u0131 kalk\u0131nma i\u015fbirli\u011finin g\u00fc\u00e7lenmesini sa\u011flayarak geli\u015fmekte olan \u00fclkeleri destekledi\u011fi ve eylemleriyle Avrupa \u00fczerindeki g\u00f6\u00e7 bask\u0131s\u0131n\u0131n azalt\u0131lmas\u0131na ve sorunlar\u0131n yerel olarak \u00e7\u00f6z\u00fclmesine de katk\u0131 sa\u011flad\u0131\u011f\u0131 aktar\u0131ld\u0131.<\/p>\n<p>Ni\u015fan, Macaristan Cumhurba\u015fkan\u0131 Katalin Novak ad\u0131na D\u0131\u015fi\u015fleri ve D\u0131\u015f Ticaret Bakan\u0131 Szijjarto taraf\u0131ndan \u00c7avu\u015fo\u011flu&#8217;na takdim edildi.<\/p>\n<p><img decoding=\"async\" alt=\"\" src=\"https:\/\/www.aa.com.tr\/uploads\/userFiles\/40b5e6df-807a-4c96-8fee-5e91cbea23a3\/2023%2FTemmuz%2Fmcr4.jpg\"\/><\/p>\n<p>Burada yapt\u0131\u011f\u0131 konu\u015fmada Szijjarto, g\u00f6rev s\u00fcresi boyunca \u00e7ok yak\u0131n \u00e7al\u0131\u015ft\u0131\u011f\u0131 \u00c7avu\u015fo\u011flu&#8217;na Y\u0131ld\u0131zl\u0131 Liyakat Ni\u015fan\u0131&#8217;n\u0131 takdim etmekten onur duydu\u011funu vurgulad\u0131.<\/p>\n<p>\u00c7avu\u015fo\u011flu da &#8220;T\u00fcrkiye ile Macaristan aras\u0131nda her ge\u00e7en g\u00fcn daha da g\u00fc\u00e7lenen dostluk ve karde\u015flik ili\u015fkilerinin bir simgesi olarak&#8221; Macaristan&#8217;\u0131n Y\u0131ld\u0131zl\u0131 Liyakat Ni\u015fan\u0131&#8217;yla onurland\u0131r\u0131lmaktan &#8220;b\u00fcy\u00fck mutluluk duydu\u011funu&#8221; kaydetti.<\/p>\n<p>Macaristan Devlet Liyakat Ni\u015fanlar\u0131n\u0131n en \u00fcst kategorisindeki Y\u0131ld\u0131zl\u0131 Liyakat Ni\u015fan\u0131, ge\u00e7mi\u015fte eski ABD D\u0131\u015fi\u015fleri Bakan\u0131 Madeleine Albright, \u00dcrd\u00fcn Prensi Hassan Bin Talal, eski Polonya Ba\u015fbakan\u0131 Waldemar Pawlak, eski Avusturya D\u0131\u015fi\u015fleri Bakan\u0131 Michael Spindelegger ve eski Avrupa Birli\u011fi (AB) Komiserlerinden G\u00fcnter Verheugen gibi isimlere takdim edilmi\u015fti.<\/p>\n<p>\u00c7avu\u015fo\u011flu&#8217;na daha \u00f6nce, 2019&#8217;da Japonya&#8217;n\u0131n en y\u00fcksek devlet ni\u015fan\u0131 olan &#8220;Y\u00fckselen G\u00fcne\u015f Ni\u015fan\u0131 ve B\u00fcy\u00fck Kordonu&#8221;, 2020&#8217;de &#8220;Azerbaycan Dostluk Ni\u015fan\u0131&#8221; ve &#8220;Gine Bissau Devlet Ni\u015fan\u0131&#8221;, 2013 ve 2020&#8217;de &#8220;Ukrayna Liyakat Ni\u015fan\u0131&#8221; ve 2021&#8217;de Pakistan&#8217;da bir sivile verilen ikinci en \u00fcst d\u00fczeyli ni\u015fan olan &#8220;Hilal-e Pakistan&#8221; verilmi\u015fti. <\/p>\n<p>                            <span class=\"detay-foto-editor\">&#13;<br \/>\n                                <a href=\"https:\/\/www.aa.com.tr\/tr\/p\/abonelik-talep-formu\/1001\" target=\"_blank\" style=\"font-size:12px; color:#444; text-decoration:none;\" rel=\"noopener\">&#13;<br \/>\n                                    Anadolu Ajans\u0131 web sitesinde, AA Haber Ak\u0131\u015f Sistemi (HAS) \u00fczerinden abonelere sunulan haberler, \u00f6zetlenerek yay\u0131mlanmaktad\u0131r. <b style=\"color:#1897F7\">Abonelik i\u00e7in l\u00fctfen ileti\u015fime ge\u00e7iniz.<\/b>&#13;<br \/>\n                                <\/a>&#13;<br \/>\n                            <\/span>\n                        <\/div>\n<p><script>\n\t  window.fbAsyncInit = function() {\n\t\tFB.init({\n\t\t  appId: '1855843514662870',\n\t\t  status : true, \/\/ check login status\n\t\t  cookie : true, \/\/ enable cookies to allow the server to access the session\n\t\t  xfbml  : true  \/\/ parse XFBML\n\t\t});\n\t  };<\/p>\n<p>\t  (function() {\n\t\tvar e = document.createElement('script');\n\t\te.src=\"https:\/\/connect.facebook.net\/tr_TR\/all.js\";\n\t\te.async = true;\n\t\tdocument.getElementById('fb-root').appendChild(e);\n\t  }());\n    <\/script><\/p>\n","protected":false},"excerpt":{"rendered":"<p>Macaristan&#8216;da, eski D\u0131\u015fi\u015fleri Bakan\u0131, AK Parti Antalya Milletvekili ve NATO Parlamenter Asamblesi (PA) T\u00fcrk Delegasyonu Ba\u015fkan\u0131 Mevl\u00fct \u00c7avu\u015fo\u011flu&#8216;na, T\u00fcrkiye-Macaristan ili\u015fkilerinin geli\u015ftirilmesine sa\u011flad\u0131\u011f\u0131 \u015fahsi katk\u0131lar ve b\u00f6lgesel \u00e7at\u0131\u015fmalar\u0131n bar\u0131\u015f\u00e7\u0131l \u00e7\u00f6z\u00fcm\u00fc i\u00e7in y\u00fcr\u00fctt\u00fc\u011f\u00fc \u00fcst\u00fcn \u00e7al\u0131\u015fmalardan dolay\u0131 &#8220;Y\u0131ld\u0131zl\u0131 Liyakat Ni\u015fan\u0131&#8221; takdim edildi. Macaristan&#8217;\u0131n ba\u015fkenti Budape\u015fte&#8217;de d\u00fczenlenen, Macaristan Devlet Protokol\u00fcnden ve Macaristan D\u0131\u015fi\u015fleri ve D\u0131\u015f Ticaret Bakanl\u0131\u011f\u0131ndan \u00fcst d\u00fczey [&hellip;]<\/p>\n","protected":false},"author":1,"featured_media":9834,"comment_status":"","ping_status":"","sticky":false,"template":"","format":"standard","meta":[],"categories":[47],"tags":[],"_links":{"self":[{"href":"https:\/\/kraios.app\/news\/wp-json\/wp\/v2\/posts\/9833"}],"collection":[{"href":"https:\/\/kraios.app\/news\/wp-json\/wp\/v2\/posts"}],"about":[{"href":"https:\/\/kraios.app\/news\/wp-json\/wp\/v2\/types\/post"}],"author":[{"embeddable":true,"href":"https:\/\/kraios.app\/news\/wp-json\/wp\/v2\/users\/1"}],"replies":[{"embeddable":true,"href":"https:\/\/kraios.app\/news\/wp-json\/wp\/v2\/comments?post=9833"}],"version-history":[{"count":0,"href":"https:\/\/kraios.app\/news\/wp-json\/wp\/v2\/posts\/9833\/revisions"}],"wp:featuredmedia":[{"embeddable":true,"href":"https:\/\/kraios.app\/news\/wp-json\/wp\/v2\/media\/9834"}],"wp:attachment":[{"href":"https:\/\/kraios.app\/news\/wp-json\/wp\/v2\/media?parent=9833"}],"wp:term":[{"taxonomy":"category","embeddable":true,"href":"https:\/\/kraios.app\/news\/wp-json\/wp\/v2\/categories?post=9833"},{"taxonomy":"post_tag","embeddable":true,"href":"https:\/\/kraios.app\/news\/wp-json\/wp\/v2\/tags?post=9833"}],"curies":[{"name":"wp","href":"https:\/\/api.w.org\/{rel}","templated":true}]}}