{"id":9824,"date":"2023-07-21T00:20:04","date_gmt":"2023-07-21T00:20:04","guid":{"rendered":"https:\/\/kraios.app\/news\/gundem\/2023\/07\/21\/fransiz-meclisi-olaylarda-tahrip-edilen-binalarin-hizla-onarimi-icin-tasari-kabul-etti\/"},"modified":"2023-07-21T00:20:04","modified_gmt":"2023-07-21T00:20:04","slug":"fransiz-meclisi-olaylarda-tahrip-edilen-binalarin-hizla-onarimi-icin-tasari-kabul-etti","status":"publish","type":"post","link":"https:\/\/kraios.app\/news\/gundem\/2023\/07\/21\/fransiz-meclisi-olaylarda-tahrip-edilen-binalarin-hizla-onarimi-icin-tasari-kabul-etti\/","title":{"rendered":"Frans\u0131z meclisi olaylarda tahrip edilen binalar\u0131n h\u0131zla onar\u0131m\u0131 i\u00e7in tasar\u0131 kabul etti"},"content":{"rendered":"<p><\/p>\n<div>\n<p>Frans\u0131z milletvekilleri, Genel Kurulda, Nael M. isimli gencin polis kur\u015funuyla \u00f6ld\u00fcr\u00fclmesinin ard\u0131ndan \u00e7\u0131kan toplumsal olaylarda tahrip edilen binalar\u0131n yeniden in\u015fas\u0131n\u0131 ve onar\u0131m\u0131n\u0131 h\u0131zland\u0131rmaya y\u00f6nelik <strong>yasa tasar\u0131s\u0131n\u0131<\/strong> g\u00f6r\u00fc\u015ft\u00fc.<\/p>\n<p>Tasar\u0131 87&#8217;ye kar\u015f\u0131 260 oyla kabul edildi.<\/p>\n<p>Yasa tasar\u0131s\u0131, s\u00f6z konusu binalar\u0131n yeniden in\u015fa veya onar\u0131m i\u015flemlerini h\u0131zland\u0131rmak amac\u0131yla h\u00fck\u00fcmete 3 ay boyunca her t\u00fcrl\u00fc ad\u0131m\u0131 kararnameyle alma yetkisi veriyor.<\/p>\n<p>Tasar\u0131, asl\u0131na g\u00f6re yeniden in\u015fa edilecek binalar i\u00e7in in\u015fa s\u00fcresini azaltmay\u0131 ve in\u015faat ruhsatlar\u0131n\u0131n h\u0131zl\u0131ca verilmesini hedefliyor.<\/p>\n<p>H\u00fck\u00fcmet, tasar\u0131 kapsam\u0131nda s\u00f6z konusu binalar\u0131n yeniden in\u015fas\u0131 ve onar\u0131m\u0131 i\u00e7in \u015fehir planlama mevzuat\u0131na uymak zorunda kalmayacak.<\/p>\n<p>Senato&#8217;da 18 Haziran&#8217;da kabul edilen tasar\u0131, g\u00f6r\u00fc\u015f\u00fclmek \u00fczere meclise g\u00f6nderilmi\u015fti.<\/p>\n<p>Tasar\u0131, Mecliste onaylanmas\u0131yla yasala\u015ft\u0131.<\/p>\n<p>Yasan\u0131n y\u00fcr\u00fcrl\u00fc\u011fe girebilmesi i\u00e7in Resmi Gazete&#8217;de yay\u0131mlanmas\u0131 gerekiyor.<\/p>\n<p>Fransa&#8217;da bir yasa tasar\u0131s\u0131n\u0131n nihai olarak kabul edilmesi i\u00e7in Parlamentonun iki kanad\u0131 olan Ulusal Meclis ve Senato&#8217;dan onay almas\u0131 gerekiyor.<\/p>\n<h3>Fransa&#8217;daki protestolar<\/h3>\n<p>Fransa&#8217;da polisin ate\u015f a\u00e7mas\u0131 sonucu hayat\u0131n\u0131 kaybeden Nael M&#8217;nin \u00f6ld\u00fcr\u00fclmesine tepki g\u00f6sterenler, \u00fclke genelinde farkl\u0131 kentlerde soka\u011fa \u00e7\u0131karak polisle \u00e7at\u0131\u015fm\u0131\u015ft\u0131.<\/p>\n<p>Paris, Marsilya ve Lyon dahil bir\u00e7ok kentte d\u00fczenlenen protestolarda talan ve ya\u011fmalama olaylar\u0131 ya\u015fanm\u0131\u015ft\u0131.<\/p>\n<p>\u00dclkede 500 kadar b\u00f6lgede d\u00fczenlenen protestolarda, aralar\u0131nda karakollar\u0131n da yer ald\u0131\u011f\u0131 yakla\u015f\u0131k 1000 bina tahrip edilmi\u015fti.<\/p>\n<p>\u0130ktidar kanad\u0131 olaylarda tahrip edilen binalar\u0131n h\u0131zla yeniden in\u015fa edilmesi i\u00e7in acil yasa \u00e7\u0131karacaklar\u0131n\u0131 a\u00e7\u0131klam\u0131\u015ft\u0131.<\/p>\n<p>                            <span class=\"detay-foto-editor\">&#13;<br \/>\n                                <a href=\"https:\/\/www.aa.com.tr\/tr\/p\/abonelik-talep-formu\/1001\" target=\"_blank\" style=\"font-size:12px; color:#444; text-decoration:none;\" rel=\"noopener\">&#13;<br \/>\n                                    Anadolu Ajans\u0131 web sitesinde, AA Haber Ak\u0131\u015f Sistemi (HAS) \u00fczerinden abonelere sunulan haberler, \u00f6zetlenerek yay\u0131mlanmaktad\u0131r. <b style=\"color:#1897F7\">Abonelik i\u00e7in l\u00fctfen ileti\u015fime ge\u00e7iniz.<\/b>&#13;<br \/>\n                                <\/a>&#13;<br \/>\n                            <\/span>\n                        <\/div>\n<p><script>\n\t  window.fbAsyncInit = function() {\n\t\tFB.init({\n\t\t  appId: '1855843514662870',\n\t\t  status : true, \/\/ check login status\n\t\t  cookie : true, \/\/ enable cookies to allow the server to access the session\n\t\t  xfbml  : true  \/\/ parse XFBML\n\t\t});\n\t  };<\/p>\n<p>\t  (function() {\n\t\tvar e = document.createElement('script');\n\t\te.src=\"https:\/\/connect.facebook.net\/tr_TR\/all.js\";\n\t\te.async = true;\n\t\tdocument.getElementById('fb-root').appendChild(e);\n\t  }());\n    <\/script><\/p>\n","protected":false},"excerpt":{"rendered":"<p>Frans\u0131z milletvekilleri, Genel Kurulda, Nael M. isimli gencin polis kur\u015funuyla \u00f6ld\u00fcr\u00fclmesinin ard\u0131ndan \u00e7\u0131kan toplumsal olaylarda tahrip edilen binalar\u0131n yeniden in\u015fas\u0131n\u0131 ve onar\u0131m\u0131n\u0131 h\u0131zland\u0131rmaya y\u00f6nelik yasa tasar\u0131s\u0131n\u0131 g\u00f6r\u00fc\u015ft\u00fc. Tasar\u0131 87&#8217;ye kar\u015f\u0131 260 oyla kabul edildi. Yasa tasar\u0131s\u0131, s\u00f6z konusu binalar\u0131n yeniden in\u015fa veya onar\u0131m i\u015flemlerini h\u0131zland\u0131rmak amac\u0131yla h\u00fck\u00fcmete 3 ay boyunca her t\u00fcrl\u00fc ad\u0131m\u0131 kararnameyle alma [&hellip;]<\/p>\n","protected":false},"author":1,"featured_media":9825,"comment_status":"","ping_status":"","sticky":false,"template":"","format":"standard","meta":[],"categories":[1],"tags":[],"_links":{"self":[{"href":"https:\/\/kraios.app\/news\/wp-json\/wp\/v2\/posts\/9824"}],"collection":[{"href":"https:\/\/kraios.app\/news\/wp-json\/wp\/v2\/posts"}],"about":[{"href":"https:\/\/kraios.app\/news\/wp-json\/wp\/v2\/types\/post"}],"author":[{"embeddable":true,"href":"https:\/\/kraios.app\/news\/wp-json\/wp\/v2\/users\/1"}],"replies":[{"embeddable":true,"href":"https:\/\/kraios.app\/news\/wp-json\/wp\/v2\/comments?post=9824"}],"version-history":[{"count":0,"href":"https:\/\/kraios.app\/news\/wp-json\/wp\/v2\/posts\/9824\/revisions"}],"wp:featuredmedia":[{"embeddable":true,"href":"https:\/\/kraios.app\/news\/wp-json\/wp\/v2\/media\/9825"}],"wp:attachment":[{"href":"https:\/\/kraios.app\/news\/wp-json\/wp\/v2\/media?parent=9824"}],"wp:term":[{"taxonomy":"category","embeddable":true,"href":"https:\/\/kraios.app\/news\/wp-json\/wp\/v2\/categories?post=9824"},{"taxonomy":"post_tag","embeddable":true,"href":"https:\/\/kraios.app\/news\/wp-json\/wp\/v2\/tags?post=9824"}],"curies":[{"name":"wp","href":"https:\/\/api.w.org\/{rel}","templated":true}]}}