{"id":9812,"date":"2023-07-20T19:18:06","date_gmt":"2023-07-20T19:18:06","guid":{"rendered":"https:\/\/kraios.app\/news\/gundem\/2023\/07\/20\/besiktas-ve-fenerbahcenin-uefa-avrupa-konferans-ligindeki-rakipleri-belli-oldu\/"},"modified":"2023-07-20T19:18:06","modified_gmt":"2023-07-20T19:18:06","slug":"besiktas-ve-fenerbahcenin-uefa-avrupa-konferans-ligindeki-rakipleri-belli-oldu","status":"publish","type":"post","link":"https:\/\/kraios.app\/news\/gundem\/2023\/07\/20\/besiktas-ve-fenerbahcenin-uefa-avrupa-konferans-ligindeki-rakipleri-belli-oldu\/","title":{"rendered":"Be\u015fikta\u015f ve Fenerbah\u00e7e&#039;nin UEFA Avrupa Konferans Ligi&#039;ndeki rakipleri belli oldu"},"content":{"rendered":"<p>Be\u015fikta\u015f ve Fenerbah\u00e7e&#8217;nin UEFA Avrupa Konferans Ligi 2. eleme turundaki rakipleri belli oldu.<\/p>\n","protected":false},"excerpt":{"rendered":"<p>Be\u015fikta\u015f ve Fenerbah\u00e7e&#8217;nin UEFA Avrupa Konferans Ligi 2. eleme turundaki rakipleri belli oldu.<\/p>\n","protected":false},"author":1,"featured_media":9813,"comment_status":"","ping_status":"","sticky":false,"template":"","format":"standard","meta":[],"categories":[1],"tags":[],"_links":{"self":[{"href":"https:\/\/kraios.app\/news\/wp-json\/wp\/v2\/posts\/9812"}],"collection":[{"href":"https:\/\/kraios.app\/news\/wp-json\/wp\/v2\/posts"}],"about":[{"href":"https:\/\/kraios.app\/news\/wp-json\/wp\/v2\/types\/post"}],"author":[{"embeddable":true,"href":"https:\/\/kraios.app\/news\/wp-json\/wp\/v2\/users\/1"}],"replies":[{"embeddable":true,"href":"https:\/\/kraios.app\/news\/wp-json\/wp\/v2\/comments?post=9812"}],"version-history":[{"count":0,"href":"https:\/\/kraios.app\/news\/wp-json\/wp\/v2\/posts\/9812\/revisions"}],"wp:featuredmedia":[{"embeddable":true,"href":"https:\/\/kraios.app\/news\/wp-json\/wp\/v2\/media\/9813"}],"wp:attachment":[{"href":"https:\/\/kraios.app\/news\/wp-json\/wp\/v2\/media?parent=9812"}],"wp:term":[{"taxonomy":"category","embeddable":true,"href":"https:\/\/kraios.app\/news\/wp-json\/wp\/v2\/categories?post=9812"},{"taxonomy":"post_tag","embeddable":true,"href":"https:\/\/kraios.app\/news\/wp-json\/wp\/v2\/tags?post=9812"}],"curies":[{"name":"wp","href":"https:\/\/api.w.org\/{rel}","templated":true}]}}