{"id":9786,"date":"2023-07-20T15:20:05","date_gmt":"2023-07-20T15:20:05","guid":{"rendered":"https:\/\/kraios.app\/news\/gundem\/2023\/07\/20\/kuzey-koreden-abd-nukleer-denizaltisinin-guneye-demirlemesine-sert-tepki\/"},"modified":"2023-07-20T15:20:05","modified_gmt":"2023-07-20T15:20:05","slug":"kuzey-koreden-abd-nukleer-denizaltisinin-guneye-demirlemesine-sert-tepki","status":"publish","type":"post","link":"https:\/\/kraios.app\/news\/gundem\/2023\/07\/20\/kuzey-koreden-abd-nukleer-denizaltisinin-guneye-demirlemesine-sert-tepki\/","title":{"rendered":"Kuzey Kore&#8217;den ABD n\u00fckleer denizalt\u0131s\u0131n\u0131n G\u00fcney&#8217;e demirlemesine sert tepki"},"content":{"rendered":"<p><\/p>\n<div>\n<p><strong>Kuzey Kore<\/strong>&#8216;nin resmi Kore Merkezi Haber Ajans\u0131na g\u00f6re <strong>Kang Sun-nam<\/strong>, yapt\u0131\u011f\u0131 bas\u0131n a\u00e7\u0131klamas\u0131nda, <strong>ABD&#8217;nin Kentucky n\u00fckleer denizalt\u0131s\u0131n\u0131n<\/strong> G\u00fcney Kore&#8217;nin Busan Liman\u0131&#8217;na demir atmas\u0131n\u0131n yan\u0131 s\u0131ra G\u00fcney Kore ve ABD i\u015fbirli\u011findeki N\u00fckleer Dan\u0131\u015fma Grubu (NCG) toplant\u0131s\u0131n\u0131n, \u00fclkesinin n\u00fckleer silah kullan\u0131m\u0131n\u0131 me\u015frula\u015ft\u0131ran yasal \u015fartlardan say\u0131labilece\u011fini belirtti.<\/p>\n<p>Kang, &#8220;Kuzey&#8217;in n\u00fckleer doktrinine g\u00f6re, bir <strong>tehdit<\/strong> ile kar\u015f\u0131 kar\u015f\u0131ya gelindi\u011finde kar\u015f\u0131l\u0131k verme yetkileri oldu\u011funa&#8221; i\u015faret ederek, &#8220;ABD ordusuna, n\u00fckleer denizalt\u0131 ve di\u011fer stratejik varl\u0131klar\u0131n\u0131n giderek artmas\u0131n\u0131n, Kuzey Kore&#8217;nin n\u00fckleer g\u00fc\u00e7 politikas\u0131na ili\u015fkin yasas\u0131nda belirtilen n\u00fckleer silah kullan\u0131m\u0131 ko\u015fullar\u0131na girebilece\u011fi ger\u00e7e\u011fini hat\u0131rlat\u0131r\u0131m.&#8221; ifadesini kulland\u0131.<\/p>\n<p>ABD ve G\u00fcney Kore&#8217;yi &#8220;k\u0131rm\u0131z\u0131 \u00e7izgiyi&#8221; a\u015fmakla su\u00e7layan Kang, bu iki \u00fclkenin askeri g\u00fc\u00e7lerini Kuzey Kore&#8217;ye kar\u015f\u0131 kullanmalar\u0131n\u0131n &#8220;yapacaklar\u0131 en sefil tercih&#8221; olaca\u011f\u0131n\u0131 belirtti.<\/p>\n<h3>NCG toplant\u0131s\u0131 ve ABD&#8217;nin g\u00f6nderdi\u011fi n\u00fckleer denizalt\u0131<\/h3>\n<p>ABD ve G\u00fcney Kore&#8217;nin Kuzey&#8217;in n\u00fckleer faaliyetlerine kar\u015f\u0131 birlikte hareket etmek i\u00e7in kurdu\u011fu N\u00fckleer Dan\u0131\u015fma Grubu, ba\u015fkent Seul&#8217;de bir araya gelmi\u015fti.<\/p>\n<p>G\u00fcney Kore Devlet Ba\u015fkan\u0131 Yoon Suk-yeol, toplant\u0131n\u0131n ard\u0131ndan yapt\u0131\u011f\u0131 a\u00e7\u0131klamada, taraflara Kuzey Kore n\u00fckleer silah kullanmaya cesaret edemeyene kadar geni\u015fletilmi\u015f cayd\u0131r\u0131c\u0131l\u0131\u011f\u0131 g\u00fc\u00e7lendirme \u00e7a\u011fr\u0131s\u0131 yapm\u0131\u015ft\u0131.<\/p>\n<p>G\u00fcney Kore Savunma Bakanl\u0131\u011f\u0131ndan yap\u0131lan a\u00e7\u0131klamada da &#8220;Kuzey Kore&#8217;yi sald\u0131r\u0131lar\u0131ndan cayd\u0131rmak&#8221; amac\u0131yla <strong>ABD<\/strong>&#8216;nin 1981&#8217;den bu yana G\u00fcney Kore&#8217;ye ilk kez n\u00fckleer denizalt\u0131 g\u00f6nderdi\u011fi kaydedilmi\u015fti.<\/p>\n<h3>Kuzey Kore&#8217;nin n\u00fckleer silah kullan\u0131m\u0131n\u0131 d\u00fczenleyen yasa<\/h3>\n<p>Kuzey Kore parlamentosunda 8 Eyl\u00fcl 2022&#8217;de n\u00fckleer silahlar\u0131n kullan\u0131m\u0131n\u0131 d\u00fczenleyen yasa kabul edilmi\u015fti.<\/p>\n<p>Bu yasa, Kuzey Kore&#8217;nin &#8220;n\u00fckleer veya n\u00fckleer olmayan bir tehdit&#8221; ile kar\u015f\u0131 kar\u015f\u0131ya gelmesi durumunda orduya d\u00fc\u015fman\u0131n komuta merkezlerine &#8220;otomatik&#8221; olarak n\u00fckleer sald\u0131r\u0131lar\u0131 ba\u015flatma yetkisi veriyor.<\/p>\n<p>Bunun yan\u0131 s\u0131ra yasa ile \u00fclkenin ve halk\u0131n bir &#8220;felaket&#8221; ya\u015famas\u0131 halinde n\u00fckleer silahlar\u0131n kullan\u0131labilece\u011fi belirtiliyor.<\/p>\n<p>G\u00fcney Kore Savunma Bakanl\u0131\u011f\u0131, 18 Temmuz&#8217;da, &#8220;d\u00fcnyadaki en b\u00fcy\u00fck denizalt\u0131lardan biri&#8221; olarak bilinen ABD&#8217;nin 170 metre uzunlu\u011funda ve yakla\u015f\u0131k 19 bin ton a\u011f\u0131rl\u0131\u011f\u0131ndaki USS Kentucky n\u00fckleer denizalt\u0131s\u0131n\u0131n Busan Liman\u0131&#8217;na vard\u0131\u011f\u0131n\u0131 a\u00e7\u0131klam\u0131\u015ft\u0131.<\/p>\n<p>                            <span class=\"detay-foto-editor\">&#13;<br \/>\n                                <a href=\"https:\/\/www.aa.com.tr\/tr\/p\/abonelik-talep-formu\/1001\" target=\"_blank\" style=\"font-size:12px; color:#444; text-decoration:none;\" rel=\"noopener\">&#13;<br \/>\n                                    Anadolu Ajans\u0131 web sitesinde, AA Haber Ak\u0131\u015f Sistemi (HAS) \u00fczerinden abonelere sunulan haberler, \u00f6zetlenerek yay\u0131mlanmaktad\u0131r. <b style=\"color:#1897F7\">Abonelik i\u00e7in l\u00fctfen ileti\u015fime ge\u00e7iniz.<\/b>&#13;<br \/>\n                                <\/a>&#13;<br \/>\n                            <\/span>\n                        <\/div>\n<p><script>\n\t  window.fbAsyncInit = function() {\n\t\tFB.init({\n\t\t  appId: '1855843514662870',\n\t\t  status : true, \/\/ check login status\n\t\t  cookie : true, \/\/ enable cookies to allow the server to access the session\n\t\t  xfbml  : true  \/\/ parse XFBML\n\t\t});\n\t  };<\/p>\n<p>\t  (function() {\n\t\tvar e = document.createElement('script');\n\t\te.src=\"https:\/\/connect.facebook.net\/tr_TR\/all.js\";\n\t\te.async = true;\n\t\tdocument.getElementById('fb-root').appendChild(e);\n\t  }());\n    <\/script><\/p>\n","protected":false},"excerpt":{"rendered":"<p>Kuzey Kore&#8216;nin resmi Kore Merkezi Haber Ajans\u0131na g\u00f6re Kang Sun-nam, yapt\u0131\u011f\u0131 bas\u0131n a\u00e7\u0131klamas\u0131nda, ABD&#8217;nin Kentucky n\u00fckleer denizalt\u0131s\u0131n\u0131n G\u00fcney Kore&#8217;nin Busan Liman\u0131&#8217;na demir atmas\u0131n\u0131n yan\u0131 s\u0131ra G\u00fcney Kore ve ABD i\u015fbirli\u011findeki N\u00fckleer Dan\u0131\u015fma Grubu (NCG) toplant\u0131s\u0131n\u0131n, \u00fclkesinin n\u00fckleer silah kullan\u0131m\u0131n\u0131 me\u015frula\u015ft\u0131ran yasal \u015fartlardan say\u0131labilece\u011fini belirtti. Kang, &#8220;Kuzey&#8217;in n\u00fckleer doktrinine g\u00f6re, bir tehdit ile kar\u015f\u0131 kar\u015f\u0131ya gelindi\u011finde [&hellip;]<\/p>\n","protected":false},"author":1,"featured_media":9787,"comment_status":"","ping_status":"","sticky":false,"template":"","format":"standard","meta":[],"categories":[1],"tags":[],"_links":{"self":[{"href":"https:\/\/kraios.app\/news\/wp-json\/wp\/v2\/posts\/9786"}],"collection":[{"href":"https:\/\/kraios.app\/news\/wp-json\/wp\/v2\/posts"}],"about":[{"href":"https:\/\/kraios.app\/news\/wp-json\/wp\/v2\/types\/post"}],"author":[{"embeddable":true,"href":"https:\/\/kraios.app\/news\/wp-json\/wp\/v2\/users\/1"}],"replies":[{"embeddable":true,"href":"https:\/\/kraios.app\/news\/wp-json\/wp\/v2\/comments?post=9786"}],"version-history":[{"count":0,"href":"https:\/\/kraios.app\/news\/wp-json\/wp\/v2\/posts\/9786\/revisions"}],"wp:featuredmedia":[{"embeddable":true,"href":"https:\/\/kraios.app\/news\/wp-json\/wp\/v2\/media\/9787"}],"wp:attachment":[{"href":"https:\/\/kraios.app\/news\/wp-json\/wp\/v2\/media?parent=9786"}],"wp:term":[{"taxonomy":"category","embeddable":true,"href":"https:\/\/kraios.app\/news\/wp-json\/wp\/v2\/categories?post=9786"},{"taxonomy":"post_tag","embeddable":true,"href":"https:\/\/kraios.app\/news\/wp-json\/wp\/v2\/tags?post=9786"}],"curies":[{"name":"wp","href":"https:\/\/api.w.org\/{rel}","templated":true}]}}