{"id":9770,"date":"2023-07-20T10:20:05","date_gmt":"2023-07-20T10:20:05","guid":{"rendered":"https:\/\/kraios.app\/news\/gundem\/2023\/07\/20\/karadenizdeki-tahil-koridorunda-son-durum-ne\/"},"modified":"2023-07-20T10:20:05","modified_gmt":"2023-07-20T10:20:05","slug":"karadenizdeki-tahil-koridorunda-son-durum-ne","status":"publish","type":"post","link":"https:\/\/kraios.app\/news\/gundem\/2023\/07\/20\/karadenizdeki-tahil-koridorunda-son-durum-ne\/","title":{"rendered":"Karadeniz&#039;deki tah\u0131l koridorunda son durum ne?"},"content":{"rendered":"<p>Rusya tah\u0131l anla\u015fmas\u0131ndan geri \u00e7ekildi\u011fini a\u00e7\u0131klad\u0131. Peki bundan sonra neler olacak? Yeditepe \u00dcniversitesi \u00d6\u011fretim \u00dcyesi Do\u00e7. Dr. Furkan Kaya anlatt\u0131.<\/p>\n","protected":false},"excerpt":{"rendered":"<p>Rusya tah\u0131l anla\u015fmas\u0131ndan geri \u00e7ekildi\u011fini a\u00e7\u0131klad\u0131. Peki bundan sonra neler olacak? Yeditepe \u00dcniversitesi \u00d6\u011fretim \u00dcyesi Do\u00e7. Dr. Furkan Kaya anlatt\u0131.<\/p>\n","protected":false},"author":1,"featured_media":9771,"comment_status":"","ping_status":"","sticky":false,"template":"","format":"standard","meta":[],"categories":[1],"tags":[],"_links":{"self":[{"href":"https:\/\/kraios.app\/news\/wp-json\/wp\/v2\/posts\/9770"}],"collection":[{"href":"https:\/\/kraios.app\/news\/wp-json\/wp\/v2\/posts"}],"about":[{"href":"https:\/\/kraios.app\/news\/wp-json\/wp\/v2\/types\/post"}],"author":[{"embeddable":true,"href":"https:\/\/kraios.app\/news\/wp-json\/wp\/v2\/users\/1"}],"replies":[{"embeddable":true,"href":"https:\/\/kraios.app\/news\/wp-json\/wp\/v2\/comments?post=9770"}],"version-history":[{"count":0,"href":"https:\/\/kraios.app\/news\/wp-json\/wp\/v2\/posts\/9770\/revisions"}],"wp:featuredmedia":[{"embeddable":true,"href":"https:\/\/kraios.app\/news\/wp-json\/wp\/v2\/media\/9771"}],"wp:attachment":[{"href":"https:\/\/kraios.app\/news\/wp-json\/wp\/v2\/media?parent=9770"}],"wp:term":[{"taxonomy":"category","embeddable":true,"href":"https:\/\/kraios.app\/news\/wp-json\/wp\/v2\/categories?post=9770"},{"taxonomy":"post_tag","embeddable":true,"href":"https:\/\/kraios.app\/news\/wp-json\/wp\/v2\/tags?post=9770"}],"curies":[{"name":"wp","href":"https:\/\/api.w.org\/{rel}","templated":true}]}}