{"id":9768,"date":"2023-07-20T09:20:07","date_gmt":"2023-07-20T09:20:07","guid":{"rendered":"https:\/\/kraios.app\/news\/siyaset\/2023\/07\/20\/cumhurbaskani-erdogan-birlesik-arap-emirliklerinden-kktcye-gitti\/"},"modified":"2023-07-20T09:20:07","modified_gmt":"2023-07-20T09:20:07","slug":"cumhurbaskani-erdogan-birlesik-arap-emirliklerinden-kktcye-gitti","status":"publish","type":"post","link":"https:\/\/kraios.app\/news\/siyaset\/2023\/07\/20\/cumhurbaskani-erdogan-birlesik-arap-emirliklerinden-kktcye-gitti\/","title":{"rendered":"Cumhurba\u015fkan\u0131 Erdo\u011fan, Birle\u015fik Arap Emirlikleri&#039;nden KKTC\u2019ye gitti"},"content":{"rendered":"<p>Cumhurba\u015fkan\u0131 Recep Tayyip Erdo\u011fan, K\u00f6rfez turunun son dura\u011f\u0131 olan Birle\u015fik Arap Emirlikleri\u2019ndeki temaslar\u0131n\u0131 tamamlamas\u0131n\u0131n ard\u0131ndan \u00f6zel u\u00e7ak &#8220;TC-TRK&#8221; ile Kuzey K\u0131br\u0131s T\u00fcrk Cumhuriyeti&#8217;ne gitti.<\/p>\n","protected":false},"excerpt":{"rendered":"<p>Cumhurba\u015fkan\u0131 Recep Tayyip Erdo\u011fan, K\u00f6rfez turunun son dura\u011f\u0131 olan Birle\u015fik Arap Emirlikleri\u2019ndeki temaslar\u0131n\u0131 tamamlamas\u0131n\u0131n ard\u0131ndan \u00f6zel u\u00e7ak &#8220;TC-TRK&#8221; ile Kuzey K\u0131br\u0131s T\u00fcrk Cumhuriyeti&#8217;ne gitti.<\/p>\n","protected":false},"author":1,"featured_media":9769,"comment_status":"","ping_status":"","sticky":false,"template":"","format":"standard","meta":[],"categories":[47],"tags":[],"_links":{"self":[{"href":"https:\/\/kraios.app\/news\/wp-json\/wp\/v2\/posts\/9768"}],"collection":[{"href":"https:\/\/kraios.app\/news\/wp-json\/wp\/v2\/posts"}],"about":[{"href":"https:\/\/kraios.app\/news\/wp-json\/wp\/v2\/types\/post"}],"author":[{"embeddable":true,"href":"https:\/\/kraios.app\/news\/wp-json\/wp\/v2\/users\/1"}],"replies":[{"embeddable":true,"href":"https:\/\/kraios.app\/news\/wp-json\/wp\/v2\/comments?post=9768"}],"version-history":[{"count":0,"href":"https:\/\/kraios.app\/news\/wp-json\/wp\/v2\/posts\/9768\/revisions"}],"wp:featuredmedia":[{"embeddable":true,"href":"https:\/\/kraios.app\/news\/wp-json\/wp\/v2\/media\/9769"}],"wp:attachment":[{"href":"https:\/\/kraios.app\/news\/wp-json\/wp\/v2\/media?parent=9768"}],"wp:term":[{"taxonomy":"category","embeddable":true,"href":"https:\/\/kraios.app\/news\/wp-json\/wp\/v2\/categories?post=9768"},{"taxonomy":"post_tag","embeddable":true,"href":"https:\/\/kraios.app\/news\/wp-json\/wp\/v2\/tags?post=9768"}],"curies":[{"name":"wp","href":"https:\/\/api.w.org\/{rel}","templated":true}]}}