{"id":9756,"date":"2023-07-20T05:51:10","date_gmt":"2023-07-20T05:51:10","guid":{"rendered":"https:\/\/kraios.app\/news\/gundem\/2023\/07\/20\/belcikalilarin-yuzde-57si-monarsinin-devamini-istiyor\/"},"modified":"2023-07-20T05:51:10","modified_gmt":"2023-07-20T05:51:10","slug":"belcikalilarin-yuzde-57si-monarsinin-devamini-istiyor","status":"publish","type":"post","link":"https:\/\/kraios.app\/news\/gundem\/2023\/07\/20\/belcikalilarin-yuzde-57si-monarsinin-devamini-istiyor\/","title":{"rendered":"Bel\u00e7ikal\u0131lar\u0131n y\u00fczde 57&#039;si monar\u015finin devam\u0131n\u0131 istiyor"},"content":{"rendered":"<p>Bel\u00e7ika halk\u0131n\u0131n y\u00fczde 57&#8217;sinin \u00fclkede krall\u0131\u011f\u0131n devam etmesinden yana oldu\u011fu bildirildi.<\/p>\n","protected":false},"excerpt":{"rendered":"<p>Bel\u00e7ika halk\u0131n\u0131n y\u00fczde 57&#8217;sinin \u00fclkede krall\u0131\u011f\u0131n devam etmesinden yana oldu\u011fu bildirildi.<\/p>\n","protected":false},"author":1,"featured_media":9757,"comment_status":"","ping_status":"","sticky":false,"template":"","format":"standard","meta":[],"categories":[1],"tags":[],"_links":{"self":[{"href":"https:\/\/kraios.app\/news\/wp-json\/wp\/v2\/posts\/9756"}],"collection":[{"href":"https:\/\/kraios.app\/news\/wp-json\/wp\/v2\/posts"}],"about":[{"href":"https:\/\/kraios.app\/news\/wp-json\/wp\/v2\/types\/post"}],"author":[{"embeddable":true,"href":"https:\/\/kraios.app\/news\/wp-json\/wp\/v2\/users\/1"}],"replies":[{"embeddable":true,"href":"https:\/\/kraios.app\/news\/wp-json\/wp\/v2\/comments?post=9756"}],"version-history":[{"count":0,"href":"https:\/\/kraios.app\/news\/wp-json\/wp\/v2\/posts\/9756\/revisions"}],"wp:featuredmedia":[{"embeddable":true,"href":"https:\/\/kraios.app\/news\/wp-json\/wp\/v2\/media\/9757"}],"wp:attachment":[{"href":"https:\/\/kraios.app\/news\/wp-json\/wp\/v2\/media?parent=9756"}],"wp:term":[{"taxonomy":"category","embeddable":true,"href":"https:\/\/kraios.app\/news\/wp-json\/wp\/v2\/categories?post=9756"},{"taxonomy":"post_tag","embeddable":true,"href":"https:\/\/kraios.app\/news\/wp-json\/wp\/v2\/tags?post=9756"}],"curies":[{"name":"wp","href":"https:\/\/api.w.org\/{rel}","templated":true}]}}