{"id":9729,"date":"2023-07-19T20:02:03","date_gmt":"2023-07-19T20:02:03","guid":{"rendered":"https:\/\/kraios.app\/news\/gundem\/2023\/07\/19\/fedden-deutsche-banka-186-milyon-dolar-ceza\/"},"modified":"2023-07-19T20:02:03","modified_gmt":"2023-07-19T20:02:03","slug":"fedden-deutsche-banka-186-milyon-dolar-ceza","status":"publish","type":"post","link":"https:\/\/kraios.app\/news\/gundem\/2023\/07\/19\/fedden-deutsche-banka-186-milyon-dolar-ceza\/","title":{"rendered":"Fed&#039;den Deutsche Bank&#039;a 186 milyon dolar ceza"},"content":{"rendered":"<p>ABD Merkez Bankas\u0131 (Fed), kara para aklamay\u0131 \u00f6nlemeye y\u00f6nelik yeterli tedbir almad\u0131\u011f\u0131 gerek\u00e7esiyle Deutsche Bank ve ABD&#8217;deki i\u015ftiraklerine 186 milyon dolar para cezas\u0131 verdi.<\/p>\n","protected":false},"excerpt":{"rendered":"<p>ABD Merkez Bankas\u0131 (Fed), kara para aklamay\u0131 \u00f6nlemeye y\u00f6nelik yeterli tedbir almad\u0131\u011f\u0131 gerek\u00e7esiyle Deutsche Bank ve ABD&#8217;deki i\u015ftiraklerine 186 milyon dolar para cezas\u0131 verdi.<\/p>\n","protected":false},"author":1,"featured_media":9730,"comment_status":"","ping_status":"","sticky":false,"template":"","format":"standard","meta":[],"categories":[1],"tags":[],"_links":{"self":[{"href":"https:\/\/kraios.app\/news\/wp-json\/wp\/v2\/posts\/9729"}],"collection":[{"href":"https:\/\/kraios.app\/news\/wp-json\/wp\/v2\/posts"}],"about":[{"href":"https:\/\/kraios.app\/news\/wp-json\/wp\/v2\/types\/post"}],"author":[{"embeddable":true,"href":"https:\/\/kraios.app\/news\/wp-json\/wp\/v2\/users\/1"}],"replies":[{"embeddable":true,"href":"https:\/\/kraios.app\/news\/wp-json\/wp\/v2\/comments?post=9729"}],"version-history":[{"count":0,"href":"https:\/\/kraios.app\/news\/wp-json\/wp\/v2\/posts\/9729\/revisions"}],"wp:featuredmedia":[{"embeddable":true,"href":"https:\/\/kraios.app\/news\/wp-json\/wp\/v2\/media\/9730"}],"wp:attachment":[{"href":"https:\/\/kraios.app\/news\/wp-json\/wp\/v2\/media?parent=9729"}],"wp:term":[{"taxonomy":"category","embeddable":true,"href":"https:\/\/kraios.app\/news\/wp-json\/wp\/v2\/categories?post=9729"},{"taxonomy":"post_tag","embeddable":true,"href":"https:\/\/kraios.app\/news\/wp-json\/wp\/v2\/tags?post=9729"}],"curies":[{"name":"wp","href":"https:\/\/api.w.org\/{rel}","templated":true}]}}