{"id":9663,"date":"2023-07-18T23:20:05","date_gmt":"2023-07-18T23:20:05","guid":{"rendered":"https:\/\/kraios.app\/news\/gundem\/2023\/07\/18\/abd-temsilciler-meclisinde-israilin-irkci-bir-devlet-olmadigini-belirten-tasari-kabul-edildi\/"},"modified":"2023-07-18T23:20:05","modified_gmt":"2023-07-18T23:20:05","slug":"abd-temsilciler-meclisinde-israilin-irkci-bir-devlet-olmadigini-belirten-tasari-kabul-edildi","status":"publish","type":"post","link":"https:\/\/kraios.app\/news\/gundem\/2023\/07\/18\/abd-temsilciler-meclisinde-israilin-irkci-bir-devlet-olmadigini-belirten-tasari-kabul-edildi\/","title":{"rendered":"ABD Temsilciler Meclisinde &#8220;\u0130srail&#8217;in \u0131rk\u00e7\u0131 bir devlet olmad\u0131\u011f\u0131n\u0131&#8221; belirten tasar\u0131 kabul edildi"},"content":{"rendered":"<p><\/p>\n<div>\n<p>Temsilciler Meclisinde milletvekilleri, Cumhuriyet\u00e7i Vekil August Pfluger&#8217;in sundu\u011fu, \u0130srail&#8217;in &#8220;\u0131rk\u00e7\u0131 bir devlet olmad\u0131\u011f\u0131&#8221; ve &#8220;antisemitizmin her \u00e7e\u015fidinin reddedildi\u011fi&#8221; karar tasar\u0131s\u0131n\u0131 oylad\u0131.<\/p>\n<p>Tasar\u0131 9 &#8220;hay\u0131r&#8221; oyuna kar\u015f\u0131n 412 &#8220;evet&#8221; oyu ile kabul edildi.<\/p>\n<p>Tasar\u0131da &#8220;ABD&#8217;nin, \u0130srail&#8217;in sad\u0131k bir orta\u011f\u0131 ve destek\u00e7isi oldu\u011fu&#8221; vurgusuna yer verildi.<\/p>\n<p>Demokrat milletvekilleri Ilhan Omar, Cori Bush, Alexandria Ocasio-Cortez, Jamaal Bowman, Rashida Tlaib, Delia Ramirez, Summer Lee, Ayanna Pressley ve Andre Carson tasar\u0131ya &#8220;hay\u0131r&#8221; oyu verdi.<\/p>\n<h3>Tasar\u0131ya &#8220;\u0130srail&#8217;in \u0131rk\u00e7\u0131 bir devlet oldu\u011funu&#8221; s\u00f6yleyen vekil &#8220;evet&#8221; dedi<\/h3>\n<p>Tasar\u0131ya hafta sonu kat\u0131ld\u0131\u011f\u0131 bir konferansta \u0130srail&#8217;in &#8220;\u0131rk\u00e7\u0131 bir devlet oldu\u011funu&#8221; s\u00f6yleyen Demokrat Milletvekili Pramila Jayapal&#8217;\u0131n &#8220;evet&#8221; oyu vermesi dikkati \u00e7ekti.<\/p>\n<p>Cumhuriyet\u00e7iler ve baz\u0131 Demokratlar\u0131n tepkisi \u00fczerine Jayapal, konuyla ilgili yapt\u0131\u011f\u0131 a\u00e7\u0131klamada, &#8220;Bir ulus olarak \u0130srail&#8217;in \u0131rk\u00e7\u0131 oldu\u011fu fikrine inanm\u0131yorum. Ancak di\u011fer yandan, (\u0130srail Ba\u015fbakan\u0131 Binyamin) Netanyahu&#8217;nun a\u015f\u0131r\u0131 sa\u011fc\u0131 h\u00fck\u00fcmetinin ayr\u0131mc\u0131 ve d\u00fcped\u00fcz \u0131rk\u00e7\u0131 politikalar uygulad\u0131\u011f\u0131na ve bu h\u00fck\u00fcmet liderli\u011finde bu politikay\u0131 y\u00f6nlendiren a\u015f\u0131r\u0131 \u0131rk\u00e7\u0131lar\u0131n oldu\u011funa inan\u0131yorum.&#8221; demi\u015fti.<\/p>\n<p>Di\u011fer yandan \u0130sraillileri ve diasporadaki Yahudileri incitmek istemedi\u011fini ve onlar\u0131n &#8220;derin ac\u0131lar\u0131n\u0131&#8221; inkar etme niyetinde olmad\u0131\u011f\u0131n\u0131 ifade eden Jayapal, s\u00f6zlerinin incitti\u011fi ki\u015filerden \u00f6z\u00fcr dilemi\u015fti.<\/p>\n<p>Jayapal&#8217;\u0131n ismi ve ifadelerine yer verilmese de s\u00f6z konusu tasar\u0131, Amerikan kamuoyunda Demokrat milletvekiline tepki olarak de\u011ferlendiriliyordu.<\/p>\n<h3>\u0130srail Cumhurba\u015fkan\u0131 yar\u0131n Kongre&#8217;ye hitap edecek<\/h3>\n<p>S\u00f6z konusu tart\u0131\u015fma \u0130srail Cumhurba\u015fkan\u0131 Isaac Herzog&#8217;un ABD ziyaretine denk gelmesi dolay\u0131s\u0131yla Amerikan kamuoyunda yank\u0131 buldu.<\/p>\n<p>ABD Ba\u015fkan\u0131 Joe Biden, bug\u00fcn Herzog&#8217;u Beyaz Saray&#8217;da a\u011f\u0131rlad\u0131.<\/p>\n<p>Herzog, yar\u0131n ise ABD Kongresinin ortak bir oturumunda milletvekillerine hitap edecek.<\/p>\n<p>Ba\u015fta Ilhan Omar olmak \u00fczere Demokrat milletvekilleri Alexandria Ocasio-Cortez, Jamaal Bowman ve Cori Bush Herzog&#8217;un konu\u015fmas\u0131n\u0131 boykot etmeyi planlad\u0131klar\u0131n\u0131 a\u00e7\u0131klam\u0131\u015ft\u0131.<\/p>\n<p>                            <span class=\"detay-foto-editor\">&#13;<br \/>\n                                <a href=\"https:\/\/www.aa.com.tr\/tr\/p\/abonelik-talep-formu\/1001\" target=\"_blank\" style=\"font-size:12px; color:#444; text-decoration:none;\" rel=\"noopener\">&#13;<br \/>\n                                    Anadolu Ajans\u0131 web sitesinde, AA Haber Ak\u0131\u015f Sistemi (HAS) \u00fczerinden abonelere sunulan haberler, \u00f6zetlenerek yay\u0131mlanmaktad\u0131r. <b style=\"color:#1897F7\">Abonelik i\u00e7in l\u00fctfen ileti\u015fime ge\u00e7iniz.<\/b>&#13;<br \/>\n                                <\/a>&#13;<br \/>\n                            <\/span>\n                        <\/div>\n<p><script>\n\t  window.fbAsyncInit = function() {\n\t\tFB.init({\n\t\t  appId: '1855843514662870',\n\t\t  status : true, \/\/ check login status\n\t\t  cookie : true, \/\/ enable cookies to allow the server to access the session\n\t\t  xfbml  : true  \/\/ parse XFBML\n\t\t});\n\t  };<\/p>\n<p>\t  (function() {\n\t\tvar e = document.createElement('script');\n\t\te.src=\"https:\/\/connect.facebook.net\/tr_TR\/all.js\";\n\t\te.async = true;\n\t\tdocument.getElementById('fb-root').appendChild(e);\n\t  }());\n    <\/script><\/p>\n","protected":false},"excerpt":{"rendered":"<p>Temsilciler Meclisinde milletvekilleri, Cumhuriyet\u00e7i Vekil August Pfluger&#8217;in sundu\u011fu, \u0130srail&#8217;in &#8220;\u0131rk\u00e7\u0131 bir devlet olmad\u0131\u011f\u0131&#8221; ve &#8220;antisemitizmin her \u00e7e\u015fidinin reddedildi\u011fi&#8221; karar tasar\u0131s\u0131n\u0131 oylad\u0131. Tasar\u0131 9 &#8220;hay\u0131r&#8221; oyuna kar\u015f\u0131n 412 &#8220;evet&#8221; oyu ile kabul edildi. Tasar\u0131da &#8220;ABD&#8217;nin, \u0130srail&#8217;in sad\u0131k bir orta\u011f\u0131 ve destek\u00e7isi oldu\u011fu&#8221; vurgusuna yer verildi. Demokrat milletvekilleri Ilhan Omar, Cori Bush, Alexandria Ocasio-Cortez, Jamaal Bowman, Rashida [&hellip;]<\/p>\n","protected":false},"author":1,"featured_media":9664,"comment_status":"","ping_status":"","sticky":false,"template":"","format":"standard","meta":[],"categories":[1],"tags":[],"_links":{"self":[{"href":"https:\/\/kraios.app\/news\/wp-json\/wp\/v2\/posts\/9663"}],"collection":[{"href":"https:\/\/kraios.app\/news\/wp-json\/wp\/v2\/posts"}],"about":[{"href":"https:\/\/kraios.app\/news\/wp-json\/wp\/v2\/types\/post"}],"author":[{"embeddable":true,"href":"https:\/\/kraios.app\/news\/wp-json\/wp\/v2\/users\/1"}],"replies":[{"embeddable":true,"href":"https:\/\/kraios.app\/news\/wp-json\/wp\/v2\/comments?post=9663"}],"version-history":[{"count":0,"href":"https:\/\/kraios.app\/news\/wp-json\/wp\/v2\/posts\/9663\/revisions"}],"wp:featuredmedia":[{"embeddable":true,"href":"https:\/\/kraios.app\/news\/wp-json\/wp\/v2\/media\/9664"}],"wp:attachment":[{"href":"https:\/\/kraios.app\/news\/wp-json\/wp\/v2\/media?parent=9663"}],"wp:term":[{"taxonomy":"category","embeddable":true,"href":"https:\/\/kraios.app\/news\/wp-json\/wp\/v2\/categories?post=9663"},{"taxonomy":"post_tag","embeddable":true,"href":"https:\/\/kraios.app\/news\/wp-json\/wp\/v2\/tags?post=9663"}],"curies":[{"name":"wp","href":"https:\/\/api.w.org\/{rel}","templated":true}]}}