{"id":9601,"date":"2023-07-17T23:00:12","date_gmt":"2023-07-17T23:00:12","guid":{"rendered":"https:\/\/kraios.app\/news\/gundem\/2023\/07\/17\/zelenskiy-bm-genel-sekreteri-guterres-ile-tahil-anlasmasini-gorustu\/"},"modified":"2023-07-17T23:00:12","modified_gmt":"2023-07-17T23:00:12","slug":"zelenskiy-bm-genel-sekreteri-guterres-ile-tahil-anlasmasini-gorustu","status":"publish","type":"post","link":"https:\/\/kraios.app\/news\/gundem\/2023\/07\/17\/zelenskiy-bm-genel-sekreteri-guterres-ile-tahil-anlasmasini-gorustu\/","title":{"rendered":"Zelenskiy, BM Genel Sekreteri Guterres ile tah\u0131l anla\u015fmas\u0131n\u0131 g\u00f6r\u00fc\u015ft\u00fc"},"content":{"rendered":"<p>Ukrayna Devlet Ba\u015fkan\u0131 Volodimir Zelenskiy, Birle\u015fmi\u015f Milletler (BM) Genel Sekreteri Antonio Guterres ile Karadeniz Tah\u0131l Koridoru Anla\u015fmas\u0131&#8217;n\u0131 telefonda g\u00f6r\u00fc\u015ft\u00fc.<\/p>\n","protected":false},"excerpt":{"rendered":"<p>Ukrayna Devlet Ba\u015fkan\u0131 Volodimir Zelenskiy, Birle\u015fmi\u015f Milletler (BM) Genel Sekreteri Antonio Guterres ile Karadeniz Tah\u0131l Koridoru Anla\u015fmas\u0131&#8217;n\u0131 telefonda g\u00f6r\u00fc\u015ft\u00fc.<\/p>\n","protected":false},"author":1,"featured_media":9602,"comment_status":"","ping_status":"","sticky":false,"template":"","format":"standard","meta":[],"categories":[1],"tags":[],"_links":{"self":[{"href":"https:\/\/kraios.app\/news\/wp-json\/wp\/v2\/posts\/9601"}],"collection":[{"href":"https:\/\/kraios.app\/news\/wp-json\/wp\/v2\/posts"}],"about":[{"href":"https:\/\/kraios.app\/news\/wp-json\/wp\/v2\/types\/post"}],"author":[{"embeddable":true,"href":"https:\/\/kraios.app\/news\/wp-json\/wp\/v2\/users\/1"}],"replies":[{"embeddable":true,"href":"https:\/\/kraios.app\/news\/wp-json\/wp\/v2\/comments?post=9601"}],"version-history":[{"count":0,"href":"https:\/\/kraios.app\/news\/wp-json\/wp\/v2\/posts\/9601\/revisions"}],"wp:featuredmedia":[{"embeddable":true,"href":"https:\/\/kraios.app\/news\/wp-json\/wp\/v2\/media\/9602"}],"wp:attachment":[{"href":"https:\/\/kraios.app\/news\/wp-json\/wp\/v2\/media?parent=9601"}],"wp:term":[{"taxonomy":"category","embeddable":true,"href":"https:\/\/kraios.app\/news\/wp-json\/wp\/v2\/categories?post=9601"},{"taxonomy":"post_tag","embeddable":true,"href":"https:\/\/kraios.app\/news\/wp-json\/wp\/v2\/tags?post=9601"}],"curies":[{"name":"wp","href":"https:\/\/api.w.org\/{rel}","templated":true}]}}