{"id":9575,"date":"2023-07-17T13:20:15","date_gmt":"2023-07-17T13:20:15","guid":{"rendered":"https:\/\/kraios.app\/news\/gundem\/2023\/07\/17\/cinin-kidemli-diplomati-vanga-gore-sinir-anlasmazliklari-hindistan-ile-iliskileri-belirlememeli\/"},"modified":"2023-07-17T13:20:15","modified_gmt":"2023-07-17T13:20:15","slug":"cinin-kidemli-diplomati-vanga-gore-sinir-anlasmazliklari-hindistan-ile-iliskileri-belirlememeli","status":"publish","type":"post","link":"https:\/\/kraios.app\/news\/gundem\/2023\/07\/17\/cinin-kidemli-diplomati-vanga-gore-sinir-anlasmazliklari-hindistan-ile-iliskileri-belirlememeli\/","title":{"rendered":"\u00c7in&#8217;in k\u0131demli diplomat\u0131 Vang&#8217;a g\u00f6re, s\u0131n\u0131r anla\u015fmazl\u0131klar\u0131 Hindistan ile ili\u015fkileri belirlememeli"},"content":{"rendered":"<p><\/p>\n<div>\n<p>South China Morning Post&#8217;un haberine g\u00f6re, Vang, ASEAN D\u0131\u015fi\u015fleri Bakanlar\u0131 Toplant\u0131s\u0131 kapsam\u0131nda bulundu\u011fu Endonezya&#8217;n\u0131n ba\u015fkenti Cakarta&#8217;da, Hindistan D\u0131\u015fi\u015fleri Bakan\u0131 Subrahmanyam Jaishankar ile g\u00f6r\u00fc\u015ft\u00fc.<\/p>\n<p>G\u00f6r\u00fc\u015fmede, iki \u00fclke aras\u0131ndaki s\u0131n\u0131r anla\u015fmazl\u0131klar\u0131 ve ticari kayg\u0131lar masaya yat\u0131r\u0131ld\u0131.<\/p>\n<p>\u00c7in&#8217;in en k\u0131demli diplomat\u0131 Vang, &#8220;\u00c7in ve Hindistan aras\u0131ndaki ortak \u00e7\u0131karlar\u0131n farkl\u0131l\u0131klardan daha fazla oldu\u011fu&#8221; de\u011ferlendirmesinde bulunarak, iki \u00fclkenin birbirini &#8220;desteklemesi&#8221; gerekti\u011fini kaydetti.<\/p>\n<p>Hindistan ile y\u0131llard\u0131r devam eden s\u0131n\u0131r anla\u015fmazl\u0131klar\u0131na at\u0131f yapan Vang, &#8220;Spesifik sorunlar\u0131n t\u00fcm ili\u015fkimizi belirlemesine izin vermeden, enerjimizi ve kaynaklar\u0131m\u0131z\u0131 kalk\u0131nma, vatanda\u015flar\u0131m\u0131z\u0131n refah\u0131n\u0131n art\u0131r\u0131lmas\u0131 ve h\u0131zl\u0131 bir \u015fekilde yeniden canlanmaya odaklamal\u0131y\u0131z.&#8221; dedi.<\/p>\n<p>S\u0131n\u0131r anla\u015fmazl\u0131klar\u0131n\u0131n iki \u00fclke aras\u0131ndaki ili\u015fkilerin belirleyici fakt\u00f6r\u00fc olmamas\u0131 gerekti\u011fini s\u00f6yleyen Vang, bu konuda iki taraf\u0131n da kabul edece\u011fi bir &#8220;orta yolda&#8221; bulu\u015fulmas\u0131 gerekti\u011fini ifade etti.<\/p>\n<p>Vang, Hindistan&#8217;a, \u00c7in yat\u0131r\u0131mlar\u0131 \u00fcst\u00fcndeki k\u0131s\u0131tlamalar\u0131 hafifletmesi \u00e7a\u011fr\u0131s\u0131nda bulundu.<\/p>\n<p>Hindistan D\u0131\u015fi\u015fleri Bakan\u0131 Jaishankar da g\u00f6r\u00fc\u015fmeye ili\u015fkin Twitter payla\u015f\u0131m\u0131nda, &#8220;s\u0131n\u0131r b\u00f6lgelerinde bar\u0131\u015f ve huzur ile ilgili&#8221; konular\u0131n ele al\u0131nd\u0131\u011f\u0131n\u0131 belirtti.<\/p>\n<p>\u00d6te yandan, \u00c7in D\u0131\u015fi\u015fleri Bakanl\u0131\u011f\u0131ndan yap\u0131lan a\u00e7\u0131klamaya g\u00f6re, Jaishankar, &#8220;Hindistan-\u00c7in ili\u015fkilerinin normalle\u015fmesi her iki taraf\u0131n da ortak \u00e7\u0131kar\u0131nad\u0131r.&#8221; dedi.<\/p>\n<h3>\u00c7in ile Hindistan aras\u0131ndaki ihtilafl\u0131 b\u00f6lge<\/h3>\n<p>\u00c7in ile Hindistan aras\u0131ndaki Himalaya Da\u011flar\u0131&#8217;n\u0131n \u00e7evreledi\u011fi belirsiz s\u0131n\u0131r hatt\u0131, \u00fclkeler aras\u0131nda egemenlik tart\u0131\u015fmalar\u0131na neden oluyor. Akarsular, g\u00f6ller, buzullar ve karl\u0131 zirvelerin bulundu\u011fu 3 bin 500 kilometrelik s\u0131n\u0131r, taraflar\u0131 s\u0131k s\u0131k kar\u015f\u0131 kar\u015f\u0131ya getiriyor.<\/p>\n<p>Pekin, &#8220;G\u00fcney Tibet&#8221; olarak adland\u0131rd\u0131\u011f\u0131 Hindistan&#8217;\u0131n Aruna\u00e7al Prade\u015f eyaletindeki 90 bin kilometrekarelik toprakta hak iddia ederken, Yeni Delhi, Aksay-\u00c7in platolar\u0131n\u0131 kapsayan 38 bin kilometrekarelik alan\u0131n \u00c7in taraf\u0131ndan i\u015fgal edildi\u011fini savunuyor.<\/p>\n<p>Taraflar, 1962&#8217;de iki \u00fclke aras\u0131nda sava\u015fa neden olan s\u0131n\u0131r ihtilaf\u0131n\u0131 uzun y\u0131llard\u0131r \u00e7\u00f6zemezken s\u0131n\u0131rda zaman zaman gerginlik t\u0131rman\u0131yor.<\/p>\n<p>S\u0131n\u0131r\u0131n bat\u0131s\u0131ndaki Ladakh b\u00f6lgesindeki Galvan Vadisi&#8217;nde 15 Haziran 2020&#8217;de Hint ile \u00c7in askerleri aras\u0131nda \u00e7\u0131kan \u00e7at\u0131\u015fmada, 20 Hint askeri hayat\u0131n\u0131 kaybetmi\u015fti. \u00c7in de s\u00f6z konusu \u00e7at\u0131\u015fmada, 4 askerinin \u00f6ld\u00fc\u011f\u00fcn\u00fc a\u00e7\u0131klam\u0131\u015ft\u0131.<\/p>\n<p>S\u0131n\u0131r hatt\u0131ndaki gerginlikler, d\u00fcnyan\u0131n en b\u00fcy\u00fck ordular\u0131na sahip \u00fclkelerin kamuoylar\u0131ndaki sava\u015f s\u00f6ylemleriyle daha da artm\u0131\u015ft\u0131.<\/p>\n<p>Daha sonra iki \u00fclkenin askeri heyetleri aras\u0131nda s\u0131n\u0131rdaki gerilimi d\u00fc\u015f\u00fcrmek amac\u0131yla g\u00f6r\u00fc\u015fmeler ba\u015flat\u0131lm\u0131\u015f, ard\u0131ndan s\u0131n\u0131r b\u00f6lgesindeki birliklerin koordineli ve planl\u0131 \u015fekilde geri \u00e7ekilmesine karar verilmi\u015fti.<\/p>\n<p>\u0130ki \u00fclke askerlerinin, s\u00fcrt\u00fc\u015fmeye sebep olan t\u00fcm s\u0131n\u0131r b\u00f6lgelerinde hatlar\u0131na d\u00f6nd\u00fc\u011f\u00fc \u00e7ekilme s\u00fcrecinin 14 Eyl\u00fcl 2022&#8217;de tamamland\u0131\u011f\u0131 duyurulmu\u015ftu ancak gelinen noktada b\u00f6lge \u00fczerindeki tart\u0131\u015fmalar sona ermedi.<\/p>\n<p>                            <span class=\"detay-foto-editor\">&#13;<br \/>\n                                <a href=\"https:\/\/www.aa.com.tr\/tr\/p\/abonelik-talep-formu\/1001\" target=\"_blank\" style=\"font-size:12px; color:#444; text-decoration:none;\" rel=\"noopener\">&#13;<br \/>\n                                    Anadolu Ajans\u0131 web sitesinde, AA Haber Ak\u0131\u015f Sistemi (HAS) \u00fczerinden abonelere sunulan haberler, \u00f6zetlenerek yay\u0131mlanmaktad\u0131r. <b style=\"color:#1897F7\">Abonelik i\u00e7in l\u00fctfen ileti\u015fime ge\u00e7iniz.<\/b>&#13;<br \/>\n                                <\/a>&#13;<br \/>\n                            <\/span>\n                        <\/div>\n<p><script>\n\t  window.fbAsyncInit = function() {\n\t\tFB.init({\n\t\t  appId: '1855843514662870',\n\t\t  status : true, \/\/ check login status\n\t\t  cookie : true, \/\/ enable cookies to allow the server to access the session\n\t\t  xfbml  : true  \/\/ parse XFBML\n\t\t});\n\t  };<\/p>\n<p>\t  (function() {\n\t\tvar e = document.createElement('script');\n\t\te.src=\"https:\/\/connect.facebook.net\/tr_TR\/all.js\";\n\t\te.async = true;\n\t\tdocument.getElementById('fb-root').appendChild(e);\n\t  }());\n    <\/script><\/p>\n","protected":false},"excerpt":{"rendered":"<p>South China Morning Post&#8217;un haberine g\u00f6re, Vang, ASEAN D\u0131\u015fi\u015fleri Bakanlar\u0131 Toplant\u0131s\u0131 kapsam\u0131nda bulundu\u011fu Endonezya&#8217;n\u0131n ba\u015fkenti Cakarta&#8217;da, Hindistan D\u0131\u015fi\u015fleri Bakan\u0131 Subrahmanyam Jaishankar ile g\u00f6r\u00fc\u015ft\u00fc. G\u00f6r\u00fc\u015fmede, iki \u00fclke aras\u0131ndaki s\u0131n\u0131r anla\u015fmazl\u0131klar\u0131 ve ticari kayg\u0131lar masaya yat\u0131r\u0131ld\u0131. \u00c7in&#8217;in en k\u0131demli diplomat\u0131 Vang, &#8220;\u00c7in ve Hindistan aras\u0131ndaki ortak \u00e7\u0131karlar\u0131n farkl\u0131l\u0131klardan daha fazla oldu\u011fu&#8221; de\u011ferlendirmesinde bulunarak, iki \u00fclkenin birbirini &#8220;desteklemesi&#8221; [&hellip;]<\/p>\n","protected":false},"author":1,"featured_media":9576,"comment_status":"","ping_status":"","sticky":false,"template":"","format":"standard","meta":[],"categories":[1],"tags":[],"_links":{"self":[{"href":"https:\/\/kraios.app\/news\/wp-json\/wp\/v2\/posts\/9575"}],"collection":[{"href":"https:\/\/kraios.app\/news\/wp-json\/wp\/v2\/posts"}],"about":[{"href":"https:\/\/kraios.app\/news\/wp-json\/wp\/v2\/types\/post"}],"author":[{"embeddable":true,"href":"https:\/\/kraios.app\/news\/wp-json\/wp\/v2\/users\/1"}],"replies":[{"embeddable":true,"href":"https:\/\/kraios.app\/news\/wp-json\/wp\/v2\/comments?post=9575"}],"version-history":[{"count":0,"href":"https:\/\/kraios.app\/news\/wp-json\/wp\/v2\/posts\/9575\/revisions"}],"wp:featuredmedia":[{"embeddable":true,"href":"https:\/\/kraios.app\/news\/wp-json\/wp\/v2\/media\/9576"}],"wp:attachment":[{"href":"https:\/\/kraios.app\/news\/wp-json\/wp\/v2\/media?parent=9575"}],"wp:term":[{"taxonomy":"category","embeddable":true,"href":"https:\/\/kraios.app\/news\/wp-json\/wp\/v2\/categories?post=9575"},{"taxonomy":"post_tag","embeddable":true,"href":"https:\/\/kraios.app\/news\/wp-json\/wp\/v2\/tags?post=9575"}],"curies":[{"name":"wp","href":"https:\/\/api.w.org\/{rel}","templated":true}]}}