{"id":9537,"date":"2023-07-17T00:46:03","date_gmt":"2023-07-17T00:46:03","guid":{"rendered":"https:\/\/kraios.app\/news\/gundem\/2023\/07\/17\/yeni-gumruk-birligi-daha-kapsamli-bir-ekonomik-isbirligini-gundeme-getirmis-olacak\/"},"modified":"2023-07-17T00:46:03","modified_gmt":"2023-07-17T00:46:03","slug":"yeni-gumruk-birligi-daha-kapsamli-bir-ekonomik-isbirligini-gundeme-getirmis-olacak","status":"publish","type":"post","link":"https:\/\/kraios.app\/news\/gundem\/2023\/07\/17\/yeni-gumruk-birligi-daha-kapsamli-bir-ekonomik-isbirligini-gundeme-getirmis-olacak\/","title":{"rendered":"&#8216;Yeni G\u00fcmr\u00fck Birli\u011fi daha kapsaml\u0131 bir ekonomik i\u015fbirli\u011fini g\u00fcndeme getirmi\u015f olacak&#8217;"},"content":{"rendered":"<p><\/p>\n<div>\n<p>A Haber televizyonunda g\u00fcndemi de\u011ferlendirip sorular\u0131 yan\u0131tlayan Y\u0131lmaz, Cumhurba\u015fkan\u0131 Recep Tayyip Erdo\u011fan&#8217;\u0131n ziyareti \u00f6ncesinde, Hazine ve Maliye Bakan\u0131 Mehmet \u015eim\u015fek ile K\u00f6rfez \u00fclkelerine ger\u00e7ekle\u015ftirdikleri ziyaretlere de\u011findi.<\/p>\n<p>Y\u0131lmaz, T\u00fcrkiye&#8217;nin bu ziyaretlerden yat\u0131r\u0131mlar anlam\u0131nda \u00f6nemli kazan\u0131mlar elde edece\u011fine inand\u0131\u011f\u0131n\u0131 belirterek, enerjiden savunma sanayine, turizmden altyap\u0131 projelerine kadar bir\u00e7ok alanda i\u015fbirli\u011fi imkanlar\u0131 bulundu\u011funu s\u00f6yledi.<\/p>\n<p>Y\u0131lmaz, Cumhurba\u015fkan\u0131 Erdo\u011fan&#8217;\u0131n K\u00f6rfez \u00fclkelerine yapaca\u011f\u0131 ziyaretlerde somut birtak\u0131m sonu\u00e7lar\u0131n ortaya konulaca\u011f\u0131n\u0131 ifade ederek, &#8220;Bunun da meyvelerini \u00f6n\u00fcm\u00fczdeki d\u00f6nemde toplayaca\u011f\u0131z. T\u00fcrkiye&#8217;ye daha fazla sermaye giri\u015fi olaca\u011f\u0131n\u0131 rahatl\u0131kla ifade edebilirim. Bir k\u0131sm\u0131 hemen olacakt\u0131r, bir k\u0131sm\u0131 bir vade i\u00e7inde ger\u00e7ekle\u015fecektir ama \u00f6nemli miktarlarda bir sermaye giri\u015fi olaca\u011f\u0131n\u0131 ifade edebilirim.&#8221; diye konu\u015ftu.<\/p>\n<p>G\u00f6r\u00fc\u015fmelerin s\u0131cak parayla ilgili olmad\u0131\u011f\u0131n\u0131, sermaye veya sermaye benzeri uzun vadeli fon temini \u015feklinde, orta-uzun vadeli bir perspektif i\u00e7inde ger\u00e7ekle\u015fti\u011fini vurgulayan Y\u0131lmaz, &#8220;Her iki tarafa da kazand\u0131racak, FDI dedi\u011fimiz yani uluslararas\u0131 do\u011frudan yat\u0131r\u0131m anlam\u0131nda, a\u011f\u0131rl\u0131kl\u0131 olarak en az\u0131ndan bu. \u0130stihdam, ihracat olacak, T\u00fcrkiye&#8217;nin ekonomisi b\u00fcy\u00fcyecek ve bundan tabii ki b\u00fct\u00fcn halk\u0131m\u0131z, herkes pay\u0131n\u0131 alacak diye d\u00fc\u015f\u00fcn\u00fcyorum.&#8221; ifadelerini kulland\u0131.<\/p>\n<h3>&#8220;G\u00fcmr\u00fck Birli\u011fi&#8217;nden de kaynaklanan birtak\u0131m haklar\u0131m\u0131z var&#8221;<\/h3>\n<p>Y\u0131lmaz, Avrupa Birli\u011fi ile ili\u015fkilerde, G\u00fcmr\u00fck Birli\u011fi&#8217;nin g\u00fcncellenmesi ve Vize serbestisi konular\u0131nda daha yo\u011fun bir \u00e7al\u0131\u015fman\u0131n sergilenece\u011fini dile getirerek, \u015f\u00f6yle konu\u015ftu:<\/p>\n<p>&#8220;\u015eu anki G\u00fcmr\u00fck Birli\u011fi sadece sanayi alan\u0131n\u0131 kaps\u0131yor. Yeni G\u00fcmr\u00fck Birli\u011fi, sanayinin yan\u0131 s\u0131ra hizmetler sekt\u00f6r\u00fc, kamu al\u0131mlar\u0131 gibi geni\u015f bir yelpazeye sahip olacak ve \u00e7ok daha etkili, kapsaml\u0131 bir ekonomik i\u015fbirli\u011fini g\u00fcndeme getirmi\u015f olacak. Bu her iki taraf\u0131n da lehine. Avrupa&#8217;daki durgunlu\u011fu a\u015facak olan da asl\u0131nda bu t\u00fcr inisiyatifler. Avrupa i\u015f d\u00fcnyas\u0131 bunun fark\u0131nda, ben onlar\u0131n da destek olaca\u011f\u0131na inan\u0131yorum bu s\u00fcre\u00e7lere. Di\u011fer taraftan vize meselesi&#8230; \u00dcyelik m\u00fczakereleri yapmayan baz\u0131 \u00fclkelere dahi bu alanda Avrupa Birli\u011fi birtak\u0131m muafiyetler getirdi. Bizim G\u00fcmr\u00fck Birli\u011fi&#8217;nden de kaynaklanan birtak\u0131m haklar\u0131m\u0131z var. Dolay\u0131s\u0131yla \u00f6n\u00fcm\u00fczdeki d\u00f6nemde bu konuda da belli \u00e7al\u0131\u015fmalar\u0131 mutlaka yapaca\u011f\u0131z.&#8221;<\/p>\n<p>T\u00fcrkiye&#8217;nin her zaman i\u00e7in yat\u0131r\u0131mc\u0131 dostu bir \u00fclke oldu\u011funun alt\u0131n\u0131 \u00e7izen Y\u0131lmaz, T\u00fcrkiye&#8217;ye gelen yat\u0131r\u0131mc\u0131lar\u0131n hi\u00e7bir zaman kaybetmedi\u011fini ve T\u00fcrkiye&#8217;nin her zaman taahh\u00fctlerine ba\u011fl\u0131, iyi yat\u0131r\u0131m ortam\u0131 sa\u011flamaya \u00e7al\u0131\u015fan bir \u00fclke oldu\u011funu belirterek, &#8220;T\u00fcrkiye&#8217;ye bir yat\u0131r\u0131mc\u0131 yat\u0131r\u0131m yap\u0131yorsa, istihdam sa\u011fl\u0131yorsa, ihracat sa\u011fl\u0131yorsa, teknoloji transferi sa\u011fl\u0131yorsa bu bizim firmam\u0131zd\u0131r diye bakt\u0131k. Yeter ki T\u00fcrkiye&#8217;nin hukukuna uysun, bizim hukukumuz \u00e7er\u00e7evesinde hareket etsin ve \u00fclkemize fayda \u00fcretsin. Bunu yapt\u0131\u011f\u0131 s\u00fcrece, b\u00fct\u00fcn \u015firketlerin, bizim i\u00e7in kendi \u015firketimiz gibi hi\u00e7bir ayr\u0131mc\u0131l\u0131\u011fa u\u011framayaca\u011f\u0131n\u0131 rahatl\u0131kla s\u00f6yleyebiliriz.&#8221; de\u011ferlendirmesini yapt\u0131.<\/p>\n<h3>&#8220;Ekonominin d\u00fc\u015fman\u0131 belirsizliktir&#8221;<\/h3>\n<p>Y\u0131lmaz, Eyl\u00fcl ay\u0131nda a\u00e7\u0131klanmas\u0131 beklenen Orta Vadeli Program&#8217;da (OVP), T\u00fcrkiye&#8217;nin ve d\u00fcnyan\u0131n ger\u00e7ekli\u011fine g\u00f6re makroekonomik hedeflerini g\u00fcncelleyeceklerini bildirerek, ayr\u0131ca gelecek 3 y\u0131la ili\u015fkin yeni hedeflere de yer vereceklerini dile getirdi.<\/p>\n<p>Bu hedeflerle \u00f6ng\u00f6r\u00fclebilirli\u011fin artaca\u011f\u0131n\u0131 belirten Cevdet Y\u0131lmaz, \u015funlar\u0131 kaydetti:<\/p>\n<p>&#8220;Ekonominin d\u00fc\u015fman\u0131 belirsizliktir, belirsizli\u011fin oldu\u011fu yerde yat\u0131r\u0131m olmaz, belirsizli\u011fin oldu\u011fu yerde ticaret yeterince olmaz. Orta vadeli programdan en b\u00fcy\u00fck beklentimiz belirsizlikleri azaltmas\u0131, yat\u0131r\u0131mc\u0131 ve b\u00fct\u00fcn akt\u00f6rler i\u00e7in \u00f6ng\u00f6r\u00fclebilir bir \u00e7er\u00e7eve ortaya koymas\u0131d\u0131r. Bunun da \u00fc\u00e7 s\u00fctunu oldu\u011funu s\u00f6yleyebilirim. Birincisi mali perspektif; yani \u00f6n\u00fcm\u00fczdeki 3 y\u0131l maliye politikalar\u0131m\u0131z ne olacak, b\u00fct\u00e7e b\u00fcy\u00fckl\u00fcklerimiz ne olacak, b\u00fct\u00e7e a\u00e7\u0131klar\u0131m\u0131z, kamu bor\u00e7 sto\u011fundaki geli\u015fimler ne olacak? Bunlar\u0131 OVP&#8217;de g\u00f6receksiniz. Di\u011fer taraftan para politikam\u0131z\u0131n yine ana \u00e7er\u00e7evesi bu OVP&#8217;de yer alacak ama en az bu ikisi kadar \u00f6nemli olan yap\u0131sal reformlar&#8230; Yap\u0131sal reformlar\u0131 da ana ba\u015fl\u0131klar itibar\u0131yla yine OVP&#8217;ye koyaca\u011f\u0131z.&#8221;<\/p>\n<p>Y\u0131lmaz, OVP&#8217;nin ard\u0131ndan Ekim ay\u0131nda TBMM&#8217;de b\u00fct\u00e7enin, daha sonra ise 12. Kalk\u0131nma Plan\u0131&#8217;n\u0131n g\u00f6r\u00fc\u015f\u00fclece\u011fini aktararak, bu plan\u0131n T\u00fcrkiye Y\u00fczy\u0131l\u0131n\u0131n ilk kalk\u0131nma plan\u0131 olaca\u011f\u0131n\u0131 vurgulad\u0131.<\/p>\n<p>6 \u015eubat&#8217;taki depremlerin ard\u0131nda y\u00fcr\u00fct\u00fclen \u00e7al\u0131\u015fmalara ili\u015fkin Y\u0131lmaz, kal\u0131c\u0131 konutlar\u0131n in\u015fas\u0131, altyap\u0131n\u0131n tamiri ve ekonominin aya\u011fa kald\u0131r\u0131lmas\u0131na y\u00f6nelik faaliyetleri s\u00fcrd\u00fcrd\u00fcklerini, deprem harcamalar\u0131na, ek b\u00fct\u00e7eyle birlikte merkezi y\u00f6netim b\u00fct\u00e7esinde 762 milyar lira ay\u0131rd\u0131klar\u0131n\u0131 kaydetti.<\/p>\n<p>Cevdet Y\u0131lmaz, deprem b\u00f6lgesindeki \u00e7al\u0131\u015fmalar bitti\u011finde, T\u00fcrkiye&#8217;nin en g\u00fcvenli b\u00f6lgeleri haline gelece\u011fini ve 85 milyonun hep birlikte bu felaketin yaralar\u0131n\u0131 saraca\u011f\u0131n\u0131 bildirdi.<\/p>\n<p>\u0130stanbul&#8217;da, kentsel d\u00f6n\u00fc\u015f\u00fcme h\u0131z vermenin yan\u0131 s\u0131ra, her birinde 500 bin n\u00fcfusu bar\u0131nd\u0131racak iki yeni yerle\u015fim merkezi planlad\u0131klar\u0131n\u0131 belirten Y\u0131lmaz, n\u00fcfusu mevcut alanlarda seyreltecek, daha sa\u011fl\u0131kl\u0131, daha az katl\u0131 yap\u0131lardan olu\u015fan bir yap\u0131la\u015fmay\u0131 sa\u011flayacak daha b\u00fcy\u00fck inisiyatiflerin de g\u00fcndeme gelece\u011fini a\u00e7\u0131klad\u0131.<\/p>\n<h3>&#8220;Entegre bir yakla\u015f\u0131m i\u00e7inde enflasyonla m\u00fccadele ediyoruz&#8221;<\/h3>\n<p>Cumhurba\u015fkan\u0131 Yard\u0131mc\u0131s\u0131 Y\u0131lmaz, enflasyonun t\u00fcm d\u00fcnyada g\u00fcndem maddesi oldu\u011funu, enflasyonla m\u00fccadele ederken resesyona d\u00fc\u015fmemeye gayret ettiklerini vurgulayarak, s\u00f6zlerini \u015f\u00f6yle s\u00fcrd\u00fcrd\u00fc:<\/p>\n<p>&#8220;Yat\u0131r\u0131m, istihdam, \u00fcretim ve ihracat perspektifiyle bir taraftan da arz\u0131 artt\u0131r\u0131yoruz. Bu da asl\u0131nda enflasyonla m\u00fccadelenin bir boyutu. Sadece talep y\u00f6nl\u00fc bakarsan\u0131z yar\u0131m bakm\u0131\u015f olursunuz. Bir taraftan tabii ki talep \u00f6nemli ama arz\u0131 da artt\u0131rman\u0131z laz\u0131m ki enflasyon d\u00fc\u015fs\u00fcn. Mesela g\u0131da arz\u0131n\u0131 artt\u0131r\u0131rsan\u0131z g\u0131da enflasyonunu da kontrol etmi\u015f olursunuz. Konut arz\u0131n\u0131 ne kadar artt\u0131r\u0131rsan\u0131z konut ve kira fiyatlar\u0131n\u0131 a\u015fa\u011f\u0131ya \u00e7ekmi\u015f olursunuz. Dolay\u0131s\u0131yla sadece talep y\u00f6nl\u00fc de\u011fil arz y\u00f6n\u00fcn\u00fc politikalarla birlikte, b\u00fcy\u00fcme perspektifimizle de entegre bir yakla\u015f\u0131m i\u00e7inde enflasyonla m\u00fccadele ediyoruz. Di\u011fer yandan enflasyondan etkilenen geni\u015f kesimlerin de sat\u0131n alma g\u00fcc\u00fcn\u00fc koruyoruz. Mesela asgari \u00fccret, ge\u00e7ti\u011fimiz y\u0131l, bile\u015fik bakt\u0131\u011f\u0131n\u0131z zaman y\u00fczde 100&#8217;\u00fcn \u00fczerinde asgari \u00fccreti artt\u0131rd\u0131k. &#8216;Enflasyon kar\u015f\u0131s\u0131nda geni\u015f kesimler sat\u0131n alma g\u00fcc\u00fc a\u00e7\u0131s\u0131ndan ezilmesin&#8217; dedik. Enflasyonun \u00fcst\u00fcnde art\u0131\u015flar yaparak bu geni\u015f kesimlerin sat\u0131n alma g\u00fcc\u00fcn\u00fc de koruma gayreti i\u00e7indeyiz.&#8221;<\/p>\n<h3>&#8220;Y\u0131l sonuna kadar yeni bir \u00e7al\u0131\u015fma olaca\u011f\u0131n\u0131 d\u00fc\u015f\u00fcnm\u00fcyorum&#8221;<\/h3>\n<p>&#8220;\u0130lave vergi art\u0131\u015flar\u0131 olacak m\u0131 ya da yeni vergi gelecek mi?&#8221; sorusuna Y\u0131lmaz, TBMM&#8217;nin karar\u0131yla yasala\u015fan vergi ve vergi art\u0131\u015flar\u0131n\u0131n yap\u0131lmas\u0131 gerekti\u011fini \u00e7\u00fcnk\u00fc ba\u015fta Kahramanmara\u015f merkezli depremler nedeniyle olmak \u00fczere ciddi bir ihtiyac\u0131n ortaya \u00e7\u0131kt\u0131\u011f\u0131 yan\u0131t\u0131n\u0131 verdi.<\/p>\n<p>Cevdet Y\u0131lmaz, ek b\u00fct\u00e7e yap\u0131ld\u0131\u011f\u0131nda harcama kadar gelirin de g\u00f6sterilmesini gerekti\u011fini anlatarak, bu \u00e7er\u00e7evede ek b\u00fct\u00e7eyi haz\u0131rlad\u0131klar\u0131n\u0131 ve torba kanunla neredeyse e\u015f zamanl\u0131 \u015fekilde Meclis&#8217;e arz edildi\u011fini s\u00f6yledi.<\/p>\n<p>Akaryak\u0131tta \u00d6TV art\u0131\u015f\u0131na ili\u015fkin Y\u0131lmaz, 2016&#8217;dan bug\u00fcne maktu vergilerde bir g\u00fcncelleme yap\u0131lmad\u0131\u011f\u0131n\u0131 belirterek, \u015fu bilgileri verdi:<\/p>\n<p>&#8220;Bir deprem ger\u00e7ekli\u011fimiz varsa b\u00fct\u00e7emizde harcamalar art\u0131yorsa sosyal kesimlere d\u00f6n\u00fck birtak\u0131m programlar yap\u0131yorsak burada baz\u0131 gelir kalemlerinin de artmas\u0131n\u0131 bir denge unsuru olarak g\u00f6rmemiz laz\u0131m. Yap\u0131lmas\u0131 gerekeni de zaman\u0131nda yapmak daha do\u011fru. \u00c7\u00fcnk\u00fc zaman\u0131nda yapt\u0131\u011f\u0131n\u0131z zaman ileride daha b\u00fcy\u00fck m\u00fcdahalelere ihtiyac\u0131 ortadan kald\u0131rm\u0131\u015f oluyorsunuz. Ald\u0131\u011f\u0131m\u0131z bu tedbirlerle, kamu gelirleri k\u0131sm\u0131nda gere\u011fini yapm\u0131\u015f durumday\u0131z. Dolay\u0131s\u0131yla y\u0131l sonuna kadar yeni bir \u00e7al\u0131\u015fma olaca\u011f\u0131n\u0131 d\u00fc\u015f\u00fcnm\u00fcyorum do\u011frusu. Zaten bu programlar yap\u0131ld\u0131, toplumla da payla\u015f\u0131ld\u0131. Kanuni dayanaklar\u0131 da ortaya kondu. Yeni bir kanuni d\u00fczenleme olaca\u011f\u0131n\u0131 tahmin etmiyorum.&#8221;<\/p>\n<h3>&#8220;Tamamen spek\u00fclasyon&#8221;<\/h3>\n<p>Cumhurba\u015fkan\u0131 Yard\u0131mc\u0131s\u0131 Y\u0131lmaz, &#8220;T\u00fcrkiye&#8217;nin IMF&#8217;den 11 ila 13 milyar dolarl\u0131k bir kredi kar\u015f\u0131l\u0131\u011f\u0131nda, \u0130sve\u00e7&#8217;in NATO \u00fcyeli\u011fini kabul etti\u011fi y\u00f6n\u00fcnde uluslararas\u0131 medyada yer alan spek\u00fclatif haberleri nas\u0131l yorumlamak isterseniz?&#8221; sorusuna ise \u015fu yan\u0131t\u0131 verdi:<\/p>\n<p>&#8220;2013 y\u0131l\u0131nda, Say\u0131n Cumhurba\u015fkan\u0131m\u0131z, o tarihte ger\u00e7ekten \u00e7ok g\u00fc\u00e7l\u00fc bir irade ortaya koyarak, b\u00fct\u00fcn o anlamda bor\u00e7lar\u0131 temizleyerek AK Parti d\u00f6neminde, IMF ile ili\u015fkilere son noktay\u0131 koydu. O tarihten bu yana 10 y\u0131ld\u0131r IMF&#8217;siz bir T\u00fcrkiye var ve \u00e7ok zor bir d\u00f6nemde T\u00fcrkiye, ba\u015far\u0131yla ekonomik s\u00fcre\u00e7lerini y\u00f6netti. Bundan sonra da y\u00f6netmeye devam edecek. Bizim o anlamda ne aray\u0131\u015f\u0131m\u0131z var ne g\u00fcndemimiz var ne de o uluslararas\u0131 ortamlarda b\u00f6yle bir konu\u015fma s\u00f6z konusu. Tamamen bir spek\u00fclasyon.&#8221;<\/p>\n<p>                            <span class=\"detay-foto-editor\">&#13;<br \/>\n                                <a href=\"https:\/\/www.aa.com.tr\/tr\/p\/abonelik-talep-formu\/1001\" target=\"_blank\" style=\"font-size:12px; color:#444; text-decoration:none;\" rel=\"noopener\">&#13;<br \/>\n                                    Anadolu Ajans\u0131 web sitesinde, AA Haber Ak\u0131\u015f Sistemi (HAS) \u00fczerinden abonelere sunulan haberler, \u00f6zetlenerek yay\u0131mlanmaktad\u0131r. <b style=\"color:#1897F7\">Abonelik i\u00e7in l\u00fctfen ileti\u015fime ge\u00e7iniz.<\/b>&#13;<br \/>\n                                <\/a>&#13;<br \/>\n                            <\/span>\n                        <\/div>\n<p><script>\n\t  window.fbAsyncInit = function() {\n\t\tFB.init({\n\t\t  appId: '1855843514662870',\n\t\t  status : true, \/\/ check login status\n\t\t  cookie : true, \/\/ enable cookies to allow the server to access the session\n\t\t  xfbml  : true  \/\/ parse XFBML\n\t\t});\n\t  };<\/p>\n<p>\t  (function() {\n\t\tvar e = document.createElement('script');\n\t\te.src=\"https:\/\/connect.facebook.net\/tr_TR\/all.js\";\n\t\te.async = true;\n\t\tdocument.getElementById('fb-root').appendChild(e);\n\t  }());\n    <\/script><\/p>\n","protected":false},"excerpt":{"rendered":"<p>A Haber televizyonunda g\u00fcndemi de\u011ferlendirip sorular\u0131 yan\u0131tlayan Y\u0131lmaz, Cumhurba\u015fkan\u0131 Recep Tayyip Erdo\u011fan&#8217;\u0131n ziyareti \u00f6ncesinde, Hazine ve Maliye Bakan\u0131 Mehmet \u015eim\u015fek ile K\u00f6rfez \u00fclkelerine ger\u00e7ekle\u015ftirdikleri ziyaretlere de\u011findi. Y\u0131lmaz, T\u00fcrkiye&#8217;nin bu ziyaretlerden yat\u0131r\u0131mlar anlam\u0131nda \u00f6nemli kazan\u0131mlar elde edece\u011fine inand\u0131\u011f\u0131n\u0131 belirterek, enerjiden savunma sanayine, turizmden altyap\u0131 projelerine kadar bir\u00e7ok alanda i\u015fbirli\u011fi imkanlar\u0131 bulundu\u011funu s\u00f6yledi. Y\u0131lmaz, Cumhurba\u015fkan\u0131 Erdo\u011fan&#8217;\u0131n K\u00f6rfez [&hellip;]<\/p>\n","protected":false},"author":1,"featured_media":9538,"comment_status":"","ping_status":"","sticky":false,"template":"","format":"standard","meta":[],"categories":[1],"tags":[],"_links":{"self":[{"href":"https:\/\/kraios.app\/news\/wp-json\/wp\/v2\/posts\/9537"}],"collection":[{"href":"https:\/\/kraios.app\/news\/wp-json\/wp\/v2\/posts"}],"about":[{"href":"https:\/\/kraios.app\/news\/wp-json\/wp\/v2\/types\/post"}],"author":[{"embeddable":true,"href":"https:\/\/kraios.app\/news\/wp-json\/wp\/v2\/users\/1"}],"replies":[{"embeddable":true,"href":"https:\/\/kraios.app\/news\/wp-json\/wp\/v2\/comments?post=9537"}],"version-history":[{"count":0,"href":"https:\/\/kraios.app\/news\/wp-json\/wp\/v2\/posts\/9537\/revisions"}],"wp:featuredmedia":[{"embeddable":true,"href":"https:\/\/kraios.app\/news\/wp-json\/wp\/v2\/media\/9538"}],"wp:attachment":[{"href":"https:\/\/kraios.app\/news\/wp-json\/wp\/v2\/media?parent=9537"}],"wp:term":[{"taxonomy":"category","embeddable":true,"href":"https:\/\/kraios.app\/news\/wp-json\/wp\/v2\/categories?post=9537"},{"taxonomy":"post_tag","embeddable":true,"href":"https:\/\/kraios.app\/news\/wp-json\/wp\/v2\/tags?post=9537"}],"curies":[{"name":"wp","href":"https:\/\/api.w.org\/{rel}","templated":true}]}}