{"id":9460,"date":"2023-07-15T22:20:05","date_gmt":"2023-07-15T22:20:05","guid":{"rendered":"https:\/\/kraios.app\/news\/gundem\/2023\/07\/15\/fenerbahce-dusan-tadicle-transfer-gorusmelerine-basladi\/"},"modified":"2023-07-15T22:20:05","modified_gmt":"2023-07-15T22:20:05","slug":"fenerbahce-dusan-tadicle-transfer-gorusmelerine-basladi","status":"publish","type":"post","link":"https:\/\/kraios.app\/news\/gundem\/2023\/07\/15\/fenerbahce-dusan-tadicle-transfer-gorusmelerine-basladi\/","title":{"rendered":"Fenerbah\u00e7e, Dusan Tadic&#039;le transfer g\u00f6r\u00fc\u015fmelerine ba\u015flad\u0131"},"content":{"rendered":"<p>Fenerbah\u00e7e Kul\u00fcb\u00fc, S\u0131rp futbolcu Dusan Tadic&#8217;in transferi i\u00e7in g\u00f6r\u00fc\u015fmelere ba\u015fland\u0131\u011f\u0131n\u0131 duyurdu.<\/p>\n","protected":false},"excerpt":{"rendered":"<p>Fenerbah\u00e7e Kul\u00fcb\u00fc, S\u0131rp futbolcu Dusan Tadic&#8217;in transferi i\u00e7in g\u00f6r\u00fc\u015fmelere ba\u015fland\u0131\u011f\u0131n\u0131 duyurdu.<\/p>\n","protected":false},"author":1,"featured_media":9461,"comment_status":"","ping_status":"","sticky":false,"template":"","format":"standard","meta":[],"categories":[1],"tags":[],"_links":{"self":[{"href":"https:\/\/kraios.app\/news\/wp-json\/wp\/v2\/posts\/9460"}],"collection":[{"href":"https:\/\/kraios.app\/news\/wp-json\/wp\/v2\/posts"}],"about":[{"href":"https:\/\/kraios.app\/news\/wp-json\/wp\/v2\/types\/post"}],"author":[{"embeddable":true,"href":"https:\/\/kraios.app\/news\/wp-json\/wp\/v2\/users\/1"}],"replies":[{"embeddable":true,"href":"https:\/\/kraios.app\/news\/wp-json\/wp\/v2\/comments?post=9460"}],"version-history":[{"count":0,"href":"https:\/\/kraios.app\/news\/wp-json\/wp\/v2\/posts\/9460\/revisions"}],"wp:featuredmedia":[{"embeddable":true,"href":"https:\/\/kraios.app\/news\/wp-json\/wp\/v2\/media\/9461"}],"wp:attachment":[{"href":"https:\/\/kraios.app\/news\/wp-json\/wp\/v2\/media?parent=9460"}],"wp:term":[{"taxonomy":"category","embeddable":true,"href":"https:\/\/kraios.app\/news\/wp-json\/wp\/v2\/categories?post=9460"},{"taxonomy":"post_tag","embeddable":true,"href":"https:\/\/kraios.app\/news\/wp-json\/wp\/v2\/tags?post=9460"}],"curies":[{"name":"wp","href":"https:\/\/api.w.org\/{rel}","templated":true}]}}