{"id":945,"date":"2023-02-28T10:41:11","date_gmt":"2023-02-28T10:41:11","guid":{"rendered":"https:\/\/kraios.app\/news\/gundem\/2023\/02\/28\/israil-erihaya-giris-cikislari-kapatirken-urdune-seyahatleri-de-engelliyor\/"},"modified":"2023-02-28T10:41:11","modified_gmt":"2023-02-28T10:41:11","slug":"israil-erihaya-giris-cikislari-kapatirken-urdune-seyahatleri-de-engelliyor","status":"publish","type":"post","link":"https:\/\/kraios.app\/news\/gundem\/2023\/02\/28\/israil-erihaya-giris-cikislari-kapatirken-urdune-seyahatleri-de-engelliyor\/","title":{"rendered":"\u0130srail, Eriha&#8217;ya giri\u015f-\u00e7\u0131k\u0131\u015flar\u0131 kapat\u0131rken \u00dcrd\u00fcn&#8217;e seyahatleri de engelliyor"},"content":{"rendered":"<p><\/p>\n<div>\n<p>Filistin Radyosunun haberine g\u00f6re, \u0130srail g\u00fc\u00e7leri, Eriha kentinin giri\u015flerine kontrol noktalar\u0131 kurdu ve giri\u015f-\u00e7\u0131k\u0131\u015flarda kat\u0131 prosed\u00fcrler uyguluyor.<\/p>\n<p>Eriha ve El-A\u011fvar Valisi Cihad Ebu el-Asel, radyoya yapt\u0131\u011f\u0131 a\u00e7\u0131klamada, &#8220;Eriha&#8217;n\u0131n 4 giri\u015finde i\u015fgal g\u00fc\u00e7lerince kurulan kontrol noktalar\u0131 nedeniyle kentten \u00e7\u0131k\u0131\u015flar \u00e7ok zor.&#8221; dedi.<\/p>\n<p>Ebu Asel, kenti kapatan kontrol noktalar\u0131n\u0131n her iki taraf\u0131nda y\u00fczlerce arac\u0131n uzun kuyruklar olu\u015fturdu\u011funu ve ara\u00e7lar\u0131n ayr\u0131nt\u0131l\u0131 denetime tabi tutuldu\u011funu anlatt\u0131.<\/p>\n<h3>Bat\u0131 \u015eeria ile \u00dcrd\u00fcn aras\u0131ndaki s\u0131n\u0131r kap\u0131s\u0131 da kapal\u0131<\/h3>\n<p>Radyonun haberine g\u00f6re, \u0130srail g\u00fc\u00e7leri ayr\u0131ca, d\u00fcnden bu yana Bat\u0131 \u015eeria ile \u00dcrd\u00fcn aras\u0131ndaki Kerame S\u0131n\u0131r Kap\u0131s\u0131&#8217;n\u0131 da ge\u00e7i\u015fleri engelliyor.<\/p>\n<p>Radyoya konu\u015fan toplu ta\u015f\u0131ma \u015fof\u00f6rl\u00fc\u011f\u00fc yapan bir ki\u015fi, Eriha&#8217;daki yolcu bekleme salonlar\u0131nda izdiham ya\u015fand\u0131\u011f\u0131 ve kap\u0131n\u0131n kapal\u0131 olmas\u0131 nedeniyle yolcular\u0131n salona geri d\u00f6nd\u00fcr\u00fcld\u00fc\u011f\u00fc bilgisini payla\u015ft\u0131.<\/p>\n<p>Kerame S\u0131n\u0131r Kap\u0131s\u0131, \u00dcrd\u00fcn \u00fczerinden Bat\u0131 \u015eeria&#8217;daki Filistinlilerin d\u0131\u015far\u0131ya a\u00e7\u0131lan tek kap\u0131s\u0131 konumunda.<\/p>\n<h3>Bat\u0131 \u015eeria&#8217;da gerilim t\u0131rman\u0131yor<\/h3>\n<p>\u0130srail g\u00fc\u00e7lerinin 22 \u015eubat&#8217;ta i\u015fgal alt\u0131ndaki Bat\u0131 \u015eeria&#8217;n\u0131n kuzeyindeki Nablus&#8217;a birka\u00e7 noktadan d\u00fczenledi\u011fi bask\u0131, b\u00f6lgede gerilimi yeniden t\u0131rmand\u0131rm\u0131\u015ft\u0131. \u0130srail ordusunun bask\u0131n\u0131nda, 11 Filistinli hayat\u0131n\u0131 kaybetmi\u015f, y\u00fczlerce ki\u015fi yaralanm\u0131\u015ft\u0131.<\/p>\n<p>Bat\u0131 \u015eeria&#8217;n\u0131n kuzeyindeki Huvvara beldesinde ise 26 \u015eubat&#8217;ta iki Yahudi yerle\u015fimci silahl\u0131 sald\u0131r\u0131da \u00f6ld\u00fcr\u00fclm\u00fc\u015ft\u00fc.<\/p>\n<p>Ayn\u0131 g\u00fcn\u00fcn ak\u015fam saatlerinde ise y\u00fczlerce Yahudi yerle\u015fimcinin, \u0130srail ordusunun g\u00f6zetiminde Huvvara beldesine gelerek Filistinlilere kar\u015f\u0131 &#8220;toplu intikam&#8221; sald\u0131r\u0131lar\u0131 d\u00fczenledi\u011fi belirtilmi\u015fti.<\/p>\n<p>Yerle\u015fimciler, beldede gece boyu onlarca evi ve arabay\u0131 kundaklam\u0131\u015f, Filistinlilere sald\u0131rm\u0131\u015f, evlerini ta\u015flam\u0131\u015ft\u0131. Zatara k\u00f6y\u00fcnde de Yahudi yerle\u015fimcilerin sald\u0131r\u0131s\u0131 sonucu bir Filistinli hayat\u0131n\u0131 kaybetmi\u015f, olaylarda bir\u00e7ok ki\u015fi yaralanm\u0131\u015ft\u0131.<\/p>\n<p>Bat\u0131 \u015eeria&#8217;n\u0131n Eriha kenti yak\u0131nlar\u0131nda ise 27 \u015eubat&#8217;ta d\u00fczenlenen silahl\u0131 sald\u0131r\u0131da bir Yahudi yerle\u015fimci \u00f6ld\u00fcr\u00fclm\u00fc\u015ft\u00fc.<\/p>\n<p>\u0130srail Kamu Yay\u0131n Kurulu\u015fu (KAN), \u0130srail ordusunun, &#8220;ka\u00e7t\u0131\u011f\u0131 d\u00fc\u015f\u00fcn\u00fclen silahl\u0131 ki\u015fileri yakalamak&#8221; i\u00e7in Eriha kentini ku\u015fatt\u0131\u011f\u0131n\u0131 a\u00e7\u0131klam\u0131\u015ft\u0131.<\/p>\n<p>                            <span class=\"detay-foto-editor\">&#13;<br \/>\n                                <a href=\"https:\/\/www.aa.com.tr\/tr\/p\/abonelik-talep-formu\/1001\" target=\"_blank\" style=\"font-size:12px; color:#444; text-decoration:none;\" rel=\"noopener\">&#13;<br \/>\n                                    Anadolu Ajans\u0131 web sitesinde, AA Haber Ak\u0131\u015f Sistemi (HAS) \u00fczerinden abonelere sunulan haberler, \u00f6zetlenerek yay\u0131mlanmaktad\u0131r. <b style=\"color:#1897F7\">Abonelik i\u00e7in l\u00fctfen ileti\u015fime ge\u00e7iniz.<\/b>&#13;<br \/>\n                                <\/a>&#13;<br \/>\n                            <\/span>\n                        <\/div>\n<p><script>\n\t  window.fbAsyncInit = function() {\n\t\tFB.init({\n\t\t  appId: '1855843514662870',\n\t\t  status : true, \/\/ check login status\n\t\t  cookie : true, \/\/ enable cookies to allow the server to access the session\n\t\t  xfbml  : true  \/\/ parse XFBML\n\t\t});\n\t  };<\/p>\n<p>\t  (function() {\n\t\tvar e = document.createElement('script');\n\t\te.src=\"https:\/\/connect.facebook.net\/tr_TR\/all.js\";\n\t\te.async = true;\n\t\tdocument.getElementById('fb-root').appendChild(e);\n\t  }());\n    <\/script><\/p>\n","protected":false},"excerpt":{"rendered":"<p>Filistin Radyosunun haberine g\u00f6re, \u0130srail g\u00fc\u00e7leri, Eriha kentinin giri\u015flerine kontrol noktalar\u0131 kurdu ve giri\u015f-\u00e7\u0131k\u0131\u015flarda kat\u0131 prosed\u00fcrler uyguluyor. Eriha ve El-A\u011fvar Valisi Cihad Ebu el-Asel, radyoya yapt\u0131\u011f\u0131 a\u00e7\u0131klamada, &#8220;Eriha&#8217;n\u0131n 4 giri\u015finde i\u015fgal g\u00fc\u00e7lerince kurulan kontrol noktalar\u0131 nedeniyle kentten \u00e7\u0131k\u0131\u015flar \u00e7ok zor.&#8221; dedi. Ebu Asel, kenti kapatan kontrol noktalar\u0131n\u0131n her iki taraf\u0131nda y\u00fczlerce arac\u0131n uzun kuyruklar olu\u015fturdu\u011funu [&hellip;]<\/p>\n","protected":false},"author":1,"featured_media":946,"comment_status":"","ping_status":"","sticky":false,"template":"","format":"standard","meta":[],"categories":[1],"tags":[],"_links":{"self":[{"href":"https:\/\/kraios.app\/news\/wp-json\/wp\/v2\/posts\/945"}],"collection":[{"href":"https:\/\/kraios.app\/news\/wp-json\/wp\/v2\/posts"}],"about":[{"href":"https:\/\/kraios.app\/news\/wp-json\/wp\/v2\/types\/post"}],"author":[{"embeddable":true,"href":"https:\/\/kraios.app\/news\/wp-json\/wp\/v2\/users\/1"}],"replies":[{"embeddable":true,"href":"https:\/\/kraios.app\/news\/wp-json\/wp\/v2\/comments?post=945"}],"version-history":[{"count":0,"href":"https:\/\/kraios.app\/news\/wp-json\/wp\/v2\/posts\/945\/revisions"}],"wp:featuredmedia":[{"embeddable":true,"href":"https:\/\/kraios.app\/news\/wp-json\/wp\/v2\/media\/946"}],"wp:attachment":[{"href":"https:\/\/kraios.app\/news\/wp-json\/wp\/v2\/media?parent=945"}],"wp:term":[{"taxonomy":"category","embeddable":true,"href":"https:\/\/kraios.app\/news\/wp-json\/wp\/v2\/categories?post=945"},{"taxonomy":"post_tag","embeddable":true,"href":"https:\/\/kraios.app\/news\/wp-json\/wp\/v2\/tags?post=945"}],"curies":[{"name":"wp","href":"https:\/\/api.w.org\/{rel}","templated":true}]}}