{"id":9426,"date":"2023-07-15T05:20:10","date_gmt":"2023-07-15T05:20:10","guid":{"rendered":"https:\/\/kraios.app\/news\/gundem\/2023\/07\/15\/yurt-disi-temsilciliklerinde-15-temmuz-demokrasi-ve-milli-birlik-gunu-etkinlikleri-duzenlendi\/"},"modified":"2023-07-15T05:20:10","modified_gmt":"2023-07-15T05:20:10","slug":"yurt-disi-temsilciliklerinde-15-temmuz-demokrasi-ve-milli-birlik-gunu-etkinlikleri-duzenlendi","status":"publish","type":"post","link":"https:\/\/kraios.app\/news\/gundem\/2023\/07\/15\/yurt-disi-temsilciliklerinde-15-temmuz-demokrasi-ve-milli-birlik-gunu-etkinlikleri-duzenlendi\/","title":{"rendered":"Yurt d\u0131\u015f\u0131 temsilciliklerinde 15 Temmuz Demokrasi ve Milli Birlik G\u00fcn\u00fc etkinlikleri d\u00fczenlendi"},"content":{"rendered":"<p><\/p>\n<div>\n<p>New York Ba\u015fkonsoloslu\u011funca d\u00fczenlenen programa T\u00fcrkiye\u2019nin Birle\u015fmi\u015f Milletler (BM) Daimi Temsilcisi B\u00fcy\u00fckel\u00e7i Sedat \u00d6nal, T\u00fcrkiye\u2019nin New York Ba\u015fkonsolosu Reyhan \u00d6zg\u00fcr, yerli ve yabanc\u0131 diplomatik misyon \u00e7al\u0131\u015fanlar\u0131 ile de\u011fi\u015fik sivil toplum kurulu\u015flar\u0131ndan temsilciler ve vatanda\u015flar kat\u0131ld\u0131.<\/p>\n<p><img decoding=\"async\" alt=\"\" src=\"https:\/\/www.aa.com.tr\/uploads\/userFiles\/54a427bf-71c5-4e63-a83d-6196709e92a3\/009_2023%2F006_2023%2F15_Temmuz%2F21%2FAA-31681245.jpg\"\/><\/p>\n<p>\u015eehitler i\u00e7in sayg\u0131 duru\u015fu, \u0130stiklal Mar\u015f\u0131 ve Kur\u2019an-\u0131 Kerim tilaveti ile ba\u015flayan programda konu\u015fan B\u00fcy\u00fckel\u00e7i \u00d6nal, Fetullah\u00e7\u0131 Ter\u00f6r \u00d6rg\u00fct\u00fc\u2019n\u00fcn (FET\u00d6) 7 y\u0131l \u00f6nce demokrasiye kar\u015f\u0131 kalk\u0131\u015ft\u0131\u011f\u0131 darbe giri\u015fiminin, halk\u0131n cesur direni\u015fiyle kar\u015f\u0131la\u015ft\u0131\u011f\u0131n\u0131 s\u00f6yledi.<\/p>\n<p><img decoding=\"async\" alt=\"\" src=\"https:\/\/www.aa.com.tr\/uploads\/userFiles\/54a427bf-71c5-4e63-a83d-6196709e92a3\/009_2023%2F006_2023%2F15_Temmuz%2F21%2FAA-31681250.jpg\"\/><\/p>\n<p>\u00d6nal, \u201cT\u00fcrkiye&#8217;de y\u0131llard\u0131r FET\u00d6&#8217;den kaynaklanan ter\u00f6r tehdidini azaltmay\u0131 ba\u015fard\u0131k ancak buna ra\u011fmen daha yap\u0131lacak \u00e7ok \u015fey var.\u201d diye konu\u015ftu.<\/p>\n<p>FET\u00d6 ter\u00f6r yap\u0131s\u0131n\u0131n, bir\u00e7ok de\u011fi\u015fik kisve alt\u0131nda devlet yap\u0131lar\u0131na n\u00fcfuz etmeye \u00e7al\u0131\u015ft\u0131\u011f\u0131n\u0131 belirten B\u00fcy\u00fckel\u00e7i \u00d6nal, \u201cO halde bu vesileyle uluslararas\u0131 toplumun her bir \u00fcyesine s\u00f6ylemek istedi\u011fim \u015fey, bu ter\u00f6rist varl\u0131\u011f\u0131n \u00f6nlenmesinde bizimle dayan\u0131\u015fma ve i\u015fbirli\u011fi i\u00e7inde olmalar\u0131d\u0131r \u00e7\u00fcnk\u00fc bu sadece T\u00fcrkiye\u2019nin g\u00fcvenlik ve istikrar\u0131na de\u011fil faaliyet g\u00f6sterdi\u011fi \u00fclkeler i\u00e7in de bir tehdittir.\u201d dedi.<\/p>\n<p><img decoding=\"async\" alt=\"\" src=\"https:\/\/www.aa.com.tr\/uploads\/userFiles\/54a427bf-71c5-4e63-a83d-6196709e92a3\/009_2023%2F006_2023%2F15_Temmuz%2F21%2FAA-31681253.jpg\"\/><\/p>\n<h3>&#8220;O g\u00fcn s\u0131radan vatanda\u015flar\u0131n kahramanlara d\u00f6n\u00fc\u015ft\u00fc\u011f\u00fc g\u00fcnd\u00fc\u201d<\/h3>\n<p>T\u00fcrkiye\u2019nin New York Ba\u015fkonsolosu Reyhan \u00d6zg\u00fcr de T\u00fcrk milletinin, demokratik de\u011ferlere sahip \u00e7\u0131kma konusundaki sars\u0131lmaz kararl\u0131l\u0131\u011f\u0131n\u0131 15 Temmuz\u2019da FET\u00d6 darbe kalk\u0131\u015fmas\u0131na kar\u015f\u0131 g\u00f6sterdi\u011fini belirterek \u015f\u00f6yle devam etti:<\/p>\n<p><img decoding=\"async\" alt=\"\" src=\"https:\/\/www.aa.com.tr\/uploads\/userFiles\/54a427bf-71c5-4e63-a83d-6196709e92a3\/009_2023%2F006_2023%2F15_Temmuz%2F21%2FAA-31681256.jpg\"\/><\/p>\n<p>\u201cO g\u00fcn s\u0131radan vatanda\u015flar\u0131n kahramanlara d\u00f6n\u00fc\u015ft\u00fc\u011f\u00fc g\u00fcnd\u00fc. O g\u00fcn \u015fehit olanlara \u015fimdi \u2018T\u00fcrkiye asr\u0131n\u0131n kahramanlar\u0131\u2019 diyoruz.&#8221;<\/p>\n<p>Reyhan, FET\u00d6 \u00f6rg\u00fct\u00fcn\u00fcn yakla\u015f\u0131k 160 \u00fclkede de\u011fi\u015fik kurulu\u015flar alt\u0131nda varl\u0131\u011f\u0131n\u0131 s\u00fcrd\u00fcrmeye devam etti\u011fine dikkat \u00e7ekerek \u201cBirka\u00e7 y\u0131l \u00f6nce T\u00fcrkiye&#8217;de ya\u015fananlar, bu \u00f6rg\u00fct\u00fcn faaliyet g\u00f6sterdikleri herhangi bir \u00fclkede neler yapabilece\u011fini hat\u0131rlat\u0131yor.\u201d ifadesini kulland\u0131.<\/p>\n<p><img decoding=\"async\" alt=\"\" src=\"https:\/\/www.aa.com.tr\/uploads\/userFiles\/54a427bf-71c5-4e63-a83d-6196709e92a3\/009_2023%2F006_2023%2F15_Temmuz%2F21%2FAA-31681234.jpg\"\/><\/p>\n<p>Programdan \u00f6nce de 15 Temmuz g\u00fcn\u00fc can\u0131n\u0131 veren 252 \u015fehidin isim ve foto\u011fraflar\u0131n\u0131n bulundu\u011fu 12\u2019ye 30 metre ebad\u0131nda, 75 kilogram a\u011f\u0131rl\u0131\u011f\u0131ndaki dev bir bayrak, T\u00fcrkevi\u2019nin 16. kat\u0131ndaki balkona as\u0131larak dalgaland\u0131r\u0131ld\u0131.<\/p>\n<p><img decoding=\"async\" alt=\"\" src=\"https:\/\/www.aa.com.tr\/uploads\/userFiles\/54a427bf-71c5-4e63-a83d-6196709e92a3\/009_2023%2F006_2023%2F15_Temmuz%2F21%2FAA-31681240.jpg\"\/><\/p>\n<h3>Latin Amerika<\/h3>\n<p>Peru&#8217;da T\u00fcrkiye&#8217;nin Lima B\u00fcy\u00fckel\u00e7ili\u011findeki etkinli\u011fe, B\u00fcy\u00fckel\u00e7i Serra Kaleli, T\u00fcrk kurum temsilcileri ve bu \u00fclkede ya\u015fayan T\u00fcrk vatanda\u015flar\u0131 kat\u0131ld\u0131.<\/p>\n<p>B\u00fcy\u00fckel\u00e7i Kaleli, konu\u015fmas\u0131nda 15 Temmuz&#8217;un, T\u00fcrk milletinin demokrasiye ba\u011fl\u0131l\u0131\u011f\u0131n\u0131n en somut g\u00f6stergesini te\u015fkil etti\u011fini belirterek &#8220;Birlik ve beraberlik i\u00e7inde Fetullah\u00e7\u0131 Ter\u00f6r \u00d6rg\u00fct\u00fc&#8217;n\u00fcn (FET\u00d6) hain darbe giri\u015fimi engellendi. T\u00fcrkiye&#8217;nin FET\u00d6 dahil t\u00fcm ter\u00f6r \u00f6rg\u00fctleriyle kararl\u0131 m\u00fccadelesi s\u00fcrecektir.&#8221; dedi.<\/p>\n<p>Brezilya&#8217;da Sao Paulo Ba\u015fkonsoloslu\u011fundaki etkinlikte, T\u00fcrkiye Y\u00fczy\u0131l\u0131 kahramanlar\u0131na sayg\u0131 ve minnet duygular\u0131 ifade edildi.<\/p>\n<p>T\u00fcrkiye&#8217;nin Sao Paulo Ba\u015fkonsolosu G\u00fcrsel Evren, konu\u015fmas\u0131nda, hain FET\u00d6&#8217;n\u00fcn 15 Temmuz 2016 darbe giri\u015fiminin akamete u\u011frat\u0131ld\u0131\u011f\u0131n\u0131 vurgulayarak &#8220;Vatan\u0131m\u0131za, milletimize, demokrasimize ve Cumhuriyet&#8217;imizin kazan\u0131mlar\u0131na \u00f6l\u00fcmleri pahas\u0131na sahip \u00e7\u0131kan \u015fehitlerimizi sayg\u0131 ve rahmetle, gazilerimizi \u015f\u00fckranla an\u0131yoruz.&#8221; diye konu\u015ftu.<\/p>\n<p>S\u00f6z konusu etkinli\u011fe Sao Paulo&#8217;da d\u00fczenlenen &#8220;2023 IBSA Goalball Gen\u00e7ler D\u00fcnya \u015eampiyonas\u0131&#8217;na kat\u0131lan &#8220;Milli Tak\u0131m Kafilesi&#8221; de kat\u0131ld\u0131 ve kafile ad\u0131na tak\u0131m kaptan\u0131 &#8220;Demokrasi ve Milli Birlik G\u00fcn\u00fc&#8221; vesilesiyle bir mesaj okudu.<\/p>\n<h3>Ekvador<\/h3>\n<p>T\u00fcrkiye&#8217;nin Kito B\u00fcy\u00fckel\u00e7isi Makbule Ba\u015fak Yal\u00e7\u0131n&#8217;\u0131n ev sahipli\u011finde organize edilen 15 Temmuz Demokrasi ve Milli Birlik G\u00fcn\u00fc anma t\u00f6reni, Ekvador&#8217;daki yerle\u015fik T\u00fcrk vatanda\u015flar\u0131 ve Ekvador M\u00fcsl\u00fcman toplumu temsilcilerinin kat\u0131l\u0131m\u0131yla ger\u00e7ekle\u015ftirildi.<\/p>\n<h3>Kolombiya<\/h3>\n<p>T\u00fcrkiye&#8217;nin Bogota B\u00fcy\u00fckel\u00e7ili\u011finde d\u00fczenlenen 15 Temmuz Demokrasi ve Milli Birlik G\u00fcn\u00fc&#8217;ne de Kolombiya&#8217;daki T\u00fcrk kurumlar\u0131n\u0131n temsilcileri ve T\u00fcrk vatanda\u015flar\u0131 kat\u0131ld\u0131, burada vatan i\u00e7in can\u0131n\u0131 feda eden aziz \u015fehitler i\u00e7in anma t\u00f6reni yap\u0131ld\u0131.<\/p>\n<h3>Venezuela<\/h3>\n<p>T\u00fcrkiye&#8217;nin Karakas B\u00fcy\u00fckel\u00e7isi Aydan Karamano\u011flu&#8217;nun ev sahipli\u011finde, 15 Temmuz Demokrasi ve Milli Birlik G\u00fcn\u00fc anma etkinli\u011fi yap\u0131ld\u0131.<\/p>\n<p>Karamano\u011flu, konu\u015fmas\u0131nda, &#8220;Karakas\u2019taki vatanda\u015flar\u0131m\u0131zla 15 Temmuz \u015fehitlerimizi rahmetle yad ediyoruz, gazilerimize \u015f\u00fckranlar\u0131m\u0131z\u0131 sunuyoruz, halk\u0131m\u0131z\u0131n \u0130stiklal Sava\u015f\u0131&#8217;nda oldu\u011fu gibi d\u0131\u015far\u0131dan olsun, i\u00e7eriden olsun, varl\u0131\u011f\u0131na, \u00f6zg\u00fcrl\u00fc\u011f\u00fcne ve demokrasisine kastedenlerin \u00f6n\u00fcnde hi\u00e7bir zaman boyun e\u011fmeyece\u011fini sayg\u0131yla ve gururla bir kere daha an\u0131yoruz.&#8221; ifadelerini kulland\u0131.<\/p>\n<h3>Arjantin<\/h3>\n<p>T\u00fcrkiye&#8217;nin Buenos Aires B\u00fcy\u00fckel\u00e7isi S\u00fcleyman \u00d6m\u00fcr Budak&#8217;\u0131n kat\u0131l\u0131m\u0131yla d\u00fczenlenen 15 Temmuz Demokrasi ve Milli Birlik G\u00fcn\u00fc nedeniyle b\u00fcy\u00fckel\u00e7ilik binas\u0131nda \u015fehitler ve gaziler i\u00e7in t\u00f6ren yap\u0131ld\u0131.<\/p>\n<h3>Japonya<\/h3>\n<p>Diyanet \u0130\u015fleri Ba\u015fkanl\u0131\u011f\u0131na ba\u011fl\u0131 Tokyo Camisi yerle\u015fkesindeki Ertu\u011frul Salonu&#8217;ndaki programa, T\u00fcrk kamu ve sivil toplum temsilcileri ile davetliler kat\u0131ld\u0131.<\/p>\n<p>Sayg\u0131 duru\u015funun ard\u0131ndan \u0130stiklal Mar\u015f\u0131&#8217;n\u0131n okunmas\u0131yla ba\u015flayan programda, Tokyo Camisi \u0130mam Hatibi Kurra Haf\u0131z Muhammet R\u0131fat \u00c7\u0131nar, Kur&#8217;an-\u0131 Kerim okudu.<\/p>\n<p>T\u00fcrkiye&#8217;nin Tokyo B\u00fcy\u00fckel\u00e7isi Korkut G\u00fcngen, konu\u015fmas\u0131nda 15 Temmuz&#8217;u, Fetullah\u00e7\u0131 Ter\u00f6r \u00d6rg\u00fct\u00fc&#8217;n\u00fcn (FET\u00d6) darbe giri\u015fimine kar\u015f\u0131 &#8220;destans\u0131 m\u00fccadelenin unutulmaz tarihi&#8221; olarak niteledi.<\/p>\n<p>G\u00fcngen, her y\u0131lki anma etkinliklerinin, T\u00fcrkiye Cumhuriyeti\u2019nin kurulu\u015funun 100. y\u0131l\u0131 olan 2023&#8217;te d\u00fczenlenmesinin, daha b\u00fcy\u00fck bir \u00f6neme sahip oldu\u011funu kaydetti.<\/p>\n<p>T\u00fcrkiye Cumhuriyeti&#8217;nin gelecek y\u00fczy\u0131la daha g\u00fc\u00e7l\u00fc \u015fekilde girdi\u011fini s\u00f6yleyen G\u00fcngen, darbe giri\u015fimine y\u00f6nelik &#8220;tehdidin bertaraf edilmesinde en b\u00fcy\u00fck pay aziz milletimizin.&#8221; dedi.<\/p>\n<p>G\u00fcngen, FET\u00d6 iltisakl\u0131 okul, dernek ve \u015firketlerinin Japonya&#8217;da da bulundu\u011funu belirterek \u00fclke makamlar\u0131n\u0131, FET\u00d6&#8217;n\u00fcn ger\u00e7ek y\u00fcz\u00fcne ili\u015fkin bilgilendirmeyi s\u00fcrd\u00fcrd\u00fcklerini belirtti.<\/p>\n<p>\u00d6rg\u00fct faaliyetlerinin &#8220;Japonya dahil her \u00fclke i\u00e7in tehdit&#8221; oldu\u011funu belirten G\u00fcngen, FET\u00d6&#8217;ye kar\u015f\u0131 m\u00fccadelenin &#8220;e\u015fg\u00fcd\u00fcm ve kararl\u0131l\u0131kla y\u00fcr\u00fct\u00fclmesinin&#8221; \u00f6nemini vurgulad\u0131.<\/p>\n<p>Foto\u011fraf sergisinin a\u00e7\u0131ld\u0131\u011f\u0131 etkinlikte davetliler, Cumhurba\u015fkanl\u0131\u011f\u0131 \u0130leti\u015fim Ba\u015fkanl\u0131\u011f\u0131nca haz\u0131rlanan &#8220;15 Temmuz Demokrasi ve Milli Birlik G\u00fcn\u00fc&#8221; temal\u0131 belgeseli izledi.<\/p>\n<p>                            <span class=\"detay-foto-editor\">&#13;<br \/>\n                                <a href=\"https:\/\/www.aa.com.tr\/tr\/p\/abonelik-talep-formu\/1001\" target=\"_blank\" style=\"font-size:12px; color:#444; text-decoration:none;\" rel=\"noopener\">&#13;<br \/>\n                                    Anadolu Ajans\u0131 web sitesinde, AA Haber Ak\u0131\u015f Sistemi (HAS) \u00fczerinden abonelere sunulan haberler, \u00f6zetlenerek yay\u0131mlanmaktad\u0131r. <b style=\"color:#1897F7\">Abonelik i\u00e7in l\u00fctfen ileti\u015fime ge\u00e7iniz.<\/b>&#13;<br \/>\n                                <\/a>&#13;<br \/>\n                            <\/span>\n                        <\/div>\n<p><script>\n\t  window.fbAsyncInit = function() {\n\t\tFB.init({\n\t\t  appId: '1855843514662870',\n\t\t  status : true, \/\/ check login status\n\t\t  cookie : true, \/\/ enable cookies to allow the server to access the session\n\t\t  xfbml  : true  \/\/ parse XFBML\n\t\t});\n\t  };<\/p>\n<p>\t  (function() {\n\t\tvar e = document.createElement('script');\n\t\te.src=\"https:\/\/connect.facebook.net\/tr_TR\/all.js\";\n\t\te.async = true;\n\t\tdocument.getElementById('fb-root').appendChild(e);\n\t  }());\n    <\/script><\/p>\n","protected":false},"excerpt":{"rendered":"<p>New York Ba\u015fkonsoloslu\u011funca d\u00fczenlenen programa T\u00fcrkiye\u2019nin Birle\u015fmi\u015f Milletler (BM) Daimi Temsilcisi B\u00fcy\u00fckel\u00e7i Sedat \u00d6nal, T\u00fcrkiye\u2019nin New York Ba\u015fkonsolosu Reyhan \u00d6zg\u00fcr, yerli ve yabanc\u0131 diplomatik misyon \u00e7al\u0131\u015fanlar\u0131 ile de\u011fi\u015fik sivil toplum kurulu\u015flar\u0131ndan temsilciler ve vatanda\u015flar kat\u0131ld\u0131. \u015eehitler i\u00e7in sayg\u0131 duru\u015fu, \u0130stiklal Mar\u015f\u0131 ve Kur\u2019an-\u0131 Kerim tilaveti ile ba\u015flayan programda konu\u015fan B\u00fcy\u00fckel\u00e7i \u00d6nal, Fetullah\u00e7\u0131 Ter\u00f6r \u00d6rg\u00fct\u00fc\u2019n\u00fcn (FET\u00d6) [&hellip;]<\/p>\n","protected":false},"author":1,"featured_media":9427,"comment_status":"","ping_status":"","sticky":false,"template":"","format":"standard","meta":[],"categories":[1],"tags":[],"_links":{"self":[{"href":"https:\/\/kraios.app\/news\/wp-json\/wp\/v2\/posts\/9426"}],"collection":[{"href":"https:\/\/kraios.app\/news\/wp-json\/wp\/v2\/posts"}],"about":[{"href":"https:\/\/kraios.app\/news\/wp-json\/wp\/v2\/types\/post"}],"author":[{"embeddable":true,"href":"https:\/\/kraios.app\/news\/wp-json\/wp\/v2\/users\/1"}],"replies":[{"embeddable":true,"href":"https:\/\/kraios.app\/news\/wp-json\/wp\/v2\/comments?post=9426"}],"version-history":[{"count":0,"href":"https:\/\/kraios.app\/news\/wp-json\/wp\/v2\/posts\/9426\/revisions"}],"wp:featuredmedia":[{"embeddable":true,"href":"https:\/\/kraios.app\/news\/wp-json\/wp\/v2\/media\/9427"}],"wp:attachment":[{"href":"https:\/\/kraios.app\/news\/wp-json\/wp\/v2\/media?parent=9426"}],"wp:term":[{"taxonomy":"category","embeddable":true,"href":"https:\/\/kraios.app\/news\/wp-json\/wp\/v2\/categories?post=9426"},{"taxonomy":"post_tag","embeddable":true,"href":"https:\/\/kraios.app\/news\/wp-json\/wp\/v2\/tags?post=9426"}],"curies":[{"name":"wp","href":"https:\/\/api.w.org\/{rel}","templated":true}]}}