{"id":9389,"date":"2023-07-14T12:20:05","date_gmt":"2023-07-14T12:20:05","guid":{"rendered":"https:\/\/kraios.app\/news\/gundem\/2023\/07\/14\/putin-parali-savasci-grubu-wagnerin-hukuken-var-olmadigini-soyledi\/"},"modified":"2023-07-14T12:20:05","modified_gmt":"2023-07-14T12:20:05","slug":"putin-parali-savasci-grubu-wagnerin-hukuken-var-olmadigini-soyledi","status":"publish","type":"post","link":"https:\/\/kraios.app\/news\/gundem\/2023\/07\/14\/putin-parali-savasci-grubu-wagnerin-hukuken-var-olmadigini-soyledi\/","title":{"rendered":"Putin, paral\u0131 sava\u015f\u00e7\u0131 grubu Wagner\u2019in hukuken var olmad\u0131\u011f\u0131n\u0131 s\u00f6yledi"},"content":{"rendered":"<p><\/p>\n<div>\n<p>Vladimir Putin, Kommersant gazetesine yapt\u0131\u011f\u0131 a\u00e7\u0131klamada, Rus y\u00f6netimine isyan eden paral\u0131 sava\u015f\u00e7\u0131 grubu Wagner\u2019e ili\u015fkin de\u011ferlendirmelerde bulundu.<\/p>\n<p>Rus toplumu i\u00e7in durumun gayet a\u00e7\u0131k oldu\u011funu belirten Putin, Wagner sava\u015f\u00e7\u0131lar\u0131n\u0131n onurlu \u015fekilde sava\u015ft\u0131\u011f\u0131n\u0131, ancak 24 Haziran\u2019daki isyan olay\u0131n\u0131n i\u00e7ine \u00e7ekildi\u011fini ve bunun \u00fcz\u00fcc\u00fc oldu\u011funu ifade etti.<\/p>\n<p>Putin, \u201cOnlarla yapt\u0131\u011f\u0131m toplant\u0131da bir yandan sava\u015f alan\u0131nda yapt\u0131klar\u0131n\u0131, di\u011fer yandan 24 Haziran olaylar\u0131nda neler yapt\u0131klar\u0131n\u0131 de\u011ferlendirdim. \u00c7at\u0131\u015fmalara kat\u0131lma dahil, gelecekteki hizmetleri i\u00e7in olas\u0131 se\u00e7enekler g\u00f6sterdim. Hepsi bu kadar.\u201d ifadelerini kulland\u0131.<\/p>\n<p>Wagner\u2019in sava\u015f birimi olarak varl\u0131\u011f\u0131n\u0131 s\u00fcrd\u00fcr\u00fcp s\u00fcrd\u00fcrmeyece\u011finin sorulmas\u0131 \u00fczerine Putin, \u201cParal\u0131 asker \u015firketi Wagner yok. \u00d6zel askeri \u015firketlerle ilgili yasam\u0131z yok. Yani yasa yoksa, paral\u0131 asker \u015firketi Wagner de yok. B\u00f6yle bir t\u00fczel ki\u015filik yok. Bir grup var ama yasal olarak yok.\u201d diye konu\u015ftu.<\/p>\n<p>Paral\u0131 asker \u015firketlerinin yasal hale getirilmesinin ayr\u0131 bir konu oldu\u011funa dikkati \u00e7eken Putin, bu hususun parlamentoda ve h\u00fck\u00fcmet d\u00fczeyinde ele al\u0131nmas\u0131 gerekti\u011fini, zor bir konu oldu\u011funu vurgulad\u0131.<\/p>\n<h3>Putin\u2019den Wagner sava\u015f\u00e7\u0131lar\u0131na bir komutan\u0131n emri alt\u0131na girme \u00f6nerisi<\/h3>\n<p>Putin, 29 Haziran\u2019da 35 Wagner komutan\u0131 ile g\u00f6r\u00fc\u015ft\u00fc\u011f\u00fcn\u00fc hat\u0131rlatarak, onlara Kremlin\u2019de olduklar\u0131n\u0131 aktard\u0131\u011f\u0131n\u0131 belirtti. Komutanlara farkl\u0131 istihdam se\u00e7enekleri sundu\u011funu kaydeden Putin, Wagner sava\u015f\u00e7\u0131lar\u0131na \u201cSeda\u201d lakab\u0131yla an\u0131lan bir komutan\u0131n emri alt\u0131na girmelerini \u00f6nerdi\u011fini ifade etti.<\/p>\n<p>Wagner sava\u015f\u00e7\u0131lar\u0131n\u0131n bu komutan\u0131n emrinde 16 ayd\u0131r hizmet verdi\u011fine dikkati \u00e7eken Putin, \u201cHepsi bir yerde toplan\u0131p hizmete devam edebilir ve onlar i\u00e7in hi\u00e7bir \u015fey de\u011fi\u015fmez. Ba\u015f\u0131ndan beri ger\u00e7ek komutanlar\u0131 olan ayn\u0131 ki\u015fi taraf\u0131ndan y\u00f6netilecekler.\u201d \u015feklinde konu\u015ftu.<\/p>\n<p>Putin, pek \u00e7ok komutan\u0131n bu \u00f6neriye olumlu y\u00f6nde kafa sallad\u0131\u011f\u0131n\u0131 anlatarak, en \u00f6nde oturan Wagner\u2019in kurucusu Yevgeniy Prigojin\u2019in bunu g\u00f6rmeden adamlar\u0131n\u0131n bu karara kat\u0131lmad\u0131\u011f\u0131n\u0131 s\u00f6yledi\u011fini aktard\u0131.<\/p>\n<h3>Kremlin: \u201cParal\u0131 asker \u015firketlerinin yasal hale getirilmesi ele al\u0131nacak\u201d<\/h3>\n<p>Kremlin S\u00f6zc\u00fcs\u00fc Dmitriy Peskov da gazetecilere yapt\u0131\u011f\u0131 a\u00e7\u0131klamada, \u201cWagner\u2019in hukuken var olmad\u0131\u011f\u0131n\u0131\u201d belirterek, bu hususun ilave inceleme ve de\u011ferlendirme gerektirdi\u011fini, bu t\u00fcr \u015firketlerin yasal stat\u00fcs\u00fc konusunun olduk\u00e7a karma\u015f\u0131k oldu\u011funu s\u00f6yledi.<\/p>\n<p>Bu alanda yasal de\u011fi\u015fiklik yap\u0131l\u0131p yap\u0131lmayaca\u011f\u0131 sorusuna kar\u015f\u0131l\u0131k Peskov, \u201cEn az\u0131ndan bu konu ele al\u0131nacak.\u201d cevab\u0131n\u0131 verdi.<\/p>\n<p>Peskov, 29 Haziran\u2019da Putin\u2019in Prigojin ile yapt\u0131\u011f\u0131 g\u00f6r\u00fc\u015fmede hangi anla\u015fmaya vard\u0131\u011f\u0131na dair daha fazla detay veremeyeceklerini, gereken her \u015feyi s\u00f6ylediklerini s\u00f6zlerine ekledi.<\/p>\n<p>                            <span class=\"detay-foto-editor\">&#13;<br \/>\n                                <a href=\"https:\/\/www.aa.com.tr\/tr\/p\/abonelik-talep-formu\/1001\" target=\"_blank\" style=\"font-size:12px; color:#444; text-decoration:none;\" rel=\"noopener\">&#13;<br \/>\n                                    Anadolu Ajans\u0131 web sitesinde, AA Haber Ak\u0131\u015f Sistemi (HAS) \u00fczerinden abonelere sunulan haberler, \u00f6zetlenerek yay\u0131mlanmaktad\u0131r. <b style=\"color:#1897F7\">Abonelik i\u00e7in l\u00fctfen ileti\u015fime ge\u00e7iniz.<\/b>&#13;<br \/>\n                                <\/a>&#13;<br \/>\n                            <\/span>\n                        <\/div>\n<p><script>\n\t  window.fbAsyncInit = function() {\n\t\tFB.init({\n\t\t  appId: '1855843514662870',\n\t\t  status : true, \/\/ check login status\n\t\t  cookie : true, \/\/ enable cookies to allow the server to access the session\n\t\t  xfbml  : true  \/\/ parse XFBML\n\t\t});\n\t  };<\/p>\n<p>\t  (function() {\n\t\tvar e = document.createElement('script');\n\t\te.src=\"https:\/\/connect.facebook.net\/tr_TR\/all.js\";\n\t\te.async = true;\n\t\tdocument.getElementById('fb-root').appendChild(e);\n\t  }());\n    <\/script><\/p>\n","protected":false},"excerpt":{"rendered":"<p>Vladimir Putin, Kommersant gazetesine yapt\u0131\u011f\u0131 a\u00e7\u0131klamada, Rus y\u00f6netimine isyan eden paral\u0131 sava\u015f\u00e7\u0131 grubu Wagner\u2019e ili\u015fkin de\u011ferlendirmelerde bulundu. Rus toplumu i\u00e7in durumun gayet a\u00e7\u0131k oldu\u011funu belirten Putin, Wagner sava\u015f\u00e7\u0131lar\u0131n\u0131n onurlu \u015fekilde sava\u015ft\u0131\u011f\u0131n\u0131, ancak 24 Haziran\u2019daki isyan olay\u0131n\u0131n i\u00e7ine \u00e7ekildi\u011fini ve bunun \u00fcz\u00fcc\u00fc oldu\u011funu ifade etti. Putin, \u201cOnlarla yapt\u0131\u011f\u0131m toplant\u0131da bir yandan sava\u015f alan\u0131nda yapt\u0131klar\u0131n\u0131, di\u011fer yandan [&hellip;]<\/p>\n","protected":false},"author":1,"featured_media":9390,"comment_status":"","ping_status":"","sticky":false,"template":"","format":"standard","meta":[],"categories":[1],"tags":[],"_links":{"self":[{"href":"https:\/\/kraios.app\/news\/wp-json\/wp\/v2\/posts\/9389"}],"collection":[{"href":"https:\/\/kraios.app\/news\/wp-json\/wp\/v2\/posts"}],"about":[{"href":"https:\/\/kraios.app\/news\/wp-json\/wp\/v2\/types\/post"}],"author":[{"embeddable":true,"href":"https:\/\/kraios.app\/news\/wp-json\/wp\/v2\/users\/1"}],"replies":[{"embeddable":true,"href":"https:\/\/kraios.app\/news\/wp-json\/wp\/v2\/comments?post=9389"}],"version-history":[{"count":0,"href":"https:\/\/kraios.app\/news\/wp-json\/wp\/v2\/posts\/9389\/revisions"}],"wp:featuredmedia":[{"embeddable":true,"href":"https:\/\/kraios.app\/news\/wp-json\/wp\/v2\/media\/9390"}],"wp:attachment":[{"href":"https:\/\/kraios.app\/news\/wp-json\/wp\/v2\/media?parent=9389"}],"wp:term":[{"taxonomy":"category","embeddable":true,"href":"https:\/\/kraios.app\/news\/wp-json\/wp\/v2\/categories?post=9389"},{"taxonomy":"post_tag","embeddable":true,"href":"https:\/\/kraios.app\/news\/wp-json\/wp\/v2\/tags?post=9389"}],"curies":[{"name":"wp","href":"https:\/\/api.w.org\/{rel}","templated":true}]}}