{"id":9322,"date":"2023-07-14T02:36:19","date_gmt":"2023-07-14T02:36:19","guid":{"rendered":"https:\/\/kraios.app\/news\/gundem\/2023\/07\/14\/anadolu-otoyolunun-duzce-kesiminde-zincirleme-trafik-kazasinda-14-kisi-yaralandi\/"},"modified":"2023-07-14T02:36:19","modified_gmt":"2023-07-14T02:36:19","slug":"anadolu-otoyolunun-duzce-kesiminde-zincirleme-trafik-kazasinda-14-kisi-yaralandi","status":"publish","type":"post","link":"https:\/\/kraios.app\/news\/gundem\/2023\/07\/14\/anadolu-otoyolunun-duzce-kesiminde-zincirleme-trafik-kazasinda-14-kisi-yaralandi\/","title":{"rendered":"Anadolu Otoyolu&#039;nun D\u00fczce kesiminde zincirleme trafik kazas\u0131nda 14 ki\u015fi yaraland\u0131"},"content":{"rendered":"<p>Anadolu Otoyolu&#8217;nun D\u00fczce kesiminde meydana gelen zincirleme trafik kazas\u0131nda yaralanan 14 ki\u015fi, tedavi alt\u0131na al\u0131nd\u0131.<\/p>\n","protected":false},"excerpt":{"rendered":"<p>Anadolu Otoyolu&#8217;nun D\u00fczce kesiminde meydana gelen zincirleme trafik kazas\u0131nda yaralanan 14 ki\u015fi, tedavi alt\u0131na al\u0131nd\u0131.<\/p>\n","protected":false},"author":1,"featured_media":9323,"comment_status":"","ping_status":"","sticky":false,"template":"","format":"standard","meta":[],"categories":[1],"tags":[],"_links":{"self":[{"href":"https:\/\/kraios.app\/news\/wp-json\/wp\/v2\/posts\/9322"}],"collection":[{"href":"https:\/\/kraios.app\/news\/wp-json\/wp\/v2\/posts"}],"about":[{"href":"https:\/\/kraios.app\/news\/wp-json\/wp\/v2\/types\/post"}],"author":[{"embeddable":true,"href":"https:\/\/kraios.app\/news\/wp-json\/wp\/v2\/users\/1"}],"replies":[{"embeddable":true,"href":"https:\/\/kraios.app\/news\/wp-json\/wp\/v2\/comments?post=9322"}],"version-history":[{"count":0,"href":"https:\/\/kraios.app\/news\/wp-json\/wp\/v2\/posts\/9322\/revisions"}],"wp:featuredmedia":[{"embeddable":true,"href":"https:\/\/kraios.app\/news\/wp-json\/wp\/v2\/media\/9323"}],"wp:attachment":[{"href":"https:\/\/kraios.app\/news\/wp-json\/wp\/v2\/media?parent=9322"}],"wp:term":[{"taxonomy":"category","embeddable":true,"href":"https:\/\/kraios.app\/news\/wp-json\/wp\/v2\/categories?post=9322"},{"taxonomy":"post_tag","embeddable":true,"href":"https:\/\/kraios.app\/news\/wp-json\/wp\/v2\/tags?post=9322"}],"curies":[{"name":"wp","href":"https:\/\/api.w.org\/{rel}","templated":true}]}}