{"id":9285,"date":"2023-07-13T22:20:05","date_gmt":"2023-07-13T22:20:05","guid":{"rendered":"https:\/\/kraios.app\/news\/gundem\/2023\/07\/13\/abnin-cumhurbaskanimizin-katildigi-liderler-zirvesi-yapmaya-ihtiyaci-yok-mudur-ekmek-ve-su-kadar-ihtiyaci-vardir\/"},"modified":"2023-07-13T22:20:05","modified_gmt":"2023-07-13T22:20:05","slug":"abnin-cumhurbaskanimizin-katildigi-liderler-zirvesi-yapmaya-ihtiyaci-yok-mudur-ekmek-ve-su-kadar-ihtiyaci-vardir","status":"publish","type":"post","link":"https:\/\/kraios.app\/news\/gundem\/2023\/07\/13\/abnin-cumhurbaskanimizin-katildigi-liderler-zirvesi-yapmaya-ihtiyaci-yok-mudur-ekmek-ve-su-kadar-ihtiyaci-vardir\/","title":{"rendered":"&#8216;AB&#8217;nin, Cumhurba\u015fkan\u0131&#8217;m\u0131z\u0131n kat\u0131ld\u0131\u011f\u0131 liderler zirvesi yapmaya ihtiyac\u0131 yok mudur? Ekmek ve su kadar ihtiyac\u0131 vard\u0131r&#8217;"},"content":{"rendered":"<p><\/p>\n<div>\n<p>AK Parti Genel Ba\u015fkan Yard\u0131mc\u0131s\u0131 ve Parti S\u00f6zc\u00fcs\u00fc \u00d6mer \u00c7elik, Habert\u00fcrk canl\u0131 yay\u0131n\u0131nda g\u00fcndeme ili\u015fkin de\u011ferlendirmede bulundu, sorular\u0131 yan\u0131tlad\u0131.<\/p>\n<p>D\u0131\u015f politikada son g\u00fcnlerde ya\u015fanan geli\u015fmelerin hat\u0131rlat\u0131lmas\u0131n\u0131n ard\u0131ndan &#8220;K\u00fcresel sistemde neler ya\u015fan\u0131yor, biz ne ya\u015f\u0131yoruz, nas\u0131l etkileniyoruz?&#8221; sorusu \u00fczerine \u00c7elik, \u0130kinci D\u00fcnya Sava\u015f\u0131 sonras\u0131 kurulan d\u00fczenin de\u011fi\u015fti\u011fini, yerine ne gelece\u011fi konusunun ucunun ise halen a\u00e7\u0131k oldu\u011funu s\u00f6yledi.<\/p>\n<p>D\u00fcnyan\u0131n daha belirsiz bir d\u00f6nem i\u00e7erisine girdi\u011fini ve herkesin kendi g\u00fcvenli\u011fini garantiye almak i\u00e7in elindeki b\u00fct\u00fcn imkanlar\u0131 seferber etti\u011fini dile getiren \u00c7elik, Rusya-Ukrayna Sava\u015f\u0131&#8217;n\u0131n do\u011frudan Avrupa&#8217;n\u0131n toprak b\u00fct\u00fcnl\u00fc\u011f\u00fcn\u00fcn tehdit edilmesi olarak g\u00f6r\u00fcld\u00fc\u011f\u00fcn\u00fc kaydetti.<\/p>\n<p>Gelinen noktada Avrupa&#8217;n\u0131n, herhangi bir inisiyatif olu\u015fturmakta tek ba\u015f\u0131na \u00f6nemli bir performans ortaya koyamad\u0131\u011f\u0131n\u0131 belirten \u00c7elik, \u015f\u00f6yle devam etti:<\/p>\n<p>&#8220;T\u00fcrkiye ni\u00e7in burada pozitif olarak ayr\u0131\u015ft\u0131? T\u00fcrkiye, Montr\u00f6 S\u00f6zle\u015fmesi&#8217;ni uygulayarak sava\u015f\u0131n Rusya taraf\u0131ndan ba\u015fka alanlara yay\u0131lmas\u0131n\u0131 engellemi\u015f oldu, bar\u0131\u015ftan yana bir irade ortaya koymu\u015f oldu. Rusya&#8217;ya d\u00f6n\u00fck bilinen yapt\u0131r\u0131mlara kat\u0131lmayarak da bir m\u00fczakere masas\u0131n\u0131n sa\u011flam bir bi\u00e7imde ortada durmas\u0131n\u0131 T\u00fcrkiye sa\u011flam\u0131\u015f oldu. Cumhurba\u015fkan\u0131&#8217;m\u0131z burada asl\u0131nda T\u00fcrkiye&#8217;nin hak ve menfaatlerini g\u00f6zeten bir irade ortaya koyarken asl\u0131nda Avrupa a\u00e7\u0131s\u0131ndan da bir m\u00fczakere kap\u0131s\u0131n\u0131n imkanlar\u0131n\u0131 g\u00f6stermi\u015f oldu. Ama maalesef \u015fu ana kadar gelinen noktada T\u00fcrkiye ile bu \u015fekilde bir yak\u0131nla\u015fma ortaya koyarak bir diplomasi performans\u0131 geli\u015ftiremedi.&#8221;<\/p>\n<p>AB \u00fclkelerinin Rusya-Ukrayna Sava\u015f\u0131&#8217;n\u0131 T\u00fcrkiye&#8217;nin olmad\u0131\u011f\u0131 bir masada tart\u0131\u015ft\u0131\u011f\u0131na dikkati \u00e7eken \u00c7elik, &#8220;T\u00fcrkiye, AB \u00fcyesi olmasa da AB&#8217;ye aday bir \u00fclke. Cumhurba\u015fkan\u0131&#8217;m\u0131z\u0131n olmad\u0131\u011f\u0131 bir masada Avrupa liderlerinin Ukrayna meselesini konu\u015fuyor olmas\u0131 tamamen ba\u015ftan sonu\u00e7suz kalmaya mahkum bir m\u00fczakere oluyor.&#8221; diye konu\u015ftu.<\/p>\n<p>Rusya Devlet Ba\u015fkan\u0131 Putin&#8217;in T\u00fcrkiye&#8217;ye gelip gelmeyece\u011fine ili\u015fkin soru \u00fczerine \u00c7elik, &#8220;Cumhurba\u015fkan\u0131&#8217;m\u0131z\u0131n daveti baki. Herhalde bir \u015fekilde bu meseleyle ilgili olarak bu d\u00f6nem yurt d\u0131\u015f\u0131na \u00e7\u0131karsa sadece T\u00fcrkiye&#8217;yi ziyaret eder diye d\u00fc\u015f\u00fcn\u00fcyorum.&#8221; dedi.<\/p>\n<h3>Cumhurba\u015fkanl\u0131\u011f\u0131 Kabinesi \u00fczerinden yap\u0131lan yorumlar<\/h3>\n<p>Yeni Cumhurba\u015fkanl\u0131\u011f\u0131 Kabinesi&#8217;ne i\u015faret edilerek, &#8220;Se\u00e7imden sonra T\u00fcrkiye tekrar Bat\u0131&#8217;yla ve ABD&#8217;yle daha dinamik politikalar uygulayaca\u011f\u0131 ya da daha yak\u0131n temasta olaca\u011f\u0131 bir s\u00fcrece mi gidiyor?&#8221; sorusuna \u00c7elik, \u015fu yan\u0131t\u0131 verdi:<\/p>\n<p>&#8220;Bu de\u011ferlendirmeleri, analizleri okudum. Yorumlar\u0131 yapanlara bir \u015fey s\u00f6ylemem. Kabinenin konfig\u00fcrasyonunda Bat\u0131&#8217;yla ili\u015fkileri iyile\u015ftirmek gibi bir teman\u0131n \u00e7\u0131kt\u0131\u011f\u0131n\u0131 s\u00f6yleyerek yap\u0131yorlar. Ben bu analizlerin Cumhurba\u015fkan\u0131&#8217;m\u0131z\u0131 hi\u00e7 tan\u0131mamak anlam\u0131na geldi\u011fini de\u011ferlendiririm. Kabineye bakarak &#8216;T\u00fcrkiye Do\u011fu&#8217;ya yakla\u015f\u0131yor, Bat\u0131&#8217;ya yakla\u015f\u0131yor ya da yabanc\u0131 sermayeye mesaj veriyor veya vermiyor.&#8217; gibi yorumlar\u0131n \u00e7ok indirgemeci oldu\u011funu d\u00fc\u015f\u00fcn\u00fcr\u00fcm.&#8221;<\/p>\n<p>T\u00fcrkiye&#8217;nin AB \u00fcyeli\u011fi konusunda de\u011ferlendirmede bulunan \u00c7elik, &#8220;Bug\u00fcn AB&#8217;nin, T\u00fcrkiye Cumhuriyeti devletinin ba\u015f\u0131 olarak Cumhurba\u015fkan\u0131&#8217;m\u0131z\u0131n kat\u0131ld\u0131\u011f\u0131 bir liderler zirvesi yapmaya ihtiyac\u0131 yok mudur? Ekmek ve su kadar ihtiyac\u0131 vard\u0131r.&#8221; dedi.<\/p>\n<h3>\u0130sve\u00e7&#8217;in NATO \u00fcyeli\u011fi<\/h3>\n<p>T\u00fcrkiye&#8217;nin, \u0130sve\u00e7&#8217;in NATO \u00fcyeli\u011finin \u00f6n\u00fcn\u00fc a\u00e7maya &#8220;evet&#8221; demesine ili\u015fkin \u00c7elik, T\u00fcrkiye-\u0130sve\u00e7-NATO aras\u0131ndaki \u00fc\u00e7l\u00fc mutabakat metnine dikkati \u00e7ekti.<\/p>\n<p>Mutabakat metnindekilerin hayata ge\u00e7mesi durumunda TBMM&#8217;nin konuyu takdir edece\u011fini s\u00f6yleyen \u00c7elik, &#8220;Takvim \u00e7er\u00e7evesinde &#8216;\u0130sve\u00e7 bu ad\u0131mlar\u0131 yerine getirmi\u015ftir, g\u00fc\u00e7l\u00fc bir tatminkar sonu\u00e7 ortaya \u00e7\u0131km\u0131\u015ft\u0131r.&#8217; denilirse bizim milletvekillerimiz bunun ge\u00e7mesi y\u00f6n\u00fcnde oy kullanacakt\u0131r.&#8221; diye konu\u015ftu.<\/p>\n<p>\u00c7elik, \u0130sve\u00e7 konusunun Meclise ne zaman gelece\u011fiyle ilgili soru \u00fczerine, &#8220;Yeni d\u00f6neme kalacakt\u0131r. O zamana de\u011ferlendirilecektir.&#8221; yan\u0131t\u0131n\u0131 verdi.<\/p>\n<p>Cumhurba\u015fkan\u0131 Recep Tayyip Erdo\u011fan&#8217;\u0131n NATO Liderler Zirvesi&#8217;nde ABD Ba\u015fkan\u0131 Joe Biden ile yapt\u0131\u011f\u0131 g\u00f6r\u00fc\u015fmeye ili\u015fkin soruyu yan\u0131tlarken \u00c7elik, &#8220;Tabii bire bir bilemem. T\u00fcrkiye&#8217;nin, F-16 talebi a\u00e7\u0131s\u0131ndan g\u00fc\u00e7l\u00fc bir a\u015famaya geldi\u011fi g\u00f6r\u00fcl\u00fcyor. Say\u0131n Cumhurba\u015fkan\u0131&#8217;m\u0131z da \u015fimdiye kadar yapt\u0131\u011f\u0131m\u0131z\u0131n \u00f6tesinde yeni bir sayfa a\u00e7abilecek duruma geldi\u011fimizi ifade eden c\u00fcmleler kurdu.&#8221; diye konu\u015ftu.<\/p>\n<p>\u00c7elik, savunma sanayisi d\u0131\u015f\u0131nda ABD&#8217;nin PYD\/YPG&#8217;ye verdi\u011fi destek meselesinde ba\u015fka bir denklem kurdu\u011fu takdirde iki \u00fclkenin ili\u015fkilerinin \u00e7ok daha ivmeli bir s\u00fcrece girebilece\u011fini ifade etti.<\/p>\n<h3>Yunanistan ile ili\u015fkiler<\/h3>\n<p>Gelecek d\u00f6nemde Yunanistan ile ili\u015fkilerin nas\u0131l olaca\u011f\u0131 sorulan \u00c7elik, Yunanistan ile Y\u00fcksek D\u00fczeyli Stratejik Konsey&#8217;in yeniden \u00e7al\u0131\u015fmas\u0131na ve konsey toplant\u0131s\u0131n\u0131n Selanik&#8217;te yap\u0131lmas\u0131na karar verildi\u011fini an\u0131msatt\u0131.<\/p>\n<p>\u00c7elik, \u015f\u00f6yle konu\u015ftu:<\/p>\n<p>&#8220;H\u00fck\u00fcmetler bir araya geliyor. Yunanistan&#8217;la meseleyi tansiyonsuz g\u00f6t\u00fcrmemiz laz\u0131m. Adalar\u0131 silahland\u0131rd\u0131\u011f\u0131n\u0131z zaman yapacak bir \u015fey yok. Adalar\u0131n silahland\u0131r\u0131lmas\u0131 meselesi di\u011fer meseleleri de kilitleyen \u00e7ok y\u00fcksek bir tansiyon \u00fcretiyor. Bat\u0131 Trakya&#8217;daki T\u00fcrk az\u0131nl\u0131\u011f\u0131n\u0131n hak ve menfaatlerinin korunmas\u0131, hukuklar\u0131na sayg\u0131 g\u00f6sterilmesiyle ilgili s\u00fcrekli tart\u0131\u015f\u0131yoruz. Dedea\u011fa\u00e7&#8217;a \u00fcs yapmaya kalkarsan\u0131z, Akdeniz&#8217;de insanlar\u0131 \u00f6ld\u00fcrmek i\u00e7in botlar\u0131 \u015fi\u015flemeye devam ederseniz ya da adalar\u0131 silahland\u0131r\u0131rsan\u0131z ba\u015fka bir \u015fey olur.&#8221;<\/p>\n<h3>&#8220;Vize serbestisi meselesi daha kolay \u00e7\u00f6z\u00fclebilecek bir meseledir&#8221;<\/h3>\n<p>S\u00f6zc\u00fc \u00c7elik, &#8220;Cumhurba\u015fkan\u0131 Erdo\u011fan&#8217;\u0131n NATO&#8217;daki temaslar\u0131n\u0131n ard\u0131ndan AB vize serbestisi ve G\u00fcmr\u00fck Birli\u011finin g\u00fcncellenmesiyle ilgili bir geli\u015fme olur mu?&#8221; sorusu \u00fczerine, &#8220;Burada ilk at\u0131lacak stratejik ad\u0131m G\u00fcmr\u00fck Birli\u011finin g\u00fcncellenmesi ve vize serbestisi meselesidir. Vize serbestisi meselesi daha kolay \u00e7\u00f6z\u00fclebilecek bir meseledir. Bu iki konunun daha da h\u0131zlanaca\u011f\u0131n\u0131 d\u00fc\u015f\u00fcn\u00fcyorum.&#8221; cevab\u0131n\u0131 verdi.<\/p>\n<p>Son g\u00fcnlerde ya\u015fanan geli\u015fmelerin Rusya-T\u00fcrkiye ili\u015fkileri ve Tah\u0131l Koridoru Anla\u015fmas\u0131&#8217;n\u0131 nas\u0131l etkileyece\u011fi sorulan \u00d6mer \u00c7elik, \u015fu de\u011ferlendirmede bulundu:<\/p>\n<p>&#8220;T\u00fcrkiye-Rusya ili\u015fkilerinin ritminde bir olumsuzluk ortaya \u00e7\u0131kaca\u011f\u0131n\u0131 d\u00fc\u015f\u00fcnm\u00fcyorum. Tah\u0131l Koridoru Anla\u015fmas\u0131 da birka\u00e7 kere hafif bir t\u00fcrb\u00fclansa girdi. Ama sonu\u00e7ta liderlerin iradesiyle tekrar yoluna girdi. Cumhurba\u015fkan\u0131&#8217;m\u0131z\u0131n hassasiyetinin Putin taraf\u0131ndan da payla\u015f\u0131ld\u0131\u011f\u0131n\u0131 g\u00f6r\u00fcyorum. \u00d6zellikle bu meselede, sava\u015f\u0131n geriliminin parantezinde tutarak fakir \u00fclkelerdeki a\u00e7l\u0131k durumunun, krizin derinle\u015fmemesini sa\u011flama y\u00f6n\u00fcnde bir irade var. Her hal\u00fckarda \u00e7ok b\u00fcy\u00fck bir kriz beklemiyorum. Say\u0131n Cumhurba\u015fkan\u0131&#8217;m\u0131z ile Say\u0131n Putin aras\u0131nda bir temas olacakt\u0131r.&#8221;<\/p>\n<h3>Enflasyonun tek haneye inmesi<\/h3>\n<p>Ekonomideki geli\u015fmelere ili\u015fkin soru \u00fczerine \u00c7elik, yeni h\u00fck\u00fcmetle kurulan yeni ekonomi y\u00f6netiminin ortaya koydu\u011fu program\u0131n istikrarl\u0131 \u015fekilde ilerlemesinin \u00f6nemli oldu\u011funu s\u00f6yledi.<\/p>\n<p>Cumhurba\u015fkan\u0131 Erdo\u011fan&#8217;\u0131n da yeni ekonomi y\u00f6netiminin ortaya koydu\u011fu program\u0131n neticelerinin al\u0131nmaya ba\u015fland\u0131\u011f\u0131n\u0131 s\u00f6yledi\u011fini belirten \u00c7elik, &#8220;Dolay\u0131s\u0131yla siyasal iradenin g\u00fcc\u00fc, ekonomi y\u00f6netiminin bu program\u0131 titizlikle uygulamas\u0131 neticesinde bu s\u0131cak g\u00fcndemin peyderpey daha so\u011fuyaca\u011f\u0131n\u0131 d\u00fc\u015f\u00fcn\u00fcyorum.&#8221; dedi.<\/p>\n<p>Enflasyonun tek haneye inmesinin kendileri a\u00e7\u0131s\u0131ndan hayal olmad\u0131\u011f\u0131n\u0131 ifade eden \u00c7elik, bunu ge\u00e7mi\u015fteki gibi bu sefer de ger\u00e7ekle\u015ftireceklerini kaydetti.<\/p>\n<h3>Yerel se\u00e7imler<\/h3>\n<p>&#8220;Yerel se\u00e7imlere MHP&#8217;yle birlikte mi gideceksiniz? Di\u011fer bile\u015fenler de kat\u0131lacaklar m\u0131? Buna dair g\u00f6r\u00fc\u015fmeler var m\u0131?&#8221; sorusunu yan\u0131tlarken \u00c7elik, bu konuda de\u011ferlendirme yapmak i\u00e7in hen\u00fcz erken oldu\u011funu s\u00f6yledi.<\/p>\n<p>\u0130stanbul B\u00fcy\u00fck\u015fehir Belediye Ba\u015fkanl\u0131\u011f\u0131 i\u00e7in partilerinde konu\u015fulan ismin olup olmad\u0131\u011f\u0131na ili\u015fkin soruya \u00c7elik, &#8220;Partide isim konu\u015fulmuyor. Nihayetinde bu i\u015flerle ilgili \u00e7al\u0131\u015fan heyetler prensipleri olu\u015fturmaya \u00e7al\u0131\u015f\u0131yorlar.&#8221; yan\u0131t\u0131n\u0131 verdi.<\/p>\n<p>Bir ba\u015fka soru \u00fczerine \u00c7elik, \u0130stanbul&#8217;un hasret kald\u0131\u011f\u0131 hizmet siyasetine kavu\u015faca\u011f\u0131n\u0131 belirterek, &#8220;Kazanaca\u011f\u0131m\u0131z\u0131 d\u00fc\u015f\u00fcn\u00fcyorum tabii ki.&#8221; dedi.<\/p>\n<p>                            <span class=\"detay-foto-editor\">&#13;<br \/>\n                                <a href=\"https:\/\/www.aa.com.tr\/tr\/p\/abonelik-talep-formu\/1001\" target=\"_blank\" style=\"font-size:12px; color:#444; text-decoration:none;\" rel=\"noopener\">&#13;<br \/>\n                                    Anadolu Ajans\u0131 web sitesinde, AA Haber Ak\u0131\u015f Sistemi (HAS) \u00fczerinden abonelere sunulan haberler, \u00f6zetlenerek yay\u0131mlanmaktad\u0131r. <b style=\"color:#1897F7\">Abonelik i\u00e7in l\u00fctfen ileti\u015fime ge\u00e7iniz.<\/b>&#13;<br \/>\n                                <\/a>&#13;<br \/>\n                            <\/span>\n                        <\/div>\n<p><script>\n\t  window.fbAsyncInit = function() {\n\t\tFB.init({\n\t\t  appId: '1855843514662870',\n\t\t  status : true, \/\/ check login status\n\t\t  cookie : true, \/\/ enable cookies to allow the server to access the session\n\t\t  xfbml  : true  \/\/ parse XFBML\n\t\t});\n\t  };<\/p>\n<p>\t  (function() {\n\t\tvar e = document.createElement('script');\n\t\te.src=\"https:\/\/connect.facebook.net\/tr_TR\/all.js\";\n\t\te.async = true;\n\t\tdocument.getElementById('fb-root').appendChild(e);\n\t  }());\n    <\/script><\/p>\n","protected":false},"excerpt":{"rendered":"<p>AK Parti Genel Ba\u015fkan Yard\u0131mc\u0131s\u0131 ve Parti S\u00f6zc\u00fcs\u00fc \u00d6mer \u00c7elik, Habert\u00fcrk canl\u0131 yay\u0131n\u0131nda g\u00fcndeme ili\u015fkin de\u011ferlendirmede bulundu, sorular\u0131 yan\u0131tlad\u0131. D\u0131\u015f politikada son g\u00fcnlerde ya\u015fanan geli\u015fmelerin hat\u0131rlat\u0131lmas\u0131n\u0131n ard\u0131ndan &#8220;K\u00fcresel sistemde neler ya\u015fan\u0131yor, biz ne ya\u015f\u0131yoruz, nas\u0131l etkileniyoruz?&#8221; sorusu \u00fczerine \u00c7elik, \u0130kinci D\u00fcnya Sava\u015f\u0131 sonras\u0131 kurulan d\u00fczenin de\u011fi\u015fti\u011fini, yerine ne gelece\u011fi konusunun ucunun ise halen a\u00e7\u0131k oldu\u011funu [&hellip;]<\/p>\n","protected":false},"author":1,"featured_media":9286,"comment_status":"","ping_status":"","sticky":false,"template":"","format":"standard","meta":[],"categories":[1],"tags":[],"_links":{"self":[{"href":"https:\/\/kraios.app\/news\/wp-json\/wp\/v2\/posts\/9285"}],"collection":[{"href":"https:\/\/kraios.app\/news\/wp-json\/wp\/v2\/posts"}],"about":[{"href":"https:\/\/kraios.app\/news\/wp-json\/wp\/v2\/types\/post"}],"author":[{"embeddable":true,"href":"https:\/\/kraios.app\/news\/wp-json\/wp\/v2\/users\/1"}],"replies":[{"embeddable":true,"href":"https:\/\/kraios.app\/news\/wp-json\/wp\/v2\/comments?post=9285"}],"version-history":[{"count":0,"href":"https:\/\/kraios.app\/news\/wp-json\/wp\/v2\/posts\/9285\/revisions"}],"wp:featuredmedia":[{"embeddable":true,"href":"https:\/\/kraios.app\/news\/wp-json\/wp\/v2\/media\/9286"}],"wp:attachment":[{"href":"https:\/\/kraios.app\/news\/wp-json\/wp\/v2\/media?parent=9285"}],"wp:term":[{"taxonomy":"category","embeddable":true,"href":"https:\/\/kraios.app\/news\/wp-json\/wp\/v2\/categories?post=9285"},{"taxonomy":"post_tag","embeddable":true,"href":"https:\/\/kraios.app\/news\/wp-json\/wp\/v2\/tags?post=9285"}],"curies":[{"name":"wp","href":"https:\/\/api.w.org\/{rel}","templated":true}]}}