{"id":9271,"date":"2023-07-13T16:20:04","date_gmt":"2023-07-13T16:20:04","guid":{"rendered":"https:\/\/kraios.app\/news\/gundem\/2023\/07\/13\/musluman-karsiti-nefret-olgusuyla-mucadelede-somut-planlarimiz-var\/"},"modified":"2023-07-13T16:20:04","modified_gmt":"2023-07-13T16:20:04","slug":"musluman-karsiti-nefret-olgusuyla-mucadelede-somut-planlarimiz-var","status":"publish","type":"post","link":"https:\/\/kraios.app\/news\/gundem\/2023\/07\/13\/musluman-karsiti-nefret-olgusuyla-mucadelede-somut-planlarimiz-var\/","title":{"rendered":"M\u00fcsl\u00fcman kar\u015f\u0131t\u0131 nefret olgusuyla m\u00fccadelede somut planlar\u0131m\u0131z var"},"content":{"rendered":"<p><\/p>\n<div>\n<p>AB&#8217;nin 2 \u015eubat&#8217;ta M\u00fcsl\u00fcman Kar\u015f\u0131t\u0131 Nefret ve Ayr\u0131mc\u0131l\u0131kla M\u00fccadele Koordinat\u00f6rl\u00fc\u011f\u00fcne atad\u0131\u011f\u0131 Lalisse, Br\u00fcksel&#8217;de gazetecilerle bir araya gelerek sorular\u0131 yan\u0131tlad\u0131.<\/p>\n<p>Lalisse, Avrupa&#8217;daki M\u00fcsl\u00fcman toplulu\u011fun, \u00e7ok \u00e7e\u015fitli en b\u00fcy\u00fck dini az\u0131nl\u0131k oldu\u011funu ve Birli\u011fe \u00fcye \u00fclkelerde, farkl\u0131 say\u0131, y\u00fczde ve k\u00f6kenlerde M\u00fcsl\u00fcmanlar\u0131n bulundu\u011funu belirterek, &#8220;Ancak, kilit nokta, AB M\u00fcsl\u00fcman toplumu, toplumumuzun ayr\u0131lmaz bir par\u00e7as\u0131d\u0131r.&#8221; ifadesini kulland\u0131.<\/p>\n<h3>&#8220;M\u00fcsl\u00fcmanlara kar\u015f\u0131 nefret olgusunun haritas\u0131n\u0131 \u00e7\u0131karak belge haz\u0131rlanmas\u0131 \u00f6nerdik&#8221;<\/h3>\n<p>\u0130sve\u00e7&#8217;te Kur&#8217;an-\u0131 Kerim yakma eylemleri hat\u0131rlat\u0131larak, \u0130slam kar\u015f\u0131tl\u0131\u011f\u0131yla m\u00fccadelede somut plan\u0131 olup olmad\u0131\u011f\u0131 sorusuna ili\u015fkin, Lalisse, &#8220;M\u00fcsl\u00fcman kar\u015f\u0131t\u0131 nefret olgusuyla m\u00fccadelede somut planlar\u0131m\u0131z var.&#8221; diye konu\u015ftu.<\/p>\n<p>Lalisse, s\u00f6zlerini \u015f\u00f6yle s\u00fcrd\u00fcrd\u00fc:<\/p>\n<p>&#8220;Birincisi, M\u00fcsl\u00fcman kar\u015f\u0131t\u0131 nefretle m\u00fccadele politikalar\u0131n\u0131 farkl\u0131 sekt\u00f6rlerde, e\u011fitimde, g\u00fcvenlikte, g\u00f6\u00e7te ve daha bir\u00e7ok istihdam alan\u0131nda ana ak\u0131m haline getirece\u011fiz. \u00c7e\u015fitli kurumlarla, sivil toplumla, akt\u00f6rlerle, vatanda\u015flarla, uluslararas\u0131 kurulu\u015flarla diyalo\u011fu s\u00fcrd\u00fcrece\u011fiz. Kan\u0131ta dayal\u0131 politikay\u0131 devreye sokaca\u011f\u0131z, vatanda\u015flar\u0131 ve kurumlar\u0131 M\u00fcsl\u00fcman d\u00fc\u015fmanl\u0131\u011f\u0131 olgusuna kar\u015f\u0131 bilin\u00e7lendirece\u011fiz. Bu ba\u011flamda, kendi \u00e7al\u0131\u015fmama gelince, karar vericilerimize gelecek y\u0131l\u0131n ortas\u0131na kadar M\u00fcsl\u00fcmanlara kar\u015f\u0131 nefret olgusunun haritas\u0131n\u0131 \u00e7\u0131karacak ve \u00e7\u00f6z\u00fcmler \u00f6nerecek sonu\u00e7 belgesi haz\u0131rlamalar\u0131 \u00f6nerisinde bulunduk.&#8221;<\/p>\n<p>AB, 2 \u015eubat&#8217;ta 18 ayd\u0131r bo\u015f olan M\u00fcsl\u00fcman Kar\u015f\u0131t\u0131 Nefret ve Ayr\u0131mc\u0131l\u0131kla M\u00fccadele Koordinat\u00f6rl\u00fc\u011f\u00fcne Marion Lalisse&#8217;yi atam\u0131\u015ft\u0131. <\/p>\n<p>AB Komisyonundan atamaya ili\u015fkin yap\u0131lan a\u00e7\u0131klamada, Lalisse&#8217;nin AB&#8217;ye \u00fcye \u00fclkeler, Avrupa kurumlar\u0131, sivil toplum ve akademiyle birlikte \u00e7al\u0131\u015faca\u011f\u0131, AB&#8217;de bu alanda \u00e7al\u0131\u015fan kurulu\u015flar i\u00e7in ana irtibat noktas\u0131 olaca\u011f\u0131 aktar\u0131lm\u0131\u015ft\u0131. <\/p>\n<p>AB, Avrupa&#8217;da M\u00fcsl\u00fcman kar\u015f\u0131tl\u0131\u011f\u0131n\u0131n artt\u0131\u011f\u0131 bir d\u00f6nemde bu pozisyonu bo\u015f b\u0131rakt\u0131\u011f\u0131 i\u00e7in ele\u015ftirilmi\u015fti.<\/p>\n<p>Daha \u00f6nce AB&#8217;nin Yemen, Fas, Gana, Moritanya, Kuzey K\u0131br\u0131s T\u00fcrk Cumhuriyeti&#8217;ndeki diplomatik misyonlar\u0131nda g\u00f6rev alan Frans\u0131z Koordinat\u00f6r Lalisse, Arap\u00e7a biliyor.\u200b\u200b\u200b\u200b\u200b\u200b\u200b<\/p>\n<p>                            <span class=\"detay-foto-editor\">&#13;<br \/>\n                                <a href=\"https:\/\/www.aa.com.tr\/tr\/p\/abonelik-talep-formu\/1001\" target=\"_blank\" style=\"font-size:12px; color:#444; text-decoration:none;\" rel=\"noopener\">&#13;<br \/>\n                                    Anadolu Ajans\u0131 web sitesinde, AA Haber Ak\u0131\u015f Sistemi (HAS) \u00fczerinden abonelere sunulan haberler, \u00f6zetlenerek yay\u0131mlanmaktad\u0131r. <b style=\"color:#1897F7\">Abonelik i\u00e7in l\u00fctfen ileti\u015fime ge\u00e7iniz.<\/b>&#13;<br \/>\n                                <\/a>&#13;<br \/>\n                            <\/span>\n                        <\/div>\n<p><script>\n\t  window.fbAsyncInit = function() {\n\t\tFB.init({\n\t\t  appId: '1855843514662870',\n\t\t  status : true, \/\/ check login status\n\t\t  cookie : true, \/\/ enable cookies to allow the server to access the session\n\t\t  xfbml  : true  \/\/ parse XFBML\n\t\t});\n\t  };<\/p>\n<p>\t  (function() {\n\t\tvar e = document.createElement('script');\n\t\te.src=\"https:\/\/connect.facebook.net\/tr_TR\/all.js\";\n\t\te.async = true;\n\t\tdocument.getElementById('fb-root').appendChild(e);\n\t  }());\n    <\/script><\/p>\n","protected":false},"excerpt":{"rendered":"<p>AB&#8217;nin 2 \u015eubat&#8217;ta M\u00fcsl\u00fcman Kar\u015f\u0131t\u0131 Nefret ve Ayr\u0131mc\u0131l\u0131kla M\u00fccadele Koordinat\u00f6rl\u00fc\u011f\u00fcne atad\u0131\u011f\u0131 Lalisse, Br\u00fcksel&#8217;de gazetecilerle bir araya gelerek sorular\u0131 yan\u0131tlad\u0131. Lalisse, Avrupa&#8217;daki M\u00fcsl\u00fcman toplulu\u011fun, \u00e7ok \u00e7e\u015fitli en b\u00fcy\u00fck dini az\u0131nl\u0131k oldu\u011funu ve Birli\u011fe \u00fcye \u00fclkelerde, farkl\u0131 say\u0131, y\u00fczde ve k\u00f6kenlerde M\u00fcsl\u00fcmanlar\u0131n bulundu\u011funu belirterek, &#8220;Ancak, kilit nokta, AB M\u00fcsl\u00fcman toplumu, toplumumuzun ayr\u0131lmaz bir par\u00e7as\u0131d\u0131r.&#8221; ifadesini kulland\u0131. &#8220;M\u00fcsl\u00fcmanlara [&hellip;]<\/p>\n","protected":false},"author":1,"featured_media":9272,"comment_status":"","ping_status":"","sticky":false,"template":"","format":"standard","meta":[],"categories":[1],"tags":[],"_links":{"self":[{"href":"https:\/\/kraios.app\/news\/wp-json\/wp\/v2\/posts\/9271"}],"collection":[{"href":"https:\/\/kraios.app\/news\/wp-json\/wp\/v2\/posts"}],"about":[{"href":"https:\/\/kraios.app\/news\/wp-json\/wp\/v2\/types\/post"}],"author":[{"embeddable":true,"href":"https:\/\/kraios.app\/news\/wp-json\/wp\/v2\/users\/1"}],"replies":[{"embeddable":true,"href":"https:\/\/kraios.app\/news\/wp-json\/wp\/v2\/comments?post=9271"}],"version-history":[{"count":0,"href":"https:\/\/kraios.app\/news\/wp-json\/wp\/v2\/posts\/9271\/revisions"}],"wp:featuredmedia":[{"embeddable":true,"href":"https:\/\/kraios.app\/news\/wp-json\/wp\/v2\/media\/9272"}],"wp:attachment":[{"href":"https:\/\/kraios.app\/news\/wp-json\/wp\/v2\/media?parent=9271"}],"wp:term":[{"taxonomy":"category","embeddable":true,"href":"https:\/\/kraios.app\/news\/wp-json\/wp\/v2\/categories?post=9271"},{"taxonomy":"post_tag","embeddable":true,"href":"https:\/\/kraios.app\/news\/wp-json\/wp\/v2\/tags?post=9271"}],"curies":[{"name":"wp","href":"https:\/\/api.w.org\/{rel}","templated":true}]}}