{"id":9246,"date":"2023-07-13T08:20:05","date_gmt":"2023-07-13T08:20:05","guid":{"rendered":"https:\/\/kraios.app\/news\/yasam\/2023\/07\/13\/aksarayda-engelliler-resim-atolyesinde-el-sanatlariyla-rehabilite-oluyor\/"},"modified":"2023-07-13T08:20:05","modified_gmt":"2023-07-13T08:20:05","slug":"aksarayda-engelliler-resim-atolyesinde-el-sanatlariyla-rehabilite-oluyor","status":"publish","type":"post","link":"https:\/\/kraios.app\/news\/yasam\/2023\/07\/13\/aksarayda-engelliler-resim-atolyesinde-el-sanatlariyla-rehabilite-oluyor\/","title":{"rendered":"Aksaray&#8217;da engelliler resim at\u00f6lyesinde el sanatlar\u0131yla rehabilite oluyor"},"content":{"rendered":"<p><\/p>\n<div>\n<p>Aile ve Sosyal Hizmetler Bakanl\u0131\u011f\u0131na ba\u011fl\u0131 Aksaray Bak\u0131m Rehabilitasyon ve Aile Dan\u0131\u015fma Merkezi&#8217;nde engellilerin sosyal aktivitelere kat\u0131larak rehabilite s\u00fcre\u00e7lerinin h\u0131zlanmas\u0131 i\u00e7in 2015&#8217;te resim ve boyama at\u00f6lyesi kuruldu.<\/p>\n<p>At\u00f6lyedeki \u00e7al\u0131\u015fmalara, Aksaray Bak\u0131m Rehabilitasyon ve Aile Dan\u0131\u015fma Merkezi&#8217;nde bar\u0131nan zihinsel engelliler ile Umut Evleri&#8217;nde kalan zihinsel ve fiziksel engelli bireyler kat\u0131l\u0131yor.<\/p>\n<p><img decoding=\"async\" alt=\"\" src=\"https:\/\/www.aa.com.tr\/uploads\/userFiles\/96f91bbd-282f-4a24-a12c-1b1092cfeb3b\/009_2023%2F06_2023%2F21_Temmuz%2F27%2F20230712_2_59467839_90916953.jpg\"\/><\/p>\n<p>Engelli bireyler, at\u00f6lyede el sanat\u0131 \u00fcr\u00fcnler tasarlayarak boyama i\u015flemlerini ger\u00e7ekle\u015ftiriyor.<\/p>\n<p>Uzman \u00f6\u011fretmenlerin de g\u00f6rev yapt\u0131\u011f\u0131 at\u00f6lyede \u00fcretilen el sanat\u0131 \u00fcr\u00fcnlerin sat\u0131\u015f\u0131ndan elde edilen gelirle at\u00f6lyenin malzeme ihtiyac\u0131 kar\u015f\u0131lan\u0131yor.<\/p>\n<p><img decoding=\"async\" alt=\"\" src=\"https:\/\/www.aa.com.tr\/uploads\/userFiles\/96f91bbd-282f-4a24-a12c-1b1092cfeb3b\/009_2023%2F06_2023%2F21_Temmuz%2F27%2F20230712_2_59467839_90916955.jpg\"\/><\/p>\n<h3>&#8220;\u00c7ok mutlu oluyorlar&#8221;<\/h3>\n<p>At\u00f6lyede g\u00f6revli Ah\u015fap Teknolojileri ve El Sanatlar\u0131 \u00d6\u011fretmeni Sevil Umar, AA muhabirine, iki grup olarak y\u00fcr\u00fctt\u00fckleri resim at\u00f6lyesi \u00e7al\u0131\u015fmalar\u0131n\u0131n engelli bireyleri aktif ya\u015fama kazand\u0131rd\u0131\u011f\u0131n\u0131 s\u00f6yledi.<\/p>\n<p><img decoding=\"async\" alt=\"\" src=\"https:\/\/www.aa.com.tr\/uploads\/userFiles\/96f91bbd-282f-4a24-a12c-1b1092cfeb3b\/009_2023%2F06_2023%2F21_Temmuz%2F27%2F20230712_2_59467839_90916957.jpg\"\/><\/p>\n<p>Umar, &#8220;Merkeze ba\u011fl\u0131 resim at\u00f6lyesinde haftan\u0131n 2 g\u00fcn\u00fc Umut Evleri&#8217;nde kalan 12 engelli bireyle, di\u011fer g\u00fcnler merkezde bar\u0131nan 15 engelli bireyle \u00e7al\u0131\u015f\u0131yoruz. Personelimiz e\u015fli\u011finde a\u011f\u0131r engellilerle tak\u0131 tasar\u0131m\u0131, eskiyi yeniye d\u00f6n\u00fc\u015ft\u00fcrerek geri d\u00f6n\u00fc\u015f\u00fcm \u00e7al\u0131\u015fmas\u0131 ortaya koyuyoruz. F\u0131st\u0131k, yumurta ve ceviz kabuklar\u0131yla \u00e7e\u015fitli s\u00fcsleme sanatlar\u0131 ger\u00e7ekle\u015ftiriyoruz. Hafif engelli bireylerle ah\u015fap boyama, r\u00f6lyef ve rapido sanat\u0131 yap\u0131yoruz.&#8221; dedi.<\/p>\n<p><img decoding=\"async\" alt=\"\" src=\"https:\/\/www.aa.com.tr\/uploads\/userFiles\/96f91bbd-282f-4a24-a12c-1b1092cfeb3b\/009_2023%2F06_2023%2F21_Temmuz%2F27%2F20230712_2_59467839_90916958.jpg\"\/><\/p>\n<p>Engelli bireylerin at\u00f6lyede zamanlar\u0131n\u0131 g\u00fczel de\u011ferlendirdiklerini anlatan Umar, &#8220;\u00c7al\u0131\u015f\u0131rken arkada\u015flar\u0131yla \u00e7ok mutlu oluyorlar. \u015eark\u0131 s\u00f6yleyerek, boyama yaparak, e\u011fleniyorlar. Ayn\u0131 zamanda renk kavram\u0131n\u0131 \u00f6\u011frenerek birbirleriyle \u00e7abuk kayna\u015fabiliyorlar. At\u00f6lye \u00e7al\u0131\u015fmalar\u0131na s\u00fcrekli devam edenler, rahat\u00e7a g\u00fczel i\u015fler ortaya koyuyor. Etkinliklerde kendilerini daha iyi anlatarak zamanlar\u0131n\u0131n ne kadar g\u00fczel, de\u011ferli oldu\u011funu ifade edebilmeyi \u00f6\u011freniyorlar. Burada her biri farkl\u0131 duygular ya\u015f\u0131yor.&#8221; diye konu\u015ftu.<\/p>\n<p>Umar, at\u00f6lye \u00fcr\u00fcnlerinin her sene sat\u0131\u015f i\u00e7in sergilendi\u011fini ve kazanc\u0131n at\u00f6lye malzemeleri i\u00e7in kullan\u0131ld\u0131\u011f\u0131n\u0131 dile getirdi.<\/p>\n<p><img decoding=\"async\" alt=\"\" src=\"https:\/\/www.aa.com.tr\/uploads\/userFiles\/96f91bbd-282f-4a24-a12c-1b1092cfeb3b\/009_2023%2F06_2023%2F21_Temmuz%2F27%2F20230712_2_59467839_90916959.jpg\"\/><\/p>\n<p>Elde edilen kazan\u00e7la bu d\u00f6ng\u00fcn\u00fcn devam etti\u011fini belirten Umar, &#8220;\u00dcr\u00fcnlerimizi tan\u0131tarak, engelli bireylerin g\u00fczel i\u015fler yapabildi\u011fini kamuoyuna g\u00f6sterebilmek bizleri \u00e7ok mutlu ediyor.&#8221; ifadesini kulland\u0131.<\/p>\n<p>At\u00f6lyedeki \u00e7al\u0131\u015fmalara kat\u0131lan engellilerden \u0130smet Dik ise boyama yaparken rahat hissetti\u011fini ve verimli vakit ge\u00e7irdi\u011fini belirtti.<\/p>\n<p><img decoding=\"async\" alt=\"\" src=\"https:\/\/www.aa.com.tr\/uploads\/userFiles\/96f91bbd-282f-4a24-a12c-1b1092cfeb3b\/009_2023%2F06_2023%2F21_Temmuz%2F27%2F20230712_2_59467839_90916962.jpg\"\/><\/p>\n<p>\u00c7al\u0131\u015f\u0131rken e\u011flendi\u011fini vurgulayan Dik, &#8220;Tabak boyuyorum, \u015fekerlik boyuyorum. Arkada\u015flar\u0131m pe\u00e7etelik boyuyor. Buraya gelince stres at\u0131yorum, rahatl\u0131yorum.&#8221; dedi.<\/p>\n<p>                            <span class=\"detay-foto-editor\">&#13;<br \/>\n                                <a href=\"https:\/\/www.aa.com.tr\/tr\/p\/abonelik-talep-formu\/1001\" target=\"_blank\" style=\"font-size:12px; color:#444; text-decoration:none;\" rel=\"noopener\">&#13;<br \/>\n                                    Anadolu Ajans\u0131 web sitesinde, AA Haber Ak\u0131\u015f Sistemi (HAS) \u00fczerinden abonelere sunulan haberler, \u00f6zetlenerek yay\u0131mlanmaktad\u0131r. <b style=\"color:#1897F7\">Abonelik i\u00e7in l\u00fctfen ileti\u015fime ge\u00e7iniz.<\/b>&#13;<br \/>\n                                <\/a>&#13;<br \/>\n                            <\/span>\n                        <\/div>\n<p><script>\n\t  window.fbAsyncInit = function() {\n\t\tFB.init({\n\t\t  appId: '1855843514662870',\n\t\t  status : true, \/\/ check login status\n\t\t  cookie : true, \/\/ enable cookies to allow the server to access the session\n\t\t  xfbml  : true  \/\/ parse XFBML\n\t\t});\n\t  };<\/p>\n<p>\t  (function() {\n\t\tvar e = document.createElement('script');\n\t\te.src=\"https:\/\/connect.facebook.net\/tr_TR\/all.js\";\n\t\te.async = true;\n\t\tdocument.getElementById('fb-root').appendChild(e);\n\t  }());\n    <\/script><\/p>\n","protected":false},"excerpt":{"rendered":"<p>Aile ve Sosyal Hizmetler Bakanl\u0131\u011f\u0131na ba\u011fl\u0131 Aksaray Bak\u0131m Rehabilitasyon ve Aile Dan\u0131\u015fma Merkezi&#8217;nde engellilerin sosyal aktivitelere kat\u0131larak rehabilite s\u00fcre\u00e7lerinin h\u0131zlanmas\u0131 i\u00e7in 2015&#8217;te resim ve boyama at\u00f6lyesi kuruldu. At\u00f6lyedeki \u00e7al\u0131\u015fmalara, Aksaray Bak\u0131m Rehabilitasyon ve Aile Dan\u0131\u015fma Merkezi&#8217;nde bar\u0131nan zihinsel engelliler ile Umut Evleri&#8217;nde kalan zihinsel ve fiziksel engelli bireyler kat\u0131l\u0131yor. Engelli bireyler, at\u00f6lyede el sanat\u0131 \u00fcr\u00fcnler [&hellip;]<\/p>\n","protected":false},"author":1,"featured_media":9247,"comment_status":"","ping_status":"","sticky":false,"template":"","format":"standard","meta":[],"categories":[50],"tags":[],"_links":{"self":[{"href":"https:\/\/kraios.app\/news\/wp-json\/wp\/v2\/posts\/9246"}],"collection":[{"href":"https:\/\/kraios.app\/news\/wp-json\/wp\/v2\/posts"}],"about":[{"href":"https:\/\/kraios.app\/news\/wp-json\/wp\/v2\/types\/post"}],"author":[{"embeddable":true,"href":"https:\/\/kraios.app\/news\/wp-json\/wp\/v2\/users\/1"}],"replies":[{"embeddable":true,"href":"https:\/\/kraios.app\/news\/wp-json\/wp\/v2\/comments?post=9246"}],"version-history":[{"count":0,"href":"https:\/\/kraios.app\/news\/wp-json\/wp\/v2\/posts\/9246\/revisions"}],"wp:featuredmedia":[{"embeddable":true,"href":"https:\/\/kraios.app\/news\/wp-json\/wp\/v2\/media\/9247"}],"wp:attachment":[{"href":"https:\/\/kraios.app\/news\/wp-json\/wp\/v2\/media?parent=9246"}],"wp:term":[{"taxonomy":"category","embeddable":true,"href":"https:\/\/kraios.app\/news\/wp-json\/wp\/v2\/categories?post=9246"},{"taxonomy":"post_tag","embeddable":true,"href":"https:\/\/kraios.app\/news\/wp-json\/wp\/v2\/tags?post=9246"}],"curies":[{"name":"wp","href":"https:\/\/api.w.org\/{rel}","templated":true}]}}