{"id":9206,"date":"2023-07-12T17:20:07","date_gmt":"2023-07-12T17:20:07","guid":{"rendered":"https:\/\/kraios.app\/news\/gundem\/2023\/07\/12\/kktc-new-york-temsilcisi-danadan-bm-guvenlik-konseyinin-federal-cozum-cagrisina-tepki\/"},"modified":"2023-07-12T17:20:07","modified_gmt":"2023-07-12T17:20:07","slug":"kktc-new-york-temsilcisi-danadan-bm-guvenlik-konseyinin-federal-cozum-cagrisina-tepki","status":"publish","type":"post","link":"https:\/\/kraios.app\/news\/gundem\/2023\/07\/12\/kktc-new-york-temsilcisi-danadan-bm-guvenlik-konseyinin-federal-cozum-cagrisina-tepki\/","title":{"rendered":"KKTC New York Temsilcisi D\u00e2n\u00e2&#8217;dan BM G\u00fcvenlik Konseyi&#8217;nin &#8220;federal \u00e7\u00f6z\u00fcm&#8221; \u00e7a\u011fr\u0131s\u0131na tepki"},"content":{"rendered":"<p><\/p>\n<div>\n<p>KKTC New York Temsilcisi Mehmet D\u00e2n\u00e2, Birle\u015fmi\u015f Milletler G\u00fcvenlik Konseyi&#8217;nin (BMGK) K\u0131br\u0131s hakk\u0131nda yapt\u0131\u011f\u0131 a\u00e7\u0131klaman\u0131n, mevcut ger\u00e7ekleri yans\u0131tmaktan uzak oldu\u011funu belirterek, &#8220;(A\u00e7\u0131klama) K\u0131br\u0131s&#8217;ta tek \u00e7\u00f6z\u00fcm \u00e7er\u00e7evesi olarak kapsaml\u0131 bir \u015fekilde t\u00fcketilmi\u015f ve kategorik olarak ba\u015far\u0131s\u0131zl\u0131\u011fa u\u011fram\u0131\u015f olan federal form\u00fcl\u00fc tekrarlamaktan \u00f6teye gitmemektedir. Konsey\u2019in bu yakla\u015f\u0131m\u0131, K\u0131br\u0131s&#8217;ta adil ve kal\u0131c\u0131 bir \u00e7\u00f6z\u00fcm\u00fcn \u00f6n\u00fcndeki en b\u00fcy\u00fck engeldir.&#8221; dedi.<\/p>\n<p>D\u00e2n\u00e2, BM Genel Sekreteri&#8217;nin K\u0131br\u0131s \u00d6zel Temsilcisi Colin Stewart&#8217;\u0131n bug\u00fcnk\u00fc sunumunun ard\u0131ndan BMGK taraf\u0131ndan yap\u0131lan bas\u0131n a\u00e7\u0131klamas\u0131n\u0131 AA muhabirine de\u011ferlendirdi. <\/p>\n<p>Ayn\u0131 egzersizin tekrarlanmas\u0131n\u0131n farkl\u0131 bir sonu\u00e7 vermeyece\u011finin bilincinde olan K\u0131br\u0131s T\u00fcrk taraf\u0131n\u0131n, Genel Sekreter&#8217;in &#8220;bu kez farkl\u0131 olmal\u0131&#8221; \u00e7a\u011fr\u0131s\u0131 do\u011frultusunda K\u0131br\u0131s i\u00e7in yeni ve ger\u00e7ek\u00e7i bir vizyon olan &#8220;egemen e\u015fitlik ve e\u015fit uluslararas\u0131 stat\u00fc&#8221; temelinde bir \u00e7\u00f6z\u00fcm \u00f6nerdi\u011finin alt\u0131n\u0131 \u00e7izen D\u00e2n\u00e2, &#8220;\u00d6zden gelen haklar\u0131m\u0131z olan egemen e\u015fitlik ve e\u015fit uluslararas\u0131 stat\u00fcm\u00fcz\u00fcn teyidi, Ada&#8217;daki iki taraf aras\u0131nda i\u015fbirli\u011fi zemininde bir anla\u015fman\u0131n yolunu a\u00e7acak resmi bir m\u00fczakere s\u00fcrecinin ba\u015flayabilmesi ve ba\u015far\u0131ya ula\u015fabilmesi i\u00e7in bir gerekliliktir.&#8221; dedi.<\/p>\n<p>D\u00e2n\u00e2, BM Genel Sekreteri taraf\u0131ndan bir temsilci atanmas\u0131 konusunda ise Eyl\u00fcl 2021&#8217;de yap\u0131lan \u00fc\u00e7l\u00fc g\u00f6r\u00fc\u015fmede, Jane Holl Lute yerine yeni bir ki\u015fisel temsilci atanmas\u0131 konusunda var\u0131lan mutabakattan K\u0131br\u0131s Rum taraf\u0131n\u0131n geri ad\u0131m att\u0131\u011f\u0131n\u0131 an\u0131msatt\u0131.<\/p>\n<p>BMGK taraf\u0131ndan yap\u0131lan a\u00e7\u0131klamada ciddi bir eksiklik te\u015fkil eden di\u011fer bir \u00f6nemli hususun ise t\u00fcm aday\u0131 ilgilendiren konularda her iki taraf\u0131n i\u015fbirli\u011fine duyulan ihtiya\u00e7 oldu\u011funa dikkati \u00e7eken D\u00e2n\u00e2, &#8220;Hidrokarbon kaynaklar\u0131 veya d\u00fczensiz g\u00f6\u00e7 gibi konularda Konsey&#8217;in iki taraf aras\u0131nda i\u015fbirli\u011fi \u00e7a\u011fr\u0131s\u0131nda bulunmas\u0131n\u0131n; esasen uzla\u015f\u0131, g\u00fcvenin tesisi ve K\u0131br\u0131s konusunda bir anla\u015fmaya var\u0131lmas\u0131 hususunda elveri\u015fli bir ortam yarat\u0131lmas\u0131 y\u00f6n\u00fcndeki Konsey&#8217;in \u00e7a\u011fr\u0131lar\u0131yla da tutarl\u0131 bir yakla\u015f\u0131m olaca\u011f\u0131 a\u00e7\u0131kt\u0131r.&#8221; a\u00e7\u0131klamas\u0131nda bulundu.<\/p>\n<h3>&#8220;KKTC halk\u0131na uygulanan izolasyonun g\u00f6rmezden gelinmesi ciddi bir hayal k\u0131r\u0131kl\u0131\u011f\u0131 yarat\u0131yor&#8221;<\/h3>\n<p>D\u00e2n\u00e2, Konsey&#8217;in, K\u0131br\u0131s&#8217;ta ciddi bir insan haklar\u0131 ihlali te\u015fkil eden ve olumsuz etkileri \u00f6ncelikle gen\u00e7 nesil taraf\u0131ndan hissedilen &#8220;K\u0131br\u0131s T\u00fcrk halk\u0131na ya\u015fam\u0131n t\u00fcm alanlar\u0131nda uygulanan izolasyonu&#8221; g\u00f6rmezden gelmeye devam etmesinin de ciddi bir hayal k\u0131r\u0131kl\u0131\u011f\u0131 yaratt\u0131\u011f\u0131na i\u015faret ederek,&#8221;Bu vahim adaletsizlik, Konsey taraf\u0131ndan tatmin edici bir \u015fekilde ele al\u0131nmad\u0131\u011f\u0131 s\u00fcrece, Konsey&#8217;in K\u0131br\u0131s konusuna ili\u015fkin iddia etti\u011fi tarafs\u0131z yakla\u015f\u0131m\u0131n\u0131n, ikna edici olmas\u0131 veya herhangi bir olumlu sonu\u00e7 do\u011furmas\u0131 m\u00fcmk\u00fcn de\u011fildir.&#8221; ifadelerini kulland\u0131.<\/p>\n<p>BMGK taraf\u0131ndan yap\u0131lan a\u00e7\u0131klamay\u0131 Ada&#8217;daki mevcut ger\u00e7ekleri yans\u0131tmaktan uzak olarak niteleyen D\u00e2n\u00e2, &#8220;(A\u00e7\u0131klama) K\u0131br\u0131s&#8217;ta tek \u00e7\u00f6z\u00fcm \u00e7er\u00e7evesi olarak kapsaml\u0131 bir \u015fekilde t\u00fcketilmi\u015f ve kategorik olarak ba\u015far\u0131s\u0131zl\u0131\u011fa u\u011fram\u0131\u015f olan federal form\u00fcl\u00fc tekrarlamaktan \u00f6teye gitmemektedir. Konsey\u2019in bu yakla\u015f\u0131m\u0131, K\u0131br\u0131s&#8217;ta adil ve kal\u0131c\u0131 bir \u00e7\u00f6z\u00fcm\u00fcn \u00f6n\u00fcndeki en b\u00fcy\u00fck engeldir.&#8221; vurgusunda bulundu. <\/p>\n<p>                            <span class=\"detay-foto-editor\">&#13;<br \/>\n                                <a href=\"https:\/\/www.aa.com.tr\/tr\/p\/abonelik-talep-formu\/1001\" target=\"_blank\" style=\"font-size:12px; color:#444; text-decoration:none;\" rel=\"noopener\">&#13;<br \/>\n                                    Anadolu Ajans\u0131 web sitesinde, AA Haber Ak\u0131\u015f Sistemi (HAS) \u00fczerinden abonelere sunulan haberler, \u00f6zetlenerek yay\u0131mlanmaktad\u0131r. <b style=\"color:#1897F7\">Abonelik i\u00e7in l\u00fctfen ileti\u015fime ge\u00e7iniz.<\/b>&#13;<br \/>\n                                <\/a>&#13;<br \/>\n                            <\/span>\n                        <\/div>\n<p><script>\n\t  window.fbAsyncInit = function() {\n\t\tFB.init({\n\t\t  appId: '1855843514662870',\n\t\t  status : true, \/\/ check login status\n\t\t  cookie : true, \/\/ enable cookies to allow the server to access the session\n\t\t  xfbml  : true  \/\/ parse XFBML\n\t\t});\n\t  };<\/p>\n<p>\t  (function() {\n\t\tvar e = document.createElement('script');\n\t\te.src=\"https:\/\/connect.facebook.net\/tr_TR\/all.js\";\n\t\te.async = true;\n\t\tdocument.getElementById('fb-root').appendChild(e);\n\t  }());\n    <\/script><\/p>\n","protected":false},"excerpt":{"rendered":"<p>KKTC New York Temsilcisi Mehmet D\u00e2n\u00e2, Birle\u015fmi\u015f Milletler G\u00fcvenlik Konseyi&#8217;nin (BMGK) K\u0131br\u0131s hakk\u0131nda yapt\u0131\u011f\u0131 a\u00e7\u0131klaman\u0131n, mevcut ger\u00e7ekleri yans\u0131tmaktan uzak oldu\u011funu belirterek, &#8220;(A\u00e7\u0131klama) K\u0131br\u0131s&#8217;ta tek \u00e7\u00f6z\u00fcm \u00e7er\u00e7evesi olarak kapsaml\u0131 bir \u015fekilde t\u00fcketilmi\u015f ve kategorik olarak ba\u015far\u0131s\u0131zl\u0131\u011fa u\u011fram\u0131\u015f olan federal form\u00fcl\u00fc tekrarlamaktan \u00f6teye gitmemektedir. Konsey\u2019in bu yakla\u015f\u0131m\u0131, K\u0131br\u0131s&#8217;ta adil ve kal\u0131c\u0131 bir \u00e7\u00f6z\u00fcm\u00fcn \u00f6n\u00fcndeki en b\u00fcy\u00fck engeldir.&#8221; [&hellip;]<\/p>\n","protected":false},"author":1,"featured_media":9207,"comment_status":"","ping_status":"","sticky":false,"template":"","format":"standard","meta":[],"categories":[1],"tags":[],"_links":{"self":[{"href":"https:\/\/kraios.app\/news\/wp-json\/wp\/v2\/posts\/9206"}],"collection":[{"href":"https:\/\/kraios.app\/news\/wp-json\/wp\/v2\/posts"}],"about":[{"href":"https:\/\/kraios.app\/news\/wp-json\/wp\/v2\/types\/post"}],"author":[{"embeddable":true,"href":"https:\/\/kraios.app\/news\/wp-json\/wp\/v2\/users\/1"}],"replies":[{"embeddable":true,"href":"https:\/\/kraios.app\/news\/wp-json\/wp\/v2\/comments?post=9206"}],"version-history":[{"count":0,"href":"https:\/\/kraios.app\/news\/wp-json\/wp\/v2\/posts\/9206\/revisions"}],"wp:featuredmedia":[{"embeddable":true,"href":"https:\/\/kraios.app\/news\/wp-json\/wp\/v2\/media\/9207"}],"wp:attachment":[{"href":"https:\/\/kraios.app\/news\/wp-json\/wp\/v2\/media?parent=9206"}],"wp:term":[{"taxonomy":"category","embeddable":true,"href":"https:\/\/kraios.app\/news\/wp-json\/wp\/v2\/categories?post=9206"},{"taxonomy":"post_tag","embeddable":true,"href":"https:\/\/kraios.app\/news\/wp-json\/wp\/v2\/tags?post=9206"}],"curies":[{"name":"wp","href":"https:\/\/api.w.org\/{rel}","templated":true}]}}