{"id":9194,"date":"2023-07-12T11:40:45","date_gmt":"2023-07-12T11:40:45","guid":{"rendered":"https:\/\/kraios.app\/news\/gundem\/2023\/07\/12\/cumhurbaskani-erdogan-nato-ukrayna-komisyonunun-devlet-ve-hukumet-baskanlari-toplantisina-katildi\/"},"modified":"2023-07-12T11:40:45","modified_gmt":"2023-07-12T11:40:45","slug":"cumhurbaskani-erdogan-nato-ukrayna-komisyonunun-devlet-ve-hukumet-baskanlari-toplantisina-katildi","status":"publish","type":"post","link":"https:\/\/kraios.app\/news\/gundem\/2023\/07\/12\/cumhurbaskani-erdogan-nato-ukrayna-komisyonunun-devlet-ve-hukumet-baskanlari-toplantisina-katildi\/","title":{"rendered":"Cumhurba\u015fkan\u0131 Erdo\u011fan, NATO-Ukrayna Komisyonu&#039;nun Devlet ve H\u00fck\u00fcmet Ba\u015fkanlar\u0131 Toplant\u0131s\u0131&#039;na kat\u0131ld\u0131"},"content":{"rendered":"<p>Cumhurba\u015fkan\u0131 Recep Tayyip Erdo\u011fan, NATO Devlet ve H\u00fck\u00fcmet Ba\u015fkanlar\u0131 Zirvesi kapsam\u0131nda d\u00fczenlenen NATO &#8211; Ukrayna Komisyonu&#8217;nun Devlet ve H\u00fck\u00fcmet Ba\u015fkanlar\u0131 Toplant\u0131s\u0131&#8217;na kat\u0131ld\u0131.<\/p>\n","protected":false},"excerpt":{"rendered":"<p>Cumhurba\u015fkan\u0131 Recep Tayyip Erdo\u011fan, NATO Devlet ve H\u00fck\u00fcmet Ba\u015fkanlar\u0131 Zirvesi kapsam\u0131nda d\u00fczenlenen NATO &#8211; Ukrayna Komisyonu&#8217;nun Devlet ve H\u00fck\u00fcmet Ba\u015fkanlar\u0131 Toplant\u0131s\u0131&#8217;na kat\u0131ld\u0131.<\/p>\n","protected":false},"author":1,"featured_media":9195,"comment_status":"","ping_status":"","sticky":false,"template":"","format":"standard","meta":[],"categories":[1],"tags":[],"_links":{"self":[{"href":"https:\/\/kraios.app\/news\/wp-json\/wp\/v2\/posts\/9194"}],"collection":[{"href":"https:\/\/kraios.app\/news\/wp-json\/wp\/v2\/posts"}],"about":[{"href":"https:\/\/kraios.app\/news\/wp-json\/wp\/v2\/types\/post"}],"author":[{"embeddable":true,"href":"https:\/\/kraios.app\/news\/wp-json\/wp\/v2\/users\/1"}],"replies":[{"embeddable":true,"href":"https:\/\/kraios.app\/news\/wp-json\/wp\/v2\/comments?post=9194"}],"version-history":[{"count":0,"href":"https:\/\/kraios.app\/news\/wp-json\/wp\/v2\/posts\/9194\/revisions"}],"wp:featuredmedia":[{"embeddable":true,"href":"https:\/\/kraios.app\/news\/wp-json\/wp\/v2\/media\/9195"}],"wp:attachment":[{"href":"https:\/\/kraios.app\/news\/wp-json\/wp\/v2\/media?parent=9194"}],"wp:term":[{"taxonomy":"category","embeddable":true,"href":"https:\/\/kraios.app\/news\/wp-json\/wp\/v2\/categories?post=9194"},{"taxonomy":"post_tag","embeddable":true,"href":"https:\/\/kraios.app\/news\/wp-json\/wp\/v2\/tags?post=9194"}],"curies":[{"name":"wp","href":"https:\/\/api.w.org\/{rel}","templated":true}]}}