{"id":9168,"date":"2023-07-12T02:19:41","date_gmt":"2023-07-12T02:19:41","guid":{"rendered":"https:\/\/kraios.app\/news\/gundem\/2023\/07\/12\/abd-baskani-biden-cumhurbaskani-erdoganla-tekrar-bir-araya-gelmek-harikaydi\/"},"modified":"2023-07-12T02:19:41","modified_gmt":"2023-07-12T02:19:41","slug":"abd-baskani-biden-cumhurbaskani-erdoganla-tekrar-bir-araya-gelmek-harikaydi","status":"publish","type":"post","link":"https:\/\/kraios.app\/news\/gundem\/2023\/07\/12\/abd-baskani-biden-cumhurbaskani-erdoganla-tekrar-bir-araya-gelmek-harikaydi\/","title":{"rendered":"ABD Ba\u015fkan\u0131 Biden: Cumhurba\u015fkan\u0131 Erdo\u011fan&#039;la tekrar bir araya gelmek harikayd\u0131"},"content":{"rendered":"<p>ABD Ba\u015fkan\u0131 Joe Biden, &#8220;Cumhurba\u015fkan\u0131 Recep Tayyip Erdo\u011fan&#8217;la NATO Zirvesi kapsam\u0131nda Litvanya&#8217;da tekrar bir araya gelmek harikayd\u0131.&#8221; a\u00e7\u0131klamas\u0131nda bulundu.<\/p>\n","protected":false},"excerpt":{"rendered":"<p>ABD Ba\u015fkan\u0131 Joe Biden, &#8220;Cumhurba\u015fkan\u0131 Recep Tayyip Erdo\u011fan&#8217;la NATO Zirvesi kapsam\u0131nda Litvanya&#8217;da tekrar bir araya gelmek harikayd\u0131.&#8221; a\u00e7\u0131klamas\u0131nda bulundu.<\/p>\n","protected":false},"author":1,"featured_media":9169,"comment_status":"","ping_status":"","sticky":false,"template":"","format":"standard","meta":[],"categories":[1],"tags":[],"_links":{"self":[{"href":"https:\/\/kraios.app\/news\/wp-json\/wp\/v2\/posts\/9168"}],"collection":[{"href":"https:\/\/kraios.app\/news\/wp-json\/wp\/v2\/posts"}],"about":[{"href":"https:\/\/kraios.app\/news\/wp-json\/wp\/v2\/types\/post"}],"author":[{"embeddable":true,"href":"https:\/\/kraios.app\/news\/wp-json\/wp\/v2\/users\/1"}],"replies":[{"embeddable":true,"href":"https:\/\/kraios.app\/news\/wp-json\/wp\/v2\/comments?post=9168"}],"version-history":[{"count":0,"href":"https:\/\/kraios.app\/news\/wp-json\/wp\/v2\/posts\/9168\/revisions"}],"wp:featuredmedia":[{"embeddable":true,"href":"https:\/\/kraios.app\/news\/wp-json\/wp\/v2\/media\/9169"}],"wp:attachment":[{"href":"https:\/\/kraios.app\/news\/wp-json\/wp\/v2\/media?parent=9168"}],"wp:term":[{"taxonomy":"category","embeddable":true,"href":"https:\/\/kraios.app\/news\/wp-json\/wp\/v2\/categories?post=9168"},{"taxonomy":"post_tag","embeddable":true,"href":"https:\/\/kraios.app\/news\/wp-json\/wp\/v2\/tags?post=9168"}],"curies":[{"name":"wp","href":"https:\/\/api.w.org\/{rel}","templated":true}]}}