{"id":9156,"date":"2023-07-11T20:20:05","date_gmt":"2023-07-11T20:20:05","guid":{"rendered":"https:\/\/kraios.app\/news\/gundem\/2023\/07\/11\/turkiyeden-bmde-uluslararasi-topluma-kuran-i-kerimi-yakma-eylemlerinin-onlenmesi-cagrisi\/"},"modified":"2023-07-11T20:20:05","modified_gmt":"2023-07-11T20:20:05","slug":"turkiyeden-bmde-uluslararasi-topluma-kuran-i-kerimi-yakma-eylemlerinin-onlenmesi-cagrisi","status":"publish","type":"post","link":"https:\/\/kraios.app\/news\/gundem\/2023\/07\/11\/turkiyeden-bmde-uluslararasi-topluma-kuran-i-kerimi-yakma-eylemlerinin-onlenmesi-cagrisi\/","title":{"rendered":"T\u00fcrkiye&#039;den BM&#039;de uluslararas\u0131 topluma Kur&#039;an-\u0131 Kerim&#039;i yakma eylemlerinin \u00f6nlenmesi \u00e7a\u011fr\u0131s\u0131"},"content":{"rendered":"<p>D\u0131\u015fi\u015fleri Bakan Yard\u0131mc\u0131s\u0131 Serim, son d\u00f6nemde artan Kur&#8217;an-\u0131 Kerim&#8217;i alenen yakma olaylar\u0131n\u0131 \u015fiddetle k\u0131nayarak, &#8220;T\u00fcm yetkilileri bu eylemlerin faillerine kar\u015f\u0131 gerekli ad\u0131mlar\u0131 atmaya ve bu t\u00fcr olaylar\u0131n tekrarlanmas\u0131n\u0131 \u00f6nlemeye \u00e7a\u011f\u0131r\u0131yoruz.&#8221; dedi.<\/p>\n","protected":false},"excerpt":{"rendered":"<p>D\u0131\u015fi\u015fleri Bakan Yard\u0131mc\u0131s\u0131 Serim, son d\u00f6nemde artan Kur&#8217;an-\u0131 Kerim&#8217;i alenen yakma olaylar\u0131n\u0131 \u015fiddetle k\u0131nayarak, &#8220;T\u00fcm yetkilileri bu eylemlerin faillerine kar\u015f\u0131 gerekli ad\u0131mlar\u0131 atmaya ve bu t\u00fcr olaylar\u0131n tekrarlanmas\u0131n\u0131 \u00f6nlemeye \u00e7a\u011f\u0131r\u0131yoruz.&#8221; dedi.<\/p>\n","protected":false},"author":1,"featured_media":9157,"comment_status":"","ping_status":"","sticky":false,"template":"","format":"standard","meta":[],"categories":[1],"tags":[],"_links":{"self":[{"href":"https:\/\/kraios.app\/news\/wp-json\/wp\/v2\/posts\/9156"}],"collection":[{"href":"https:\/\/kraios.app\/news\/wp-json\/wp\/v2\/posts"}],"about":[{"href":"https:\/\/kraios.app\/news\/wp-json\/wp\/v2\/types\/post"}],"author":[{"embeddable":true,"href":"https:\/\/kraios.app\/news\/wp-json\/wp\/v2\/users\/1"}],"replies":[{"embeddable":true,"href":"https:\/\/kraios.app\/news\/wp-json\/wp\/v2\/comments?post=9156"}],"version-history":[{"count":0,"href":"https:\/\/kraios.app\/news\/wp-json\/wp\/v2\/posts\/9156\/revisions"}],"wp:featuredmedia":[{"embeddable":true,"href":"https:\/\/kraios.app\/news\/wp-json\/wp\/v2\/media\/9157"}],"wp:attachment":[{"href":"https:\/\/kraios.app\/news\/wp-json\/wp\/v2\/media?parent=9156"}],"wp:term":[{"taxonomy":"category","embeddable":true,"href":"https:\/\/kraios.app\/news\/wp-json\/wp\/v2\/categories?post=9156"},{"taxonomy":"post_tag","embeddable":true,"href":"https:\/\/kraios.app\/news\/wp-json\/wp\/v2\/tags?post=9156"}],"curies":[{"name":"wp","href":"https:\/\/api.w.org\/{rel}","templated":true}]}}