{"id":9142,"date":"2023-07-11T15:20:05","date_gmt":"2023-07-11T15:20:05","guid":{"rendered":"https:\/\/kraios.app\/news\/gundem\/2023\/07\/11\/abdli-cumhuriyetci-senator-graham-turkiyenin-natoya-katkisini-ovdu\/"},"modified":"2023-07-11T15:20:05","modified_gmt":"2023-07-11T15:20:05","slug":"abdli-cumhuriyetci-senator-graham-turkiyenin-natoya-katkisini-ovdu","status":"publish","type":"post","link":"https:\/\/kraios.app\/news\/gundem\/2023\/07\/11\/abdli-cumhuriyetci-senator-graham-turkiyenin-natoya-katkisini-ovdu\/","title":{"rendered":"ABD&#039;li Cumhuriyet\u00e7i Senat\u00f6r Graham, T\u00fcrkiye&#039;nin NATO&#039;ya katk\u0131s\u0131n\u0131 \u00f6vd\u00fc"},"content":{"rendered":"<p>ABD&#8217;li Cumhuriyet\u00e7i Senat\u00f6r Lindsey Graham, T\u00fcrkiye&#8217;nin \u0130sve\u00e7&#8217;in NATO&#8217;ya kat\u0131l\u0131m protokol\u00fcn\u00fc TBMM&#8217;ye sevk edece\u011fi a\u00e7\u0131klamas\u0131ndan memnuniyet duydu\u011funu belirterek, &#8220;T\u00fcrkiye&#8217;nin NATO&#8217;ya katk\u0131s\u0131n\u0131 takdir ediyorum.&#8221; dedi.<\/p>\n","protected":false},"excerpt":{"rendered":"<p>ABD&#8217;li Cumhuriyet\u00e7i Senat\u00f6r Lindsey Graham, T\u00fcrkiye&#8217;nin \u0130sve\u00e7&#8217;in NATO&#8217;ya kat\u0131l\u0131m protokol\u00fcn\u00fc TBMM&#8217;ye sevk edece\u011fi a\u00e7\u0131klamas\u0131ndan memnuniyet duydu\u011funu belirterek, &#8220;T\u00fcrkiye&#8217;nin NATO&#8217;ya katk\u0131s\u0131n\u0131 takdir ediyorum.&#8221; dedi.<\/p>\n","protected":false},"author":1,"featured_media":9143,"comment_status":"","ping_status":"","sticky":false,"template":"","format":"standard","meta":[],"categories":[1],"tags":[],"_links":{"self":[{"href":"https:\/\/kraios.app\/news\/wp-json\/wp\/v2\/posts\/9142"}],"collection":[{"href":"https:\/\/kraios.app\/news\/wp-json\/wp\/v2\/posts"}],"about":[{"href":"https:\/\/kraios.app\/news\/wp-json\/wp\/v2\/types\/post"}],"author":[{"embeddable":true,"href":"https:\/\/kraios.app\/news\/wp-json\/wp\/v2\/users\/1"}],"replies":[{"embeddable":true,"href":"https:\/\/kraios.app\/news\/wp-json\/wp\/v2\/comments?post=9142"}],"version-history":[{"count":0,"href":"https:\/\/kraios.app\/news\/wp-json\/wp\/v2\/posts\/9142\/revisions"}],"wp:featuredmedia":[{"embeddable":true,"href":"https:\/\/kraios.app\/news\/wp-json\/wp\/v2\/media\/9143"}],"wp:attachment":[{"href":"https:\/\/kraios.app\/news\/wp-json\/wp\/v2\/media?parent=9142"}],"wp:term":[{"taxonomy":"category","embeddable":true,"href":"https:\/\/kraios.app\/news\/wp-json\/wp\/v2\/categories?post=9142"},{"taxonomy":"post_tag","embeddable":true,"href":"https:\/\/kraios.app\/news\/wp-json\/wp\/v2\/tags?post=9142"}],"curies":[{"name":"wp","href":"https:\/\/api.w.org\/{rel}","templated":true}]}}