{"id":9114,"date":"2023-07-11T06:20:04","date_gmt":"2023-07-11T06:20:04","guid":{"rendered":"https:\/\/kraios.app\/news\/gundem\/2023\/07\/11\/kuresel-piyasalar-abd-enflasyon-verisi-oncesi-pozitif-seyrediyor\/"},"modified":"2023-07-11T06:20:04","modified_gmt":"2023-07-11T06:20:04","slug":"kuresel-piyasalar-abd-enflasyon-verisi-oncesi-pozitif-seyrediyor","status":"publish","type":"post","link":"https:\/\/kraios.app\/news\/gundem\/2023\/07\/11\/kuresel-piyasalar-abd-enflasyon-verisi-oncesi-pozitif-seyrediyor\/","title":{"rendered":"K\u00fcresel piyasalar ABD enflasyon verisi \u00f6ncesi pozitif seyrediyor"},"content":{"rendered":"<p><\/p>\n<div>\n<p>ABD&#8217;de enflasyon ve resesyon ikilemi varl\u0131k fiyatlar\u0131 \u00fczerinde etkili olmay\u0131 s\u00fcrd\u00fcr\u00fcrken, ABD Merkez Bankas\u0131&#8217;n\u0131n (Fed) enflasyonla m\u00fccadelede kararl\u0131 olmas\u0131na kar\u015f\u0131n Banka&#8217;n\u0131n &#8220;\u015fahin&#8221; ad\u0131mlar\u0131nda sona yakla\u015ft\u0131\u011f\u0131na y\u00f6nelik \u00f6ng\u00f6r\u00fcler g\u00fcnden g\u00fcne g\u00fc\u00e7leniyor.<\/p>\n<p>Para piyasalar\u0131ndaki fiyatlamalarda Fed&#8217;in bu ayki toplant\u0131da y\u00fczde 92 ihtimalle politika faizini 25 baz puan art\u0131raca\u011f\u0131 tahmin edilirken, Banka&#8217;n\u0131n y\u0131l sonuna kadar toplamda 50 baz puanl\u0131k faiz art\u0131rma potansiyeli de masada kalmaya devam ediyor.<\/p>\n<p>New York Fed&#8217;in d\u00fcn a\u00e7\u0131klad\u0131\u011f\u0131 T\u00fcketici Beklentileri Anketi&#8217;nin sonu\u00e7lar\u0131na g\u00f6re, Amerikal\u0131 t\u00fcketicilerin k\u0131sa vadeli enflasyon beklentisi haziranda y\u00fczde 3,8 ile Nisan 2021&#8217;den bu yana en d\u00fc\u015f\u00fck seviyeye geriledi.<\/p>\n<p>Analistler, yar\u0131n a\u00e7\u0131klanacak T\u00fcketici Fiyat Endeksi (T\u00dcFE) ve per\u015fembe a\u00e7\u0131klanacak \u00dcretici Fiyat Endeksi (\u00dcFE) verilerinin piyasalar\u0131n oda\u011f\u0131nda oldu\u011funu belirterek, s\u00f6z konusu verilerin piyasalarda oynakl\u0131\u011f\u0131 art\u0131rmas\u0131n\u0131n beklendi\u011fini ifade etti.<\/p>\n<p>Fed yetkilileri, d\u00fcn de s\u00f6zle y\u00f6nlendirmelerine devam etti. San Francisco Fed Ba\u015fkan\u0131 Mary Daly, g\u00fc\u00e7l\u00fc i\u015f g\u00fcc\u00fc piyasas\u0131 kar\u015f\u0131s\u0131nda y\u00fcksek enflasyonu d\u00fc\u015f\u00fcrmek i\u00e7in bu y\u0131l birka\u00e7 faiz art\u0131r\u0131m\u0131na daha ihtiya\u00e7 duyulaca\u011f\u0131n\u0131 d\u00fc\u015f\u00fcnd\u00fc\u011f\u00fcn\u00fc belirtti.<\/p>\n<p>Cleveland Fed Ba\u015fkan\u0131 Loretta Mester ise enflasyonist bask\u0131lar\u0131n hala daha fazla faiz art\u0131\u015f\u0131na i\u015faret etti\u011fini aktararak, Fed&#8217;in enflasyonu d\u00fc\u015f\u00fcrmek i\u00e7in biraz daha s\u0131k\u0131la\u015ft\u0131rmaya ihtiyac\u0131 olaca\u011f\u0131n\u0131 kaydetti.<\/p>\n<p>Atlanta Fed Ba\u015fkan\u0131 Raphael Bostic de enflasyonun \u00e7ok y\u00fcksek oldu\u011funu, bunun s\u00fcrd\u00fcr\u00fclebilir olmad\u0131\u011f\u0131n\u0131 belirterek, &#8220;en b\u00fcy\u00fck riskin enflasyonu hedefe geri d\u00f6nd\u00fcrmemek oldu\u011fu&#8221; de\u011ferlendirmesinde bulundu.<\/p>\n<p>Fed Ba\u015fkan Yard\u0131mc\u0131s\u0131 Michael Barr, d\u00fcn bankalar\u0131 risklere kar\u015f\u0131 koruyacak bir tampon olmas\u0131 amac\u0131yla sermaye gerekliliklerini art\u0131racak \u00f6nerilerini a\u00e7\u0131klad\u0131. Barr, &#8220;Geli\u015fmi\u015f sermaye kurallar\u0131n\u0131n, 100 milyar dolar veya daha fazla varl\u0131\u011fa sahip bankalara uygulanmas\u0131n\u0131 tavsiye edece\u011fim.&#8221; ifadelerini kulland\u0131.<\/p>\n<p>\u00d6te yandan, uluslararas\u0131 kredi derecelendirme kurulu\u015fu Fitch Ratings, ABD&#8217;de \u00fczerinde anla\u015fmaya var\u0131lan bor\u00e7 limiti yasas\u0131n\u0131n, \u00f6nemli mali zorluklar\u0131 ele almad\u0131\u011f\u0131n\u0131 bildirdi.<\/p>\n<p>S\u00f6z konusu geli\u015fmelerle tahvil piyasalar\u0131nda d\u00fcn al\u0131\u015flar \u00f6ne \u00e7\u0131karken, cuma g\u00fcn\u00fc 4,0940 ile Kas\u0131m 2022&#8217;den bu yana en y\u00fcksek seviyeyi test eden ABD&#8217;nin 10 y\u0131ll\u0131k tahvil faizi y\u00fczde 3,99&#8217;a geriledi.<\/p>\n<p>D\u00fcn New York borsas\u0131nda S&amp;P 500 endeksi y\u00fczde 0,24, Nasdaq endeksi y\u00fczde 0,18 ve Dow Jones endeksi y\u00fczde 0,62 artt\u0131. ABD&#8217;de endeks vadeli kontratlar, yeni g\u00fcne de y\u00fckseli\u015fle ba\u015flad\u0131.<\/p>\n<p>Avrupa&#8217;da da d\u00fcn pozitif bir seyir \u00f6ne \u00e7\u0131karken, bug\u00fcn Almanya&#8217;da a\u00e7\u0131klanacak enflasyon verileri yat\u0131r\u0131mc\u0131lar\u0131n oda\u011f\u0131na yerle\u015fti.<\/p>\n<p>Almanya&#8217;da resesyon endi\u015fesi g\u00fc\u00e7l\u00fc kalmaya devam ediyor. Bu durumun, Almanya&#8217;n\u0131n, b\u00f6lgenin en g\u00fc\u00e7l\u00fc ekonomisi olmas\u0131 nedeniyle Avro B\u00f6lgesi genelini de olduk\u00e7a olumsuz etkileyebilece\u011finden endi\u015fe ediliyor.<\/p>\n<p>D\u00fcn \u0130ngiltere&#8217;de FTSE 100 endeksi y\u00fczde 0,23, Almanya&#8217;da DAX 40 endeksi y\u00fczde 0,45, Fransa&#8217;da CAC 40 endeksi y\u00fczde 0,45 ve \u0130talya&#8217;da MIB 30 endeksi 0,34 de\u011fer kazand\u0131. Avrupa&#8217;da endeks vadeli kontratlar, yeni g\u00fcne de y\u00fckseli\u015fle ba\u015flad\u0131.<\/p>\n<p>New York borsas\u0131ndaki al\u0131\u015f a\u011f\u0131rl\u0131kl\u0131 seyir yeni g\u00fcnde Asya&#8217;ya da ta\u015f\u0131n\u0131rken, \u00c7in&#8217;de h\u00fck\u00fcmetin in\u015faat sekt\u00f6r\u00fc i\u00e7in fonlama maliyetlerini yumu\u015fatma ad\u0131m\u0131 s\u00f6z konusu seyri destekliyor.<\/p>\n<p>Analistler, \u00c7in h\u00fck\u00fcmetinin ekonominin farkl\u0131 alanlar\u0131n\u0131 destekleme ad\u0131mlar\u0131n\u0131n devam etmesinin yat\u0131r\u0131mc\u0131lar\u0131n risk i\u015ftah\u0131n\u0131 besledi\u011fini aktararak, konuya ili\u015fkin a\u00e7\u0131klamalar\u0131n yak\u0131ndan takip edildi\u011fini bildirdi.<\/p>\n<p>Kapan\u0131\u015fa yak\u0131n Japonya&#8217;da Nikkei 225 endeksi yatay seyrederken, G\u00fcney Kore&#8217;de Kospi endeksi y\u00fczde 1,3, \u00c7in&#8217;de \u015eanghay bile\u015fik endeksi y\u00fczde 0,5 ve Hong Kong&#8217;da Hang Seng endeksi y\u00fczde 1,5 y\u00fckseldi.<\/p>\n<p>Yurt i\u00e7inde d\u00fcn al\u0131c\u0131l\u0131 seyrini \u00fcst \u00fcste 4. i\u015flem g\u00fcn\u00fcne ta\u015f\u0131yan Borsa \u0130stanbul&#8217;da BIST 100 endeksi, g\u00fcn\u00fc y\u00fczde 1,35 art\u0131\u015fla 6.270,41 puandan tamamlayarak t\u00fcm zamanlar\u0131n en y\u00fcksek g\u00fcnl\u00fck kapan\u0131\u015f\u0131n\u0131 ger\u00e7ekle\u015ftirirken, g\u00f6rd\u00fc\u011f\u00fc en y\u00fcksek seviye rekorunu da 6.290,34 puana ta\u015f\u0131d\u0131.<\/p>\n<p>D\u00fcn Litvanya&#8217;n\u0131n ba\u015fkenti Vilnius&#8217;ta ger\u00e7ekle\u015fen g\u00f6r\u00fc\u015fmede \u00f6nemli kararlar al\u0131nd\u0131. T\u00fcrkiye, \u0130sve\u00e7 ve NATO&#8217;nun \u00fc\u00e7l\u00fc g\u00f6r\u00fc\u015fmesi sonras\u0131 yap\u0131lan a\u00e7\u0131klamada, T\u00fcrkiye&#8217;nin, \u0130sve\u00e7&#8217;in NATO&#8217;ya kat\u0131l\u0131m protokollerini TBMM&#8217;ye sevk edece\u011fi, \u0130sve\u00e7&#8217;in de T\u00fcrkiye&#8217;nin Avrupa Birli\u011fi&#8217;ne (AB) \u00fcyelik s\u00fcrecinin canland\u0131r\u0131lmas\u0131 konusundaki \u00e7abalar\u0131 destekleyece\u011fi bildirildi.<\/p>\n<p>Analistler, s\u00f6z konusu anla\u015fman\u0131n bir\u00e7ok \u00fclke taraf\u0131ndan olumlu kar\u015f\u0131land\u0131\u011f\u0131n\u0131 ifade ederek, bu durumun T\u00fcrk varl\u0131klar\u0131n\u0131 olumlu etkilemesinin beklendi\u011fini kaydetti.<\/p>\n<p>Borsa \u0130stanbul Vadeli \u0130\u015flem ve Opsiyon Piyasas\u0131&#8217;nda (V\u0130OP) a\u011fustos vadeli BIST 30 endeksine dayal\u0131 kontrat, anla\u015fman\u0131n duyurulmas\u0131yla birlikte ak\u015fam seans\u0131nda yakla\u015f\u0131k y\u00fczde 1,7 y\u00fckseldi.<\/p>\n<p>Dolar\/TL, d\u00fcn y\u00fczde 0,1 art\u0131\u015fla 26,0973&#8217;ten kapanmas\u0131n\u0131n ard\u0131ndan bug\u00fcn bankalararas\u0131 piyasan\u0131n a\u00e7\u0131l\u0131\u015f\u0131nda 26,0960 seviyesinden i\u015flem g\u00f6r\u00fcyor.<\/p>\n<p>\u00d6te yandan, bug\u00fcn yurt i\u00e7inde g\u00f6zler a\u00e7\u0131klanacak \u00f6demeler dengesi verilerine \u00e7evrildi. AA Finans beklenti anketine kat\u0131lan ekonomistler, cari i\u015flemler hesab\u0131n\u0131n may\u0131sta 7,03 milyar dolar a\u00e7\u0131k vermesini bekliyor.<\/p>\n<p>Bug\u00fcn ayr\u0131ca \u0130ngiltere&#8217;de i\u015fsizlik, Almanya&#8217;da enflasyon ve ZEW beklentileri endeksi verilerinin takip edilece\u011fini belirten analistler, teknik a\u00e7\u0131dan BIST 100 endeksinde 6.400 ve 6.600 seviyelerinin diren\u00e7, 6.200 ve 6.100 puan\u0131n destek konumunda oldu\u011funu kaydetti.<\/p>\n<p>09.00 \u0130ngiltere, may\u0131s ay\u0131 i\u015fsizlik oran\u0131<\/p>\n<p>09.00 Almanya, haziran ay\u0131 T\u00dcFE<\/p>\n<p>10.00 T\u00fcrkiye, may\u0131s ay\u0131 cari i\u015flemler dengesi<\/p>\n<p>12.00 Almanya, temmuz ay\u0131 ZEW g\u00fcven endeksi<\/p>\n<p>12.00 Avro B\u00f6lgesi, temmuz ay\u0131 ZEW g\u00fcven endeksi<\/p>\n<p>                            <span class=\"detay-foto-editor\">&#13;<br \/>\n                                <a href=\"https:\/\/www.aa.com.tr\/tr\/p\/abonelik-talep-formu\/1001\" target=\"_blank\" style=\"font-size:12px; color:#444; text-decoration:none;\" rel=\"noopener\">&#13;<br \/>\n                                    Anadolu Ajans\u0131 web sitesinde, AA Haber Ak\u0131\u015f Sistemi (HAS) \u00fczerinden abonelere sunulan haberler, \u00f6zetlenerek yay\u0131mlanmaktad\u0131r. <b style=\"color:#1897F7\">Abonelik i\u00e7in l\u00fctfen ileti\u015fime ge\u00e7iniz.<\/b>&#13;<br \/>\n                                <\/a>&#13;<br \/>\n                            <\/span>\n                        <\/div>\n<p><script>\n\t  window.fbAsyncInit = function() {\n\t\tFB.init({\n\t\t  appId: '1855843514662870',\n\t\t  status : true, \/\/ check login status\n\t\t  cookie : true, \/\/ enable cookies to allow the server to access the session\n\t\t  xfbml  : true  \/\/ parse XFBML\n\t\t});\n\t  };<\/p>\n<p>\t  (function() {\n\t\tvar e = document.createElement('script');\n\t\te.src=\"https:\/\/connect.facebook.net\/tr_TR\/all.js\";\n\t\te.async = true;\n\t\tdocument.getElementById('fb-root').appendChild(e);\n\t  }());\n    <\/script><\/p>\n","protected":false},"excerpt":{"rendered":"<p>ABD&#8217;de enflasyon ve resesyon ikilemi varl\u0131k fiyatlar\u0131 \u00fczerinde etkili olmay\u0131 s\u00fcrd\u00fcr\u00fcrken, ABD Merkez Bankas\u0131&#8217;n\u0131n (Fed) enflasyonla m\u00fccadelede kararl\u0131 olmas\u0131na kar\u015f\u0131n Banka&#8217;n\u0131n &#8220;\u015fahin&#8221; ad\u0131mlar\u0131nda sona yakla\u015ft\u0131\u011f\u0131na y\u00f6nelik \u00f6ng\u00f6r\u00fcler g\u00fcnden g\u00fcne g\u00fc\u00e7leniyor. Para piyasalar\u0131ndaki fiyatlamalarda Fed&#8217;in bu ayki toplant\u0131da y\u00fczde 92 ihtimalle politika faizini 25 baz puan art\u0131raca\u011f\u0131 tahmin edilirken, Banka&#8217;n\u0131n y\u0131l sonuna kadar toplamda 50 baz [&hellip;]<\/p>\n","protected":false},"author":1,"featured_media":9115,"comment_status":"","ping_status":"","sticky":false,"template":"","format":"standard","meta":[],"categories":[1],"tags":[],"_links":{"self":[{"href":"https:\/\/kraios.app\/news\/wp-json\/wp\/v2\/posts\/9114"}],"collection":[{"href":"https:\/\/kraios.app\/news\/wp-json\/wp\/v2\/posts"}],"about":[{"href":"https:\/\/kraios.app\/news\/wp-json\/wp\/v2\/types\/post"}],"author":[{"embeddable":true,"href":"https:\/\/kraios.app\/news\/wp-json\/wp\/v2\/users\/1"}],"replies":[{"embeddable":true,"href":"https:\/\/kraios.app\/news\/wp-json\/wp\/v2\/comments?post=9114"}],"version-history":[{"count":0,"href":"https:\/\/kraios.app\/news\/wp-json\/wp\/v2\/posts\/9114\/revisions"}],"wp:featuredmedia":[{"embeddable":true,"href":"https:\/\/kraios.app\/news\/wp-json\/wp\/v2\/media\/9115"}],"wp:attachment":[{"href":"https:\/\/kraios.app\/news\/wp-json\/wp\/v2\/media?parent=9114"}],"wp:term":[{"taxonomy":"category","embeddable":true,"href":"https:\/\/kraios.app\/news\/wp-json\/wp\/v2\/categories?post=9114"},{"taxonomy":"post_tag","embeddable":true,"href":"https:\/\/kraios.app\/news\/wp-json\/wp\/v2\/tags?post=9114"}],"curies":[{"name":"wp","href":"https:\/\/api.w.org\/{rel}","templated":true}]}}