{"id":9098,"date":"2023-07-11T02:19:42","date_gmt":"2023-07-11T02:19:42","guid":{"rendered":"https:\/\/kraios.app\/news\/gundem\/2023\/07\/11\/heyelan-nedeniyle-bolu-abant-giselerinden-kapatilan-anadolu-otoyolu-ulasima-acildi\/"},"modified":"2023-07-11T02:19:42","modified_gmt":"2023-07-11T02:19:42","slug":"heyelan-nedeniyle-bolu-abant-giselerinden-kapatilan-anadolu-otoyolu-ulasima-acildi","status":"publish","type":"post","link":"https:\/\/kraios.app\/news\/gundem\/2023\/07\/11\/heyelan-nedeniyle-bolu-abant-giselerinden-kapatilan-anadolu-otoyolu-ulasima-acildi\/","title":{"rendered":"Heyelan nedeniyle Bolu Abant gi\u015felerinden kapat\u0131lan Anadolu Otoyolu ula\u015f\u0131ma a\u00e7\u0131ld\u0131"},"content":{"rendered":"<p>Heyelan nedeniyle Bolu Abant gi\u015felerinden ara\u00e7 trafi\u011fine kapat\u0131lan Anadolu Otoyolu\u2019nun \u0130stanbul istikameti, \u00e7al\u0131\u015fmalar\u0131n ard\u0131ndan ula\u015f\u0131ma a\u00e7\u0131ld\u0131.<\/p>\n","protected":false},"excerpt":{"rendered":"<p>Heyelan nedeniyle Bolu Abant gi\u015felerinden ara\u00e7 trafi\u011fine kapat\u0131lan Anadolu Otoyolu\u2019nun \u0130stanbul istikameti, \u00e7al\u0131\u015fmalar\u0131n ard\u0131ndan ula\u015f\u0131ma a\u00e7\u0131ld\u0131.<\/p>\n","protected":false},"author":1,"featured_media":9099,"comment_status":"","ping_status":"","sticky":false,"template":"","format":"standard","meta":[],"categories":[1],"tags":[],"_links":{"self":[{"href":"https:\/\/kraios.app\/news\/wp-json\/wp\/v2\/posts\/9098"}],"collection":[{"href":"https:\/\/kraios.app\/news\/wp-json\/wp\/v2\/posts"}],"about":[{"href":"https:\/\/kraios.app\/news\/wp-json\/wp\/v2\/types\/post"}],"author":[{"embeddable":true,"href":"https:\/\/kraios.app\/news\/wp-json\/wp\/v2\/users\/1"}],"replies":[{"embeddable":true,"href":"https:\/\/kraios.app\/news\/wp-json\/wp\/v2\/comments?post=9098"}],"version-history":[{"count":0,"href":"https:\/\/kraios.app\/news\/wp-json\/wp\/v2\/posts\/9098\/revisions"}],"wp:featuredmedia":[{"embeddable":true,"href":"https:\/\/kraios.app\/news\/wp-json\/wp\/v2\/media\/9099"}],"wp:attachment":[{"href":"https:\/\/kraios.app\/news\/wp-json\/wp\/v2\/media?parent=9098"}],"wp:term":[{"taxonomy":"category","embeddable":true,"href":"https:\/\/kraios.app\/news\/wp-json\/wp\/v2\/categories?post=9098"},{"taxonomy":"post_tag","embeddable":true,"href":"https:\/\/kraios.app\/news\/wp-json\/wp\/v2\/tags?post=9098"}],"curies":[{"name":"wp","href":"https:\/\/api.w.org\/{rel}","templated":true}]}}