{"id":9088,"date":"2023-07-10T20:20:05","date_gmt":"2023-07-10T20:20:05","guid":{"rendered":"https:\/\/kraios.app\/news\/gundem\/2023\/07\/10\/biden-turkiyenin-isvecin-natoya-katilim-protokollerini-tbmmye-sevk-kararini-memnuniyetle-karsiladigini-bildirdi\/"},"modified":"2023-07-10T20:20:05","modified_gmt":"2023-07-10T20:20:05","slug":"biden-turkiyenin-isvecin-natoya-katilim-protokollerini-tbmmye-sevk-kararini-memnuniyetle-karsiladigini-bildirdi","status":"publish","type":"post","link":"https:\/\/kraios.app\/news\/gundem\/2023\/07\/10\/biden-turkiyenin-isvecin-natoya-katilim-protokollerini-tbmmye-sevk-kararini-memnuniyetle-karsiladigini-bildirdi\/","title":{"rendered":"Biden, T\u00fcrkiye&#039;nin \u0130sve\u00e7&#039;in NATO&#039;ya kat\u0131l\u0131m protokollerini TBMM&#039;ye sevk karar\u0131n\u0131 memnuniyetle kar\u015f\u0131lad\u0131\u011f\u0131n\u0131 bildirdi"},"content":{"rendered":"<p>ABD Ba\u015fkan\u0131 Joe Biden, T\u00fcrkiye&#8217;nin \u0130sve\u00e7&#8217;in NATO&#8217;ya kat\u0131l\u0131m protokollerini TBMM&#8217;ye sevk etme karar\u0131n\u0131 memnuniyetle kar\u015f\u0131lad\u0131\u011f\u0131n\u0131 bildirdi.<\/p>\n","protected":false},"excerpt":{"rendered":"<p>ABD Ba\u015fkan\u0131 Joe Biden, T\u00fcrkiye&#8217;nin \u0130sve\u00e7&#8217;in NATO&#8217;ya kat\u0131l\u0131m protokollerini TBMM&#8217;ye sevk etme karar\u0131n\u0131 memnuniyetle kar\u015f\u0131lad\u0131\u011f\u0131n\u0131 bildirdi.<\/p>\n","protected":false},"author":1,"featured_media":9089,"comment_status":"","ping_status":"","sticky":false,"template":"","format":"standard","meta":[],"categories":[1],"tags":[],"_links":{"self":[{"href":"https:\/\/kraios.app\/news\/wp-json\/wp\/v2\/posts\/9088"}],"collection":[{"href":"https:\/\/kraios.app\/news\/wp-json\/wp\/v2\/posts"}],"about":[{"href":"https:\/\/kraios.app\/news\/wp-json\/wp\/v2\/types\/post"}],"author":[{"embeddable":true,"href":"https:\/\/kraios.app\/news\/wp-json\/wp\/v2\/users\/1"}],"replies":[{"embeddable":true,"href":"https:\/\/kraios.app\/news\/wp-json\/wp\/v2\/comments?post=9088"}],"version-history":[{"count":0,"href":"https:\/\/kraios.app\/news\/wp-json\/wp\/v2\/posts\/9088\/revisions"}],"wp:featuredmedia":[{"embeddable":true,"href":"https:\/\/kraios.app\/news\/wp-json\/wp\/v2\/media\/9089"}],"wp:attachment":[{"href":"https:\/\/kraios.app\/news\/wp-json\/wp\/v2\/media?parent=9088"}],"wp:term":[{"taxonomy":"category","embeddable":true,"href":"https:\/\/kraios.app\/news\/wp-json\/wp\/v2\/categories?post=9088"},{"taxonomy":"post_tag","embeddable":true,"href":"https:\/\/kraios.app\/news\/wp-json\/wp\/v2\/tags?post=9088"}],"curies":[{"name":"wp","href":"https:\/\/api.w.org\/{rel}","templated":true}]}}