{"id":9060,"date":"2023-07-10T13:20:26","date_gmt":"2023-07-10T13:20:26","guid":{"rendered":"https:\/\/kraios.app\/news\/yasam\/2023\/07\/10\/van-golundeki-mikrobiyalitlere-samandirali-koruma\/"},"modified":"2023-07-10T13:20:26","modified_gmt":"2023-07-10T13:20:26","slug":"van-golundeki-mikrobiyalitlere-samandirali-koruma","status":"publish","type":"post","link":"https:\/\/kraios.app\/news\/yasam\/2023\/07\/10\/van-golundeki-mikrobiyalitlere-samandirali-koruma\/","title":{"rendered":"Van G\u00f6l\u00fc&#8217;ndeki mikrobiyalitlere \u015famand\u0131ral\u0131 koruma"},"content":{"rendered":"<p><\/p>\n<div>\n<p>Son zamanlarda ya\u015fanan kurakl\u0131k ve a\u015f\u0131r\u0131 buharla\u015fma nedeniyle su seviyesinde d\u00fc\u015f\u00fc\u015f ya\u015fanan Van G\u00f6l\u00fc&#8217;n\u00fcn k\u0131y\u0131 b\u00f6lgelerinde mikrobiyalitler su y\u00fczeyine \u00e7\u0131kt\u0131.<\/p>\n<p>Mikrobiyalitlerin korunmas\u0131 amac\u0131yla Van B\u00fcy\u00fck\u015fehir Belediyesi ve Do\u011fu Anadolu Kalk\u0131nma Ajans\u0131 (DAKA) deste\u011fiyle \u00e7al\u0131\u015fma ba\u015flat\u0131ld\u0131.<\/p>\n<p><img decoding=\"async\" alt=\"\" src=\"https:\/\/www.aa.com.tr\/uploads\/userFiles\/96f91bbd-282f-4a24-a12c-1b1092cfeb3b\/009_2023%2F06_2023%2F23_Temmuz%2F24%2F20230710_2_59437383_90853590.jpg\"\/><\/p>\n<p>Sahil G\u00fcvenlik Van G\u00f6l\u00fc Grup Komutanl\u0131\u011f\u0131, Van Dal\u0131\u015f Okulu dalg\u0131\u00e7lar\u0131n\u0131n da destek verdi\u011fi proje kapsam\u0131nda, mikrobiyalitlerin tekne \u00e7apalar\u0131 ya da pervane s\u00fcrt\u00fcnmeleri nedeniyle zarar g\u00f6rmelerinin \u00f6nlenmesi i\u00e7in Edremit&#8217;te 2, Re\u015fadiye ve Alt\u0131nsa\u00e7 b\u00f6lgelerinde birer noktaya \u015famand\u0131ra b\u0131rak\u0131ld\u0131.<\/p>\n<p>Belediye ve DAKA taraf\u0131ndan temin edilen \u015famand\u0131ralar, Van Dal\u0131\u015f Okulu e\u011fitmenleri Serkan \u00d6k, Furkan A\u015fga&#8217;n\u0131n da aralar\u0131nda bulundu\u011fu dalg\u0131\u00e7lar taraf\u0131ndan yerlerine yerle\u015ftirildi.<\/p>\n<p><img decoding=\"async\" alt=\"\" src=\"https:\/\/www.aa.com.tr\/uploads\/userFiles\/96f91bbd-282f-4a24-a12c-1b1092cfeb3b\/009_2023%2F06_2023%2F23_Temmuz%2F24%2F20230710_2_59437383_90853593.jpg\"\/><\/p>\n<p>Su alt\u0131 belgesel yap\u0131mc\u0131s\u0131 ve g\u00f6r\u00fcnt\u00fc y\u00f6netmeni Tahsin Ceylan ve ekibi, su y\u00fczeyine \u00e7\u0131kan mikrobiyalitleri ve \u015famand\u0131ra b\u0131rak\u0131lan noktalar\u0131 su alt\u0131ndan g\u00f6r\u00fcnt\u00fcledi.<\/p>\n<p>Van G\u00f6l\u00fc Havzas\u0131&#8217;n\u0131n kurakl\u0131ktan etkilendi\u011fini belirten Ceylan, \u015funlar\u0131 s\u00f6yledi:<\/p>\n<p>&#8220;Van G\u00f6l\u00fc&#8217;n\u00fcn do\u011fal miras\u0131 olan mikrobiyalitler, y\u00fczy\u0131llard\u0131r suyun alt\u0131nda b\u00fcy\u00fcyorlar. Artan \u0131s\u0131, k\u00fcresel iklim de\u011fi\u015fikli\u011fi, suyun azalmas\u0131, buharla\u015fma gibi fakt\u00f6rler sonucu, siyanobakteriler ve mikroalglerin fotosentezi ile olu\u015fan bu \u00e7\u00f6keltiler art\u0131k suyun \u00fczerindeler. \u0130\u00e7lerinden tatl\u0131 su ak\u0131yor. Bu, trajedinin en b\u00fcy\u00fck \u00f6rne\u011fidir. Van G\u00f6l\u00fc&#8217;n\u00fcn do\u011fal miras\u0131, tekne \u00e7apalar\u0131 ya da pervane s\u00fcrt\u00fcnmeleri nedeniyle zarar g\u00f6rmesinler diye yanlar\u0131na \u015famand\u0131ra b\u0131rak\u0131ld\u0131. Mikrobiyalit dal\u0131\u015flar\u0131na gidenler art\u0131k \u00e7apa atmadan \u015famand\u0131raya ba\u011flanabilme \u015fans\u0131na sahip olabilecekler. Yap\u0131lan \u00e7al\u0131\u015fmay\u0131 yerinde g\u00f6rme ve g\u00f6r\u00fcnt\u00fcleme \u015fans\u0131n\u0131 yakalad\u0131k.&#8221;<\/p>\n<p><img decoding=\"async\" alt=\"\" src=\"https:\/\/www.aa.com.tr\/uploads\/userFiles\/96f91bbd-282f-4a24-a12c-1b1092cfeb3b\/009_2023%2F06_2023%2F23_Temmuz%2F24%2F20230710_2_59437383_90853598.jpg\"\/><\/p>\n<p>Van B\u00fcy\u00fck\u015fehir Belediyesi Genel Sekreteri Mehmet Fatih \u00c7elikel ise &#8220;Van denizi en b\u00fcy\u00fck zenginliklerimizden biri. Gelecek nesillere daha temiz b\u0131rakmak ad\u0131na koruma faaliyetlerimizi y\u00fcr\u00fct\u00fcyoruz.&#8221; dedi.<\/p>\n<p>Dip \u00e7amuru temizli\u011fi yaparak g\u00f6l\u00fc daha \u00f6nceki at\u0131klar\u0131ndan temizlediklerini anlatan \u00c7elikel, &#8220;Ayn\u0131 zamanda peri bacalar\u0131m\u0131z dedi\u011fimiz mikrobiyalitlerimizin yerlerini i\u015faretliyoruz. Denizimizde ilk kez b\u00f6yle bir \u00e7al\u0131\u015fma oluyor. Onlara \u00e7apa at\u0131lmas\u0131n\u0131 engellemek, noktalar\u0131n\u0131 belirlemek, g\u00f6r\u00fcn\u00fcrl\u00fc\u011f\u00fcn\u00fc art\u0131rmak amac\u0131yla bu \u00e7al\u0131\u015fman\u0131n \u00f6nemli oldu\u011funu d\u00fc\u015f\u00fcn\u00fcyoruz. DAKA ile birlikte yapt\u0131k. Katk\u0131da bulunan herkese te\u015fekk\u00fcr ediyoruz.&#8221; ifadelerini kulland\u0131.<\/p>\n<p><img decoding=\"async\" alt=\"\" src=\"https:\/\/www.aa.com.tr\/uploads\/userFiles\/96f91bbd-282f-4a24-a12c-1b1092cfeb3b\/009_2023%2F06_2023%2F23_Temmuz%2F24%2F20230710_2_59437438_90853726.jpg\"\/><\/p>\n<p>Proje kapsam\u0131nda, mikrobiyalitlerin bulundu\u011fu di\u011fer b\u00f6lgelere de \u015famand\u0131ra b\u0131rak\u0131lmas\u0131 hedefleniyor. <\/p>\n<p>                            <span class=\"detay-foto-editor\">&#13;<br \/>\n                                <a href=\"https:\/\/www.aa.com.tr\/tr\/p\/abonelik-talep-formu\/1001\" target=\"_blank\" style=\"font-size:12px; color:#444; text-decoration:none;\" rel=\"noopener\">&#13;<br \/>\n                                    Anadolu Ajans\u0131 web sitesinde, AA Haber Ak\u0131\u015f Sistemi (HAS) \u00fczerinden abonelere sunulan haberler, \u00f6zetlenerek yay\u0131mlanmaktad\u0131r. <b style=\"color:#1897F7\">Abonelik i\u00e7in l\u00fctfen ileti\u015fime ge\u00e7iniz.<\/b>&#13;<br \/>\n                                <\/a>&#13;<br \/>\n                            <\/span>\n                        <\/div>\n<p><script>\n\t  window.fbAsyncInit = function() {\n\t\tFB.init({\n\t\t  appId: '1855843514662870',\n\t\t  status : true, \/\/ check login status\n\t\t  cookie : true, \/\/ enable cookies to allow the server to access the session\n\t\t  xfbml  : true  \/\/ parse XFBML\n\t\t});\n\t  };<\/p>\n<p>\t  (function() {\n\t\tvar e = document.createElement('script');\n\t\te.src=\"https:\/\/connect.facebook.net\/tr_TR\/all.js\";\n\t\te.async = true;\n\t\tdocument.getElementById('fb-root').appendChild(e);\n\t  }());\n    <\/script><\/p>\n","protected":false},"excerpt":{"rendered":"<p>Son zamanlarda ya\u015fanan kurakl\u0131k ve a\u015f\u0131r\u0131 buharla\u015fma nedeniyle su seviyesinde d\u00fc\u015f\u00fc\u015f ya\u015fanan Van G\u00f6l\u00fc&#8217;n\u00fcn k\u0131y\u0131 b\u00f6lgelerinde mikrobiyalitler su y\u00fczeyine \u00e7\u0131kt\u0131. Mikrobiyalitlerin korunmas\u0131 amac\u0131yla Van B\u00fcy\u00fck\u015fehir Belediyesi ve Do\u011fu Anadolu Kalk\u0131nma Ajans\u0131 (DAKA) deste\u011fiyle \u00e7al\u0131\u015fma ba\u015flat\u0131ld\u0131. Sahil G\u00fcvenlik Van G\u00f6l\u00fc Grup Komutanl\u0131\u011f\u0131, Van Dal\u0131\u015f Okulu dalg\u0131\u00e7lar\u0131n\u0131n da destek verdi\u011fi proje kapsam\u0131nda, mikrobiyalitlerin tekne \u00e7apalar\u0131 ya da [&hellip;]<\/p>\n","protected":false},"author":1,"featured_media":9061,"comment_status":"","ping_status":"","sticky":false,"template":"","format":"standard","meta":[],"categories":[50],"tags":[],"_links":{"self":[{"href":"https:\/\/kraios.app\/news\/wp-json\/wp\/v2\/posts\/9060"}],"collection":[{"href":"https:\/\/kraios.app\/news\/wp-json\/wp\/v2\/posts"}],"about":[{"href":"https:\/\/kraios.app\/news\/wp-json\/wp\/v2\/types\/post"}],"author":[{"embeddable":true,"href":"https:\/\/kraios.app\/news\/wp-json\/wp\/v2\/users\/1"}],"replies":[{"embeddable":true,"href":"https:\/\/kraios.app\/news\/wp-json\/wp\/v2\/comments?post=9060"}],"version-history":[{"count":0,"href":"https:\/\/kraios.app\/news\/wp-json\/wp\/v2\/posts\/9060\/revisions"}],"wp:featuredmedia":[{"embeddable":true,"href":"https:\/\/kraios.app\/news\/wp-json\/wp\/v2\/media\/9061"}],"wp:attachment":[{"href":"https:\/\/kraios.app\/news\/wp-json\/wp\/v2\/media?parent=9060"}],"wp:term":[{"taxonomy":"category","embeddable":true,"href":"https:\/\/kraios.app\/news\/wp-json\/wp\/v2\/categories?post=9060"},{"taxonomy":"post_tag","embeddable":true,"href":"https:\/\/kraios.app\/news\/wp-json\/wp\/v2\/tags?post=9060"}],"curies":[{"name":"wp","href":"https:\/\/api.w.org\/{rel}","templated":true}]}}