{"id":9044,"date":"2023-07-10T07:20:05","date_gmt":"2023-07-10T07:20:05","guid":{"rendered":"https:\/\/kraios.app\/news\/gundem\/2023\/07\/10\/turkiyede-issizlik-orani-yuzde-95e-geriledi\/"},"modified":"2023-07-10T07:20:05","modified_gmt":"2023-07-10T07:20:05","slug":"turkiyede-issizlik-orani-yuzde-95e-geriledi","status":"publish","type":"post","link":"https:\/\/kraios.app\/news\/gundem\/2023\/07\/10\/turkiyede-issizlik-orani-yuzde-95e-geriledi\/","title":{"rendered":"T\u00fcrkiye&#039;de i\u015fsizlik oran\u0131 y\u00fczde 9,5&#039;e geriledi"},"content":{"rendered":"<p>T\u00fcrkiye&#8217;de i\u015fsizlik oran\u0131, may\u0131sta bir \u00f6nceki aya g\u00f6re 0,5 puanl\u0131k azal\u0131\u015fla y\u00fczde 9,5&#8217;e geriledi ve Mart 2014 seviyesine geldi.<\/p>\n","protected":false},"excerpt":{"rendered":"<p>T\u00fcrkiye&#8217;de i\u015fsizlik oran\u0131, may\u0131sta bir \u00f6nceki aya g\u00f6re 0,5 puanl\u0131k azal\u0131\u015fla y\u00fczde 9,5&#8217;e geriledi ve Mart 2014 seviyesine geldi.<\/p>\n","protected":false},"author":1,"featured_media":9045,"comment_status":"","ping_status":"","sticky":false,"template":"","format":"standard","meta":[],"categories":[1],"tags":[],"_links":{"self":[{"href":"https:\/\/kraios.app\/news\/wp-json\/wp\/v2\/posts\/9044"}],"collection":[{"href":"https:\/\/kraios.app\/news\/wp-json\/wp\/v2\/posts"}],"about":[{"href":"https:\/\/kraios.app\/news\/wp-json\/wp\/v2\/types\/post"}],"author":[{"embeddable":true,"href":"https:\/\/kraios.app\/news\/wp-json\/wp\/v2\/users\/1"}],"replies":[{"embeddable":true,"href":"https:\/\/kraios.app\/news\/wp-json\/wp\/v2\/comments?post=9044"}],"version-history":[{"count":0,"href":"https:\/\/kraios.app\/news\/wp-json\/wp\/v2\/posts\/9044\/revisions"}],"wp:featuredmedia":[{"embeddable":true,"href":"https:\/\/kraios.app\/news\/wp-json\/wp\/v2\/media\/9045"}],"wp:attachment":[{"href":"https:\/\/kraios.app\/news\/wp-json\/wp\/v2\/media?parent=9044"}],"wp:term":[{"taxonomy":"category","embeddable":true,"href":"https:\/\/kraios.app\/news\/wp-json\/wp\/v2\/categories?post=9044"},{"taxonomy":"post_tag","embeddable":true,"href":"https:\/\/kraios.app\/news\/wp-json\/wp\/v2\/tags?post=9044"}],"curies":[{"name":"wp","href":"https:\/\/api.w.org\/{rel}","templated":true}]}}