{"id":9022,"date":"2023-07-09T22:20:04","date_gmt":"2023-07-09T22:20:04","guid":{"rendered":"https:\/\/kraios.app\/news\/gundem\/2023\/07\/09\/selden-etkilenen-yigilcada-36-saatte-metrekareye-225-kilogram-yagis-dustu\/"},"modified":"2023-07-09T22:20:04","modified_gmt":"2023-07-09T22:20:04","slug":"selden-etkilenen-yigilcada-36-saatte-metrekareye-225-kilogram-yagis-dustu","status":"publish","type":"post","link":"https:\/\/kraios.app\/news\/gundem\/2023\/07\/09\/selden-etkilenen-yigilcada-36-saatte-metrekareye-225-kilogram-yagis-dustu\/","title":{"rendered":"Selden etkilenen Y\u0131\u011f\u0131lca&#8217;da 36 saatte metrekareye 225 kilogram ya\u011f\u0131\u015f d\u00fc\u015ft\u00fc"},"content":{"rendered":"<p><\/p>\n<div>\n<p>Kentte d\u00fcn ak\u015famdan itibaren etkisini s\u00fcrd\u00fcren kuvvetli ya\u011f\u0131\u015f, ba\u015fta <strong>Y\u0131\u011f\u0131lca <\/strong>olmak \u00fczere Ak\u00e7akoca, Cumayeri, G\u00f6lyaka, Kayna\u015fl\u0131 ve<strong> D\u00fczce<\/strong> merkezde derelerin ta\u015fmas\u0131na yol a\u00e7t\u0131.<\/p>\n<p>D\u00fczce merkezde debisi y\u00fckseldi\u011fi i\u00e7in g\u00fcvenlik \u00e7emberine al\u0131nan Asar Deresi&#8217;nin \u00e7evresi bo\u015falt\u0131ld\u0131.<\/p>\n<p>Karaca Deresi&#8217;nin ta\u015fmas\u0131 sonucu Metek TOK\u0130&#8217;deki konutlar\u0131n zemin katlar\u0131n\u0131 su bast\u0131.<\/p>\n<p>S\u00f6z konusu il\u00e7elere ba\u011fl\u0131 bir\u00e7ok k\u00f6yde ev, bah\u00e7e ve ah\u0131rlar zarar g\u00f6rd\u00fc, k\u00f6y yollar\u0131 tahrip oldu, ekili araziler su alt\u0131nda kald\u0131.<\/p>\n<p>AFAD ve D\u00fczce Arama Kurtarma Ekibi (DAKE), k\u00f6ylerde mahsur kalanlar\u0131 kurtarmak i\u00e7in g\u00fcn boyu seferber oldu.<\/p>\n<h3>&#8220;Herhangi bir can kayb\u0131 yok&#8221;<\/h3>\n<p>D\u00fczce Valisi Cevdet Atay, devam eden ya\u011f\u0131\u015flar ve yer yer meydana gelen heyelanlar nedeniyle kapanan D\u00fczce-Y\u0131\u011f\u0131lca kara yolundaki \u00e7al\u0131\u015fmalar\u0131 inceledi.<\/p>\n<p>Sa\u011fanak nedeniyle olu\u015fan ta\u015fk\u0131nlardan en \u00e7ok Y\u0131\u011f\u0131lca il\u00e7esinin etkilendi\u011fini belirten Atay, &#8220;Y\u0131\u011f\u0131lca&#8217;da metrekareye yakla\u015f\u0131k 225 kilogram civar\u0131nda ya\u011f\u0131\u015f d\u00fc\u015ft\u00fc. Bu son y\u0131llarda g\u00f6rd\u00fc\u011f\u00fcm\u00fcz ciddi rakamlardan birisi, 36 saatte 225 kilogram ya\u011f\u0131\u015f. 50 kilogram da sabaha kadar bekleniyor. Yani bu yakla\u015f\u0131k 300 kilograma yak\u0131n bir ya\u011f\u0131\u015f demek. Bir k\u00f6y\u00fcm\u00fczde vatanda\u015f\u0131m\u0131z\u0131n evinde \u00e7\u00f6kme meydana gelmi\u015ftir. Ama herhangi bir can kayb\u0131 olmad\u0131. \u00c7\u00fcnk\u00fc bu evler bo\u015f. Yani biz tedbirlerimizi ald\u0131k.&#8221; dedi.<\/p>\n<p>D\u00fczce genelinde ya\u011f\u0131\u015flar neticesinde \u015fu ana kadar herhangi bir can kayb\u0131 ya\u015fanmad\u0131\u011f\u0131n\u0131 vurgulayan Atay, Meteoroloji B\u00f6lge M\u00fcd\u00fcrl\u00fc\u011f\u00fcnden ya\u011f\u0131\u015flar\u0131n devam edece\u011fine y\u00f6n\u00fcnde bilgi geldi\u011fini s\u00f6yledi.<\/p>\n<h3>&#8220;Dere kenarlar\u0131ndan uzak durun&#8221;<\/h3>\n<p>Atay, ya\u011f\u0131\u015f\u0131n neden olabilece\u011fi olumsuzluklar konusunda vatanda\u015flar\u0131 uyararak, &#8220;Biz bu tehlikenin yar\u0131n \u00f6\u011flene kadar devam edece\u011fini tahmin ediyoruz. Dolay\u0131s\u0131yla yar\u0131n \u00f6\u011flene kadar vatanda\u015flar\u0131m\u0131z\u0131n derelerden, dere kenarlar\u0131ndan uzak durmalar\u0131n\u0131 rica ediyoruz. Bunu \u00fcst\u00fcne basa basa s\u00f6yl\u00fcyorum, \u00e7\u00fcnk\u00fc b\u00fcy\u00fck \u00f6nem arz eden bir konu.&#8221; diye konu\u015ftu.<\/p>\n<p>Yakla\u015f\u0131k 400 ki\u015finin sahada canla ba\u015fla \u00e7al\u0131\u015fmalar\u0131 s\u00fcrd\u00fcrd\u00fc\u011f\u00fcn\u00fc dile getiren Atay, 200 i\u015f makinesinin de kritik b\u00f6lgelere acil m\u00fcdahalede bulundu\u011funu aktard\u0131.<\/p>\n<h3>Riskli b\u00f6lgelerden tahliyeler s\u00fcr\u00fcyor<\/h3>\n<p>Atay, riskli b\u00f6lgelerden tahliyelerin AFAD ve jandarma koordinesinde devam etti\u011fini hat\u0131rlatarak, \u015funlar\u0131 kaydetti:<\/p>\n<p>&#8220;Yakla\u015f\u0131k 500 vatanda\u015f\u0131m\u0131z\u0131 tehlikeli alanlardan daha g\u00fcvenli alanlara tahliye etmi\u015ftik evvelki g\u00fcnden itibaren. Bug\u00fcn de mesela 96 tar\u0131m i\u015f\u00e7imizi KYK yurtlar\u0131na yerle\u015ftirdik. Farkl\u0131 yerlerde, derelerin ters taraf\u0131nda bulundu\u011fu yerlerde ald\u0131\u011f\u0131m\u0131z vatanda\u015flar\u0131m\u0131z oldu. Onlar\u0131n da tahliyesini ger\u00e7ekle\u015ftirdik.&#8221;<\/p>\n<p>Atay, normal zamanlarda yakla\u015f\u0131k 35 milyon metrek\u00fcp su hacmine sahip D\u00fczce ile Y\u0131\u011f\u0131lca aras\u0131ndaki Hasanlar Baraj\u0131&#8217;n\u0131n, son ya\u011f\u0131\u015flarla 82 milyon metrek\u00fcp hacme ula\u015ft\u0131\u011f\u0131n\u0131, \u00e7evresindeki k\u00f6ylerde ya\u015fayan vatanda\u015flar\u0131n tahliyeleri konusunda gerekli tedbirleri ald\u0131klar\u0131n\u0131 s\u00f6zlerine ekledi.<\/p>\n<p>                            <span class=\"detay-foto-editor\">&#13;<br \/>\n                                <a href=\"https:\/\/www.aa.com.tr\/tr\/p\/abonelik-talep-formu\/1001\" target=\"_blank\" style=\"font-size:12px; color:#444; text-decoration:none;\" rel=\"noopener\">&#13;<br \/>\n                                    Anadolu Ajans\u0131 web sitesinde, AA Haber Ak\u0131\u015f Sistemi (HAS) \u00fczerinden abonelere sunulan haberler, \u00f6zetlenerek yay\u0131mlanmaktad\u0131r. <b style=\"color:#1897F7\">Abonelik i\u00e7in l\u00fctfen ileti\u015fime ge\u00e7iniz.<\/b>&#13;<br \/>\n                                <\/a>&#13;<br \/>\n                            <\/span>\n                        <\/div>\n<p><script>\n\t  window.fbAsyncInit = function() {\n\t\tFB.init({\n\t\t  appId: '1855843514662870',\n\t\t  status : true, \/\/ check login status\n\t\t  cookie : true, \/\/ enable cookies to allow the server to access the session\n\t\t  xfbml  : true  \/\/ parse XFBML\n\t\t});\n\t  };<\/p>\n<p>\t  (function() {\n\t\tvar e = document.createElement('script');\n\t\te.src=\"https:\/\/connect.facebook.net\/tr_TR\/all.js\";\n\t\te.async = true;\n\t\tdocument.getElementById('fb-root').appendChild(e);\n\t  }());\n    <\/script><\/p>\n","protected":false},"excerpt":{"rendered":"<p>Kentte d\u00fcn ak\u015famdan itibaren etkisini s\u00fcrd\u00fcren kuvvetli ya\u011f\u0131\u015f, ba\u015fta Y\u0131\u011f\u0131lca olmak \u00fczere Ak\u00e7akoca, Cumayeri, G\u00f6lyaka, Kayna\u015fl\u0131 ve D\u00fczce merkezde derelerin ta\u015fmas\u0131na yol a\u00e7t\u0131. D\u00fczce merkezde debisi y\u00fckseldi\u011fi i\u00e7in g\u00fcvenlik \u00e7emberine al\u0131nan Asar Deresi&#8217;nin \u00e7evresi bo\u015falt\u0131ld\u0131. Karaca Deresi&#8217;nin ta\u015fmas\u0131 sonucu Metek TOK\u0130&#8217;deki konutlar\u0131n zemin katlar\u0131n\u0131 su bast\u0131. S\u00f6z konusu il\u00e7elere ba\u011fl\u0131 bir\u00e7ok k\u00f6yde ev, bah\u00e7e ve [&hellip;]<\/p>\n","protected":false},"author":1,"featured_media":9023,"comment_status":"","ping_status":"","sticky":false,"template":"","format":"standard","meta":[],"categories":[1],"tags":[],"_links":{"self":[{"href":"https:\/\/kraios.app\/news\/wp-json\/wp\/v2\/posts\/9022"}],"collection":[{"href":"https:\/\/kraios.app\/news\/wp-json\/wp\/v2\/posts"}],"about":[{"href":"https:\/\/kraios.app\/news\/wp-json\/wp\/v2\/types\/post"}],"author":[{"embeddable":true,"href":"https:\/\/kraios.app\/news\/wp-json\/wp\/v2\/users\/1"}],"replies":[{"embeddable":true,"href":"https:\/\/kraios.app\/news\/wp-json\/wp\/v2\/comments?post=9022"}],"version-history":[{"count":0,"href":"https:\/\/kraios.app\/news\/wp-json\/wp\/v2\/posts\/9022\/revisions"}],"wp:featuredmedia":[{"embeddable":true,"href":"https:\/\/kraios.app\/news\/wp-json\/wp\/v2\/media\/9023"}],"wp:attachment":[{"href":"https:\/\/kraios.app\/news\/wp-json\/wp\/v2\/media?parent=9022"}],"wp:term":[{"taxonomy":"category","embeddable":true,"href":"https:\/\/kraios.app\/news\/wp-json\/wp\/v2\/categories?post=9022"},{"taxonomy":"post_tag","embeddable":true,"href":"https:\/\/kraios.app\/news\/wp-json\/wp\/v2\/tags?post=9022"}],"curies":[{"name":"wp","href":"https:\/\/api.w.org\/{rel}","templated":true}]}}