{"id":8988,"date":"2023-07-09T05:20:08","date_gmt":"2023-07-09T05:20:08","guid":{"rendered":"https:\/\/kraios.app\/news\/gundem\/2023\/07\/09\/nesesi-ve-sahne-enerjisiyle-hatirlanan-mfonun-basarili-ismi-ozkan-ugur\/"},"modified":"2023-07-09T05:20:08","modified_gmt":"2023-07-09T05:20:08","slug":"nesesi-ve-sahne-enerjisiyle-hatirlanan-mfonun-basarili-ismi-ozkan-ugur","status":"publish","type":"post","link":"https:\/\/kraios.app\/news\/gundem\/2023\/07\/09\/nesesi-ve-sahne-enerjisiyle-hatirlanan-mfonun-basarili-ismi-ozkan-ugur\/","title":{"rendered":"Ne\u015fesi ve sahne enerjisiyle hat\u0131rlanan MF\u00d6&#8217;n\u00fcn ba\u015far\u0131l\u0131 ismi: \u00d6zkan U\u011fur"},"content":{"rendered":"<p><\/p>\n<div>\n<p>Uzun s\u00fcredir m\u00fccadele etti\u011fi kanser hastal\u0131\u011f\u0131n\u0131n ard\u0131ndan 69 ya\u015f\u0131nda vefat eden sanat\u00e7\u0131, 17 Ekim 1953 y\u0131l\u0131nda \u0130stanbul&#8217;da d\u00fcnyaya geldi.<\/p>\n<p>Tam ad\u0131 Raif \u00d6zkan U\u011fur olan sanat\u00e7\u0131, Hur\u015fit ve Nahide U\u011fur \u00e7iftinin be\u015finci \u00e7ocu\u011fuydu.<\/p>\n<p>Re\u015fat Nuri G\u00fcntekin \u0130lkokulu&#8217;nda ilk \u00f6\u011frenimini tamamlayan U\u011fur, burada mandolin ile tan\u0131\u015ft\u0131. Fenerbah\u00e7e Lisesi&#8217;nde okurken m\u00fczi\u011fe gittik\u00e7e ba\u011flanan \u00d6zkan U\u011fur, ilk olarak &#8220;Atomikler&#8221; ad\u0131nda amat\u00f6r bir grup kurdu ve d\u00f6nemin pop\u00fcler \u015fark\u0131lar\u0131n\u0131 yorumlad\u0131.<\/p>\n<p><a href=\"https:\/\/www.aa.com.tr\/tr\/info\/infografik\/34781\" target=\"_blank\" rel=\"noopener\"><img decoding=\"async\" alt=\"\" src=\"https:\/\/admin.aa.com.tr\/uploads\/userFiles\/a54ea27f-6036-4f79-88c6-6bc9ba19a35d\/08_Nisan%2F07%20haziran%2F07%2FAA-31626663.jpg\"\/><\/a><\/p>\n<h3>M\u00fczik hayat\u0131na 1970&#8217;te ba\u015flad\u0131<\/h3>\n<p>Profesyonel m\u00fczik hayat\u0131na 1970&#8217;te bir\u00e7ok \u00fcnl\u00fc ismin de zaman zaman yer ald\u0131\u011f\u0131 \u015eerif Y\u00fczba\u015f\u0131o\u011flu Orkestras\u0131&#8217;nda ba\u015flayan U\u011fur, 1971&#8217;de Mazhar Alanson ve Fuat G\u00fcner ile ilk grubu &#8220;Kayg\u0131s\u0131zlar&#8221;la bas gitaristli\u011fe ba\u015flad\u0131.<\/p>\n<p>O d\u00f6nem Sad\u0131k Kuya\u015f da grupta bas gitaristlik yapmaktayd\u0131. Bir s\u00fcre beraber \u00e7ald\u0131ktan sonra Kuya\u015f gruptan ayr\u0131ld\u0131 ve U\u011fur grubun tek bas gitaristi oldu.<\/p>\n<p>U\u011fur, &#8220;Kayg\u0131s\u0131zlar&#8221;\u0131n da\u011f\u0131lmas\u0131ndan sonra 1972&#8217;de Bar\u0131\u015f Man\u00e7o&#8217;nun kendisine e\u015flik etmesi i\u00e7in kurdu\u011fu rock grubu &#8220;Kurtalan Ekspres&#8221; adl\u0131 grubun ilk kadrosunda yer ald\u0131.<\/p>\n<p>Grubun ilk plaklar\u0131ndan sonra Bar\u0131\u015f Man\u00e7o askere gitti. Man\u00e7o&#8217;nun askere gitmesinin ard\u0131ndan grup bir s\u00fcreli\u011fine da\u011f\u0131l\u0131nca \u00d6zkan U\u011fur, Ayd\u0131n \u00c7aku\u015f ve Nur Yenal ile birlikte &#8220;Ter&#8221; grubunu kurdu. Grup, o d\u00f6nem kendi grubunu da\u011f\u0131tt\u0131 ve Erkin Koray ile birle\u015fti, ayr\u0131ca 1972&#8217;de &#8220;Hor G\u00f6rme Garibi \/ Z\u00fcleyha&#8221; 45&#8217;li\u011fini \u00e7\u0131kard\u0131.<\/p>\n<h3>Kurtalan Ekspres&#8217;te uzun y\u0131llar g\u00f6rev ald\u0131<\/h3>\n<p>Bar\u0131\u015f Man\u00e7o&#8217;nun askerden d\u00f6nmesiyle \u00d6zkan U\u011fur tekrar Kurtalan Ekspres&#8217;e d\u00f6nd\u00fc. 1973-1974 y\u0131llar\u0131 aras\u0131nda bu grupla \u00e7al\u0131\u015ft\u0131, 2 plak kayd\u0131nda yer ald\u0131.<\/p>\n<p>U\u011fur, 1974&#8217;te gruptan ayr\u0131ld\u0131ktan sonra eski arkada\u015flar\u0131 Mazhar Alanson ve Fuat G\u00fcner&#8217;le haz\u0131rlad\u0131\u011f\u0131 st\u00fcdyo alb\u00fcm\u00fcnde de bas \u00e7ald\u0131. Kurtalan Ekspres&#8217;te 1976&#8217;da k\u0131sa s\u00fcreli bas gitarist, 1978&#8217;de Anadolu turnesi i\u00e7in de gitarist olarak grupta yer ald\u0131.<\/p>\n<p>Usta gitarist, 1974&#8217;te Kurtalan Ekspres&#8217;ten arkada\u015f\u0131 Murat Ses ile bir s\u00fcre Edip Akbayram&#8217;\u0131n Dostlar Orkestras\u0131&#8217;nda \u00e7ald\u0131. Ancak m\u00fczikal anla\u015fmazl\u0131klardan dolay\u0131 buradan da ayr\u0131ld\u0131.<\/p>\n<p>Anadolu rock m\u00fczi\u011finin ba\u015fka bir \u00fcnl\u00fc ismi olan Ersen ve Dada\u015flar grubuna Taner \u00d6ng\u00fcr&#8217;\u00fcn yerine bas gitara ge\u00e7en \u00d6zkan U\u011fur, Selda Ba\u011fcan ile &#8220;Selda ve Dada\u015flar&#8221; ad\u0131yla \u00e7\u0131kan T\u00fcrk\u00fclerimiz LP&#8217;sinde bas gitar \u00e7ald\u0131. 1976&#8217;da Seyhan Karabay ve Karda\u015flar grubunun bir 45&#8217;li\u011finde de yer ald\u0131.<\/p>\n<p>Fuat G\u00fcner ve Mazhan Alanson ile 1976&#8217;da yine &#8221; \u0130pucu Be\u015flisi&#8221; grubuna ge\u00e7en U\u011fur, toplulukla bir 45&#8217;lik yay\u0131mlay\u0131p, Seyyal Taner ile \u00e7al\u0131\u015ft\u0131.<\/p>\n<p>Grubun da\u011f\u0131lmas\u0131yla 1978&#8217;de Galip Boransu ve Cengiz Teoman ile Grup Karma&#8217;y\u0131 kurdu. Bu grup ile kat\u0131ld\u0131klar\u0131 1978 T\u00fcrkiye Eurovision elemelerinde bestesi Galip Boransu&#8217;ya ait &#8220;\u0130mkans\u0131z&#8221; adl\u0131 \u015fark\u0131 4. oldu.<\/p>\n<h3>MF\u00d6 ile &#8220;Ele G\u00fcne Kar\u015f\u0131 Yapayaln\u0131z&#8221; alb\u00fcm\u00fcyle \u00fcne kavu\u015ftu<\/h3>\n<p>Nevi \u015fahs\u0131na m\u00fcnhas\u0131r ki\u015fili\u011fi, sempatikli\u011fi ve canl\u0131 performanslardaki hareketlili\u011fiyle olduk\u00e7a renkli bir sanat\u00e7\u0131 profili \u00e7izen \u00d6zkan U\u011fur, 1980&#8217;lerin ba\u015f\u0131nda Mazhar Alanson ve Fuat G\u00fcner&#8217;le birlikte \u00fcnl\u00fc isimlerle \u00e7al\u0131\u015ft\u0131.<\/p>\n<p>U\u011fur, 1980-1983 aras\u0131nda Fuat G\u00fcner&#8217;le birlikte ayr\u0131ca Ferhan \u015eensoy&#8217;un &#8220;\u015eahlar\u0131 da Vururlar&#8221; ve &#8220;Kahraman Bakkal S\u00fcpermarkete Kar\u015f\u0131&#8221; adl\u0131 oyunlar\u0131nda m\u00fczisyen ve oyuncu olarak bulundu.<\/p>\n<p>Sanat\u00e7\u0131, o g\u00fcnleri bir s\u00f6yle\u015fide anlatm\u0131\u015ft\u0131:<\/p>\n<p>&#8220;Ben askerden geldikten sonra Fuat, Ferhan \u015eensoy&#8217;un &#8216;\u015eahlar\u0131 Da Vururlar&#8217; oyununun m\u00fcziklerini yapm\u0131\u015ft\u0131. Bana, &#8216;gel birlikte icra edelim bunu&#8217; demi\u015fti. Biz de arada oyunun baz\u0131 sahnelerinde oyunculuk denemelerinde bulunmu\u015ftuk. Benim i\u00e7in oyunculuk orada ba\u015flad\u0131. Tiyatronun tozunu yutmu\u015f oldum. Sonras\u0131nda da devam\u0131 geldi. Sinema, birka\u00e7 sezon da Devlet Tiyatrosu. Ard\u0131ndan &#8216;\u0130kinci Bahar&#8217; dizisi geldi, benim i\u00e7in bir okuldur. &#8216;K\u00fc\u00e7\u00fck Bir \u0130\u015f \u0130\u00e7in Ya\u015fl\u0131 Bir Palya\u00e7o Aran\u0131yor&#8217; oyununu 2 sezon oynad\u0131m.&#8221;<\/p>\n<p>Mazhar, Fuat ve \u00d6zkan \u00fc\u00e7l\u00fcs\u00fc olarak MF\u00d6 toplulu\u011fu 1984&#8217;te \u00e7\u0131kard\u0131klar\u0131 ilk alb\u00fcmleri &#8220;Ele G\u00fcne Kar\u015f\u0131 Yapayaln\u0131z&#8221; ile \u00fcne kavu\u015ftu.<\/p>\n<p>Bunu, 1985 y\u0131l\u0131nda &#8220;Peki Peki Anlad\u0131k&#8221;, 1986&#8217;da &#8220;Vak The Rock&#8221;, 1987&#8217;de &#8220;No Problem&#8221;, 1989&#8217;da &#8220;Best of MF\u00d6&#8221;, 1990&#8217;da &#8220;Geldiler&#8221;, 1992&#8217;de &#8220;Agannaga&#8221; ve &#8220;D\u00f6nmem Yolumdan&#8221;, 1995&#8217;te rock sound a\u011f\u0131rl\u0131kl\u0131 &#8220;M.V.A.B&#8221;, 2003&#8217;te 2 \u015fark\u0131l\u0131k maksi single &#8220;MF\u00d6&#8221; ve tamam\u0131yla yeni par\u00e7alardan olu\u015fan &#8220;MF\u00d6 Collection&#8221;, 2006&#8217;da &#8220;AGU&#8221; ve 2011 y\u0131l\u0131nda &#8220;Ve MF\u00d6&#8221; izledi.<\/p>\n<p>MF\u00d6&#8217;nin 12 akustik \u015fark\u0131dan olu\u015fan yeni alb\u00fcm\u00fc &#8220;Kendi Kendine&#8221; de 30 May\u0131s 2017 tarihinde m\u00fczik marketlerdeki yerini ald\u0131.<\/p>\n<p>Topluluk, 1985&#8217;te &#8220;Diday Diday Day&#8221; ve 1988&#8217;de &#8220;Sufi&#8221; \u015fark\u0131s\u0131 ile olmak \u00fczere iki kez T\u00fcrkiye&#8217;yi Eurovision&#8217;da da temsil etti.<\/p>\n<p>Ayn\u0131 zamanda 2019 y\u0131l\u0131 Cumhurba\u015fkanl\u0131\u011f\u0131 K\u00fclt\u00fcr ve Sanat B\u00fcy\u00fck \u00d6d\u00fclleri&#8217;nde &#8220;M\u00fczik&#8221; alan\u0131ndaki \u00f6d\u00fcl\u00fcn, &#8220;T\u00fcrk pop ve rock m\u00fczi\u011finde k\u00fclt\u00fcrel kimli\u011fin temsiline verdikleri \u00f6nem ve k\u0131rk y\u0131l\u0131 a\u015fk\u0131n s\u00fcredir devam ettirdikleri m\u00fczik \u00e7izgilerindeki istikrar ve ba\u015far\u0131lar\u0131 dolay\u0131s\u0131yla&#8221; MF\u00d6&#8217;ye verilmesi kararla\u015ft\u0131r\u0131lm\u0131\u015ft\u0131.<\/p>\n<h3>Vokalleri tenor ses rengi ile ba\u015far\u0131yla seslendirdi<\/h3>\n<p>\u00d6zkan U\u011fur, MF\u00d6&#8217;de bas gitar \u00e7alarken, ayn\u0131 anda zor derecedeki vokalleri tenor ses rengi ile ba\u015far\u0131yla seslendirdi. Ayr\u0131ca sanat\u00e7\u0131n\u0131n hi\u00e7bir anlama gelmeyen s\u00f6zlerle yapt\u0131\u011f\u0131 \u015fark\u0131lar da bulunuyor.<\/p>\n<p>Yay\u0131nlad\u0131klar\u0131 bir\u00e7ok \u015fark\u0131da bestecili\u011fiyle de dikkati \u00e7eken U\u011fur, &#8220;Lay Lili Lili Lay&#8221;, &#8220;Mecburen&#8221;, &#8220;No Problem&#8221;, &#8220;New York Sokaklar\u0131nda&#8221; gibi \u015fark\u0131lar\u0131n bestesine imza att\u0131 ve &#8220;Hep Ayn\u0131&#8221; \u015fark\u0131s\u0131n\u0131n bas performans\u0131yla dikkati \u00e7ekti.<\/p>\n<p>&#8220;Bazen&#8221;, &#8220;Aman\u0131n Aman&#8221;, &#8220;O Neydi O&#8221; gibi bestelerinin vokalinde de yer alan U\u011fur, &#8220;Ali Desidero&#8221; ve &#8220;\u0130dare Edip Gidiyoruz&#8221; \u015fark\u0131lar\u0131nda ses rengini de\u011fi\u015ftirerek vokalle d\u00fcet yapt\u0131.<\/p>\n<p>\u00d6zkan U\u011fur, grup \u00fcyeleri i\u00e7inde solo alb\u00fcme sahip olmayan tek sanat\u00e7\u0131yd\u0131. \u0130lk yay\u0131nlad\u0131\u011f\u0131 solo \u015fark\u0131 &#8220;Kar\u0131\u015f\u0131k Pizza&#8221; filminin m\u00fczi\u011fi olan &#8220;Maksat Muhabbet Olsun&#8221; par\u00e7as\u0131 oldu. Sanat\u00e7\u0131n\u0131n &#8220;G.O.R.A.&#8221; filmi i\u00e7in yazd\u0131\u011f\u0131 &#8220;Olduramad\u0131m&#8221; ise ikinci \u015fark\u0131s\u0131 oldu.<\/p>\n<p>M\u00fczik d\u00fcnyas\u0131nda bir\u00e7ok ismin alb\u00fcmlerinde vokallerde yer alan U\u011fur, Ay\u015feg\u00fcl Aldin\u00e7&#8217;in &#8220;Bir K\u0131z&#8221;, &#8220;Ne G\u00fczel&#8221;, &#8220;Nenni&#8221; \u015fark\u0131lar\u0131n\u0131n bestelerine, Sertab Erener&#8217;in &#8220;Kera&#8221; ve Yavuz \u00c7etin&#8217;in &#8220;Fanki Tonki Zonki&#8221; par\u00e7alar\u0131n\u0131n s\u00f6zlerine imza att\u0131.<\/p>\n<p>U\u011fur, en son 2016&#8217;da DMC&#8217;den &#8220;Aynada&#8221; teklisini dinleyicilerin be\u011fenisine sundu.<\/p>\n<h3>Bir\u00e7ok dizi ve filmde rol ald\u0131<\/h3>\n<p>Sinema alan\u0131nda ise usta sanat\u00e7\u0131 1988&#8217;de Fuat G\u00fcner ve Mazhar Alanson&#8217;un da rol ald\u0131\u011f\u0131 &#8220;Arkada\u015f\u0131m \u015eeytan&#8221; filmiyle beyazperdeye ad\u0131m att\u0131.<\/p>\n<p>U\u011fur, aralar\u0131nda 1996&#8217;da Yavuz Turgul&#8217;un y\u00f6netti\u011fi &#8220;E\u015fkiya&#8221;n\u0131n yan\u0131 s\u0131ra &#8220;Komser \u015eekspir&#8221;, &#8220;Alacakaranl\u0131k&#8221;, &#8220;A.R.O.G.&#8221;, &#8220;G.O.R.A.&#8221;, &#8220;Yah\u015fi Bat\u0131&#8221; ve &#8220;Pek Yak\u0131nda&#8221;n\u0131n bulundu\u011fu bir\u00e7ok filmde rol ald\u0131.<\/p>\n<p>&#8220;\u0130kinci Bahar&#8221;, &#8220;Yeter Anne&#8221;, &#8220;\u0130stanbul \u015eahidimdir&#8221;, &#8220;Cennet Mahallesi&#8221;, &#8220;K\u0131s\u0131k Ate\u015fte 15 Dakika&#8221; ve &#8220;T\u00fcrk Mal\u0131&#8221; dizilerinde de oynayan U\u011fur, &#8220;A\u011f\u0131rl\u0131\u011f\u0131nca Alt\u0131n&#8221; ve &#8220;\u00d6zkan&#8217;la Ka\u00e7 Para&#8221; yar\u0131\u015fmalar\u0131n\u0131 da ba\u015far\u0131yla sundu.<\/p>\n<p>Sanat hayat\u0131 boyunca oyunculukla m\u00fczi\u011fi birlikte s\u00fcrd\u00fcren \u00fcnl\u00fc m\u00fczisyen, kendisiyle yap\u0131lan r\u00f6portajlarda m\u00fczi\u011fin kendisi i\u00e7in her zaman \u00f6ncelikli bir yerde durdu\u011funu dile getirdi.<\/p>\n<p>K\u00fc\u00e7\u00fckl\u00fckten beri m\u00fczi\u011fe ilgi duysa da oyuncu olmak isteyen \u00d6zkan U\u011fur, bir r\u00f6portaj\u0131nda ise \u015funlar\u0131 kaydetmi\u015fti:<\/p>\n<p>&#8220;Anneme, babama zaman\u0131nda \u00e7ok yalvarm\u0131\u015ft\u0131m &#8216;beni konservatuara yazd\u0131r\u0131n&#8217; diye ama iyi ki de yazd\u0131rmam\u0131\u015flar. MF\u00d6 olmazd\u0131 bu sefer de. MF\u00d6&#8217;s\u00fcz bir hayat da d\u00fc\u015f\u00fcnemiyorum, bunu her zaman s\u00f6ylerim. M\u00fczik benim en \u00f6nde d\u00fc\u015f\u00fcnd\u00fc\u011f\u00fcm bir hadisedir. Hani oyunculuk mu \u00f6n plana ge\u00e7ti, m\u00fczik mi? \u0130kisi de beraber y\u00fcr\u00fcyor \u015fimdi ama benim kendimi en iyi ifade edebildi\u011fim k\u0131s\u0131m m\u00fcziktir. Ama oynamaktan da keyif al\u0131yorum. Yaln\u0131zca o karakteri benim i\u00e7ime sindirmem laz\u0131m. O karakterin i\u00e7ine giriyorsam, zaten olay\u0131 da kabul ediyorum. Ama giremiyorsam kabul etmiyorum.&#8221;<\/p>\n<p>\u00d6zkan U\u011fur, Devlet Opera ve Bale sanat\u00e7\u0131s\u0131 Aysun Aslan ile evlendi ve \u00e7iftin Ali\u015fan isimli bir o\u011flu oldu.<\/p>\n<p>Usta sanat\u00e7\u0131, 2013&#8217;te yakaland\u0131\u011f\u0131 lenf kanserini atlatt\u0131ktan sonra 2020&#8217;de tekrar kanser tedavisi g\u00f6rmeye ba\u015flam\u0131\u015ft\u0131. Yakla\u015f\u0131k birbu\u00e7uk ayd\u0131r yo\u011fun bak\u0131m \u00fcnitesinde takip ve tedavi edilen U\u011fur, akci\u011ferinde olu\u015fan farkl\u0131 problemler nedeniyle tedavilere yan\u0131t vermedi ve bug\u00fcn hayata veda etti.<\/p>\n<p>\u00d6zkan U\u011fur i\u00e7in 11 Temmuz&#8217;da saat 11.00&#8217;de Atat\u00fcrk K\u00fclt\u00fcr Merkezi&#8217;nde (AKM) anma t\u00f6reni d\u00fczenlenecek. U\u011fur&#8217;un cenazesi, ayn\u0131 g\u00fcn Taksim Camisi&#8217;nde k\u0131l\u0131nacak cenaze namaz\u0131n\u0131n ard\u0131ndan, Karacaahmet Mezarl\u0131\u011f\u0131&#8217;na defnedilecek.<\/p>\n<p>                            <span class=\"detay-foto-editor\">&#13;<br \/>\n                                <a href=\"https:\/\/www.aa.com.tr\/tr\/p\/abonelik-talep-formu\/1001\" target=\"_blank\" style=\"font-size:12px; color:#444; text-decoration:none;\" rel=\"noopener\">&#13;<br \/>\n                                    Anadolu Ajans\u0131 web sitesinde, AA Haber Ak\u0131\u015f Sistemi (HAS) \u00fczerinden abonelere sunulan haberler, \u00f6zetlenerek yay\u0131mlanmaktad\u0131r. <b style=\"color:#1897F7\">Abonelik i\u00e7in l\u00fctfen ileti\u015fime ge\u00e7iniz.<\/b>&#13;<br \/>\n                                <\/a>&#13;<br \/>\n                            <\/span>\n                        <\/div>\n<p><script>\n\t  window.fbAsyncInit = function() {\n\t\tFB.init({\n\t\t  appId: '1855843514662870',\n\t\t  status : true, \/\/ check login status\n\t\t  cookie : true, \/\/ enable cookies to allow the server to access the session\n\t\t  xfbml  : true  \/\/ parse XFBML\n\t\t});\n\t  };<\/p>\n<p>\t  (function() {\n\t\tvar e = document.createElement('script');\n\t\te.src=\"https:\/\/connect.facebook.net\/tr_TR\/all.js\";\n\t\te.async = true;\n\t\tdocument.getElementById('fb-root').appendChild(e);\n\t  }());\n    <\/script><\/p>\n","protected":false},"excerpt":{"rendered":"<p>Uzun s\u00fcredir m\u00fccadele etti\u011fi kanser hastal\u0131\u011f\u0131n\u0131n ard\u0131ndan 69 ya\u015f\u0131nda vefat eden sanat\u00e7\u0131, 17 Ekim 1953 y\u0131l\u0131nda \u0130stanbul&#8217;da d\u00fcnyaya geldi. Tam ad\u0131 Raif \u00d6zkan U\u011fur olan sanat\u00e7\u0131, Hur\u015fit ve Nahide U\u011fur \u00e7iftinin be\u015finci \u00e7ocu\u011fuydu. Re\u015fat Nuri G\u00fcntekin \u0130lkokulu&#8217;nda ilk \u00f6\u011frenimini tamamlayan U\u011fur, burada mandolin ile tan\u0131\u015ft\u0131. Fenerbah\u00e7e Lisesi&#8217;nde okurken m\u00fczi\u011fe gittik\u00e7e ba\u011flanan \u00d6zkan U\u011fur, ilk olarak [&hellip;]<\/p>\n","protected":false},"author":1,"featured_media":8989,"comment_status":"","ping_status":"","sticky":false,"template":"","format":"standard","meta":[],"categories":[1],"tags":[],"_links":{"self":[{"href":"https:\/\/kraios.app\/news\/wp-json\/wp\/v2\/posts\/8988"}],"collection":[{"href":"https:\/\/kraios.app\/news\/wp-json\/wp\/v2\/posts"}],"about":[{"href":"https:\/\/kraios.app\/news\/wp-json\/wp\/v2\/types\/post"}],"author":[{"embeddable":true,"href":"https:\/\/kraios.app\/news\/wp-json\/wp\/v2\/users\/1"}],"replies":[{"embeddable":true,"href":"https:\/\/kraios.app\/news\/wp-json\/wp\/v2\/comments?post=8988"}],"version-history":[{"count":0,"href":"https:\/\/kraios.app\/news\/wp-json\/wp\/v2\/posts\/8988\/revisions"}],"wp:featuredmedia":[{"embeddable":true,"href":"https:\/\/kraios.app\/news\/wp-json\/wp\/v2\/media\/8989"}],"wp:attachment":[{"href":"https:\/\/kraios.app\/news\/wp-json\/wp\/v2\/media?parent=8988"}],"wp:term":[{"taxonomy":"category","embeddable":true,"href":"https:\/\/kraios.app\/news\/wp-json\/wp\/v2\/categories?post=8988"},{"taxonomy":"post_tag","embeddable":true,"href":"https:\/\/kraios.app\/news\/wp-json\/wp\/v2\/tags?post=8988"}],"curies":[{"name":"wp","href":"https:\/\/api.w.org\/{rel}","templated":true}]}}