{"id":8964,"date":"2023-07-08T20:20:06","date_gmt":"2023-07-08T20:20:06","guid":{"rendered":"https:\/\/kraios.app\/news\/gundem\/2023\/07\/08\/israilde-yuz-binlerce-kisi-hukumetin-yargi-duzenlemesine-karsi-yine-sokaklara-indi\/"},"modified":"2023-07-08T20:20:06","modified_gmt":"2023-07-08T20:20:06","slug":"israilde-yuz-binlerce-kisi-hukumetin-yargi-duzenlemesine-karsi-yine-sokaklara-indi","status":"publish","type":"post","link":"https:\/\/kraios.app\/news\/gundem\/2023\/07\/08\/israilde-yuz-binlerce-kisi-hukumetin-yargi-duzenlemesine-karsi-yine-sokaklara-indi\/","title":{"rendered":"\u0130srail&#8217;de y\u00fcz binlerce ki\u015fi h\u00fck\u00fcmetin yarg\u0131 d\u00fczenlemesine kar\u015f\u0131 yine sokaklara indi"},"content":{"rendered":"<p><\/p>\n<div>\n<p>Netanyahu \u00f6nc\u00fcl\u00fc\u011f\u00fcndeki a\u015f\u0131r\u0131 sa\u011fc\u0131 koalisyon h\u00fck\u00fcmetinin yarg\u0131 d\u00fczenlemesine kar\u015f\u0131 her hafta cumartesi ak\u015fam\u0131 kitlesel g\u00f6steriler d\u00fczenleyen \u0130srailliler, protestolar\u0131n 27&#8217;inci haftas\u0131nda \u00fclke genelinde yine meydanlara indi.<\/p>\n<p>Ba\u015fta Tel Aviv, Bat\u0131 Kud\u00fcs, Hayfa, Bir\u00fcssebi ve Rehovot gibi kentler olmak \u00fczere \u00fclke genelinde \u00e7ok fazla noktadaki g\u00f6sterilere 100 binden fazla \u0130srailli kat\u0131ld\u0131.<\/p>\n<p>Netanyahu kar\u015f\u0131t\u0131 protesto hareketi, Tel Aviv&#8217;deki protestoya yakla\u015f\u0131k 180 bin g\u00f6stericinin kat\u0131ld\u0131\u011f\u0131n\u0131 a\u00e7\u0131klad\u0131.<\/p>\n<p><img decoding=\"async\" alt=\"\" src=\"https:\/\/www.aa.com.tr\/uploads\/userFiles\/caec1b32-8257-4f58-87b0-6657c62b92b3\/New%20folder%20(19)%2FNew%20folder%20(13)%2FAA-31628370.jpg\"\/><\/p>\n<p>Her hafta oldu\u011fu gibi en yo\u011fun kat\u0131l\u0131ml\u0131 g\u00f6steriye ev sahipli\u011fi yapan Tel Aviv&#8217;de on binlerce protestocu, Kaplan Caddesi&#8217;ndeki H\u00fck\u00fcmet Kompleksi&#8217;nin \u00f6n\u00fcnde topland\u0131.<\/p>\n<p>\u0130srail bayraklar\u0131yla s\u0131k s\u0131k &#8220;demokrasi&#8221; sloganlar\u0131 atan g\u00f6stericiler, koalisyon h\u00fck\u00fcmetindeki a\u015f\u0131r\u0131 sa\u011fc\u0131 politikac\u0131lar\u0131 ele\u015ftiren pankart, d\u00f6viz ve resimler ta\u015f\u0131d\u0131. G\u00f6stericiler, &#8220;Diren. En \u00f6nemlisi korkusuz olmak.&#8221; yaz\u0131l\u0131 dev pankart a\u00e7t\u0131.<\/p>\n<p>Buradaki protestolara konu\u015fmac\u0131 olarak kat\u0131lan &#8220;Sapiens&#8221; isimli kitab\u0131n yazar\u0131 tarih\u00e7i Yuval Noah Harari, Netanyahu h\u00fck\u00fcmetinin d\u00fcnya genelinde Yahudi toplumunu b\u00f6ld\u00fc\u011f\u00fcn\u00fc s\u00f6yledi. Harari, &#8220;Netanyahu h\u00fck\u00fcmetine darbeyi durdurmas\u0131 gerekti\u011fini, aksi takdirde kendilerinin \u00fclkeyi durduraca\u011f\u0131n\u0131&#8221; belirtti.<\/p>\n<p>Tel Aviv&#8217;deki baz\u0131 \u0130srail i\u015fgali kar\u015f\u0131t\u0131 protestocular da \u0130srail ordusunun i\u015fgal alt\u0131ndaki Bat\u0131 \u015eeria&#8217;n\u0131n kuzeyinde Cenin&#8217;e d\u00fczenledi\u011fi sald\u0131r\u0131 aleyhine slogan att\u0131, &#8220;\u0130\u015fgalle demokrasi olmaz&#8221; ve &#8220;Filistinlilerin hayat\u0131 \u00f6nemlidir&#8221; yaz\u0131l\u0131 pankartlar ta\u015f\u0131d\u0131.<\/p>\n<p><img decoding=\"async\" alt=\"\" src=\"https:\/\/www.aa.com.tr\/uploads\/userFiles\/caec1b32-8257-4f58-87b0-6657c62b92b3\/New%20folder%20(19)%2FNew%20folder%20(13)%2FAA-31628371.jpg\"\/><\/p>\n<h3>Otoyolu kapatan g\u00f6stericilere TOMA ile m\u00fcdahale<\/h3>\n<p>Baz\u0131 g\u00f6stericiler Tel Aviv&#8217;in ana arteri Ayalon Otoyolunu tek y\u00f6nl\u00fc olarak kapatt\u0131. \u0130srail polisi otoyolu kapatan g\u00f6stericilere kar\u015f\u0131 TOMA ve g\u00fc\u00e7 kulland\u0131. Tel Aviv i\u00e7indeki baz\u0131 caddelerde de polis g\u00f6stericilere atl\u0131 birliklerle m\u00fcdahale etti. Baz\u0131 noktalarda g\u00f6stericiler ve polis aras\u0131nda arbede ya\u015fand\u0131.<\/p>\n<p>\u00d6te yandan, Bat\u0131 Kud\u00fcs&#8217;te de binlerce g\u00f6sterici, Cumhurba\u015fkanl\u0131\u011f\u0131 Rezidans\u0131 \u00f6n\u00fcnde topland\u0131. Bat\u0131 Kud\u00fcs&#8217;teki g\u00f6steriye, i\u015fgal alt\u0131ndaki Do\u011fu Kud\u00fcs&#8217;te 2020&#8217;de polis taraf\u0131ndan vurularak \u00f6ld\u00fcr\u00fclen Filistinli otistik \u0130yad Hayri Hallak&#8217;\u0131n ailesi de kat\u0131ld\u0131. Ayn\u0131 \u015fekilde, Tel Aviv&#8217;deki bir grup g\u00f6sterici de &#8220;\u0130yad&#8217;\u0131 kim \u00f6ld\u00fcrd\u00fc?&#8221; yaz\u0131l\u0131 pankart a\u00e7t\u0131.<\/p>\n<p>\u0130srail Mahkemesi bu hafta Hallak&#8217;\u0131 vuran polis hakk\u0131nda &#8220;hataya kap\u0131ld\u0131\u011f\u0131&#8221; ve &#8220;kendini savundu\u011fu&#8221; gerek\u00e7esiyle beraatine h\u00fckmetmi\u015fti.<\/p>\n<h3>Ertelenen yarg\u0131 d\u00fczenlemesi<\/h3>\n<p>\u0130srail Adalet Bakan\u0131 Yariv Levin&#8217;in 5 Ocak&#8217;ta duyurdu\u011fu &#8220;yarg\u0131 reformu&#8221;, Y\u00fcksek Mahkemenin yetkilerini s\u0131n\u0131rland\u0131rma ve iktidar\u0131n yarg\u0131 atamalar\u0131nda s\u00f6z sahibi olmas\u0131 gibi de\u011fi\u015fiklikler i\u00e7eriyor.<\/p>\n<p><img decoding=\"async\" alt=\"\" src=\"https:\/\/www.aa.com.tr\/uploads\/userFiles\/caec1b32-8257-4f58-87b0-6657c62b92b3\/New%20folder%20(19)%2FNew%20folder%20(13)%2FAA-31628374.jpg\"\/><\/p>\n<p>Netanyahu, \u00fclke \u00e7ap\u0131nda giderek artan kitlesel protestolara ve grevlere neden olan yarg\u0131 d\u00fczenlemesini 27 Mart&#8217;ta erteledi\u011fini a\u00e7\u0131klam\u0131\u015ft\u0131.<\/p>\n<p>Ancak Netanyahu, 2023-2024 b\u00fct\u00e7esinin may\u0131s sonunda Meclisten ge\u00e7mesinin ard\u0131ndan yarg\u0131 d\u00fczenlemesini tekrar g\u00fcndeme getireceklerini duyurmu\u015ftu.<\/p>\n<p>Netanyahu koalisyonu ve muhalefet aras\u0131ndaki yarg\u0131 d\u00fczenlemesi m\u00fczakerelerinin t\u0131kanmas\u0131n\u0131n ard\u0131ndan h\u00fck\u00fcmet, yak\u0131n zamanda yarg\u0131 d\u00fczenlemesi kapsam\u0131nda yeniden d\u00fc\u011fmeye bast\u0131.<\/p>\n<p>\u0130ktidar, Y\u00fcksek Mahkeme&#8217;nin h\u00fck\u00fcmet \u00fczerindeki denetimini kald\u0131racak bir yasa tasar\u0131s\u0131n\u0131 bu hafta komisyondan ge\u00e7irmi\u015fti.<\/p>\n<p>Tel Aviv Emniyet M\u00fcd\u00fcr\u00fc Ami Eshed, polis te\u015fkilat\u0131n\u0131n protestolara daha sert m\u00fcdahale etmesi i\u00e7in h\u00fck\u00fcmetten g\u00f6rd\u00fc\u011f\u00fc bask\u0131y\u0131 gerek\u00e7e g\u00f6stererek istifa etmi\u015fti.<\/p>\n<p>\u0130srail&#8217;de Netanyahu h\u00fck\u00fcmetinin yarg\u0131 d\u00fczenlemesi ve di\u011fer sa\u011f politikalar\u0131na kar\u015f\u0131 \u00e7\u0131kan protesto hareketi 6 ayd\u0131r \u00fclke genelinde g\u00f6sterilerine devam ediyor.<\/p>\n<p>                            <span class=\"detay-foto-editor\">&#13;<br \/>\n                                <a href=\"https:\/\/www.aa.com.tr\/tr\/p\/abonelik-talep-formu\/1001\" target=\"_blank\" style=\"font-size:12px; color:#444; text-decoration:none;\" rel=\"noopener\">&#13;<br \/>\n                                    Anadolu Ajans\u0131 web sitesinde, AA Haber Ak\u0131\u015f Sistemi (HAS) \u00fczerinden abonelere sunulan haberler, \u00f6zetlenerek yay\u0131mlanmaktad\u0131r. <b style=\"color:#1897F7\">Abonelik i\u00e7in l\u00fctfen ileti\u015fime ge\u00e7iniz.<\/b>&#13;<br \/>\n                                <\/a>&#13;<br \/>\n                            <\/span>\n                        <\/div>\n<p><script>\n\t  window.fbAsyncInit = function() {\n\t\tFB.init({\n\t\t  appId: '1855843514662870',\n\t\t  status : true, \/\/ check login status\n\t\t  cookie : true, \/\/ enable cookies to allow the server to access the session\n\t\t  xfbml  : true  \/\/ parse XFBML\n\t\t});\n\t  };<\/p>\n<p>\t  (function() {\n\t\tvar e = document.createElement('script');\n\t\te.src=\"https:\/\/connect.facebook.net\/tr_TR\/all.js\";\n\t\te.async = true;\n\t\tdocument.getElementById('fb-root').appendChild(e);\n\t  }());\n    <\/script><\/p>\n","protected":false},"excerpt":{"rendered":"<p>Netanyahu \u00f6nc\u00fcl\u00fc\u011f\u00fcndeki a\u015f\u0131r\u0131 sa\u011fc\u0131 koalisyon h\u00fck\u00fcmetinin yarg\u0131 d\u00fczenlemesine kar\u015f\u0131 her hafta cumartesi ak\u015fam\u0131 kitlesel g\u00f6steriler d\u00fczenleyen \u0130srailliler, protestolar\u0131n 27&#8217;inci haftas\u0131nda \u00fclke genelinde yine meydanlara indi. Ba\u015fta Tel Aviv, Bat\u0131 Kud\u00fcs, Hayfa, Bir\u00fcssebi ve Rehovot gibi kentler olmak \u00fczere \u00fclke genelinde \u00e7ok fazla noktadaki g\u00f6sterilere 100 binden fazla \u0130srailli kat\u0131ld\u0131. Netanyahu kar\u015f\u0131t\u0131 protesto hareketi, Tel Aviv&#8217;deki [&hellip;]<\/p>\n","protected":false},"author":1,"featured_media":8965,"comment_status":"","ping_status":"","sticky":false,"template":"","format":"standard","meta":[],"categories":[1],"tags":[],"_links":{"self":[{"href":"https:\/\/kraios.app\/news\/wp-json\/wp\/v2\/posts\/8964"}],"collection":[{"href":"https:\/\/kraios.app\/news\/wp-json\/wp\/v2\/posts"}],"about":[{"href":"https:\/\/kraios.app\/news\/wp-json\/wp\/v2\/types\/post"}],"author":[{"embeddable":true,"href":"https:\/\/kraios.app\/news\/wp-json\/wp\/v2\/users\/1"}],"replies":[{"embeddable":true,"href":"https:\/\/kraios.app\/news\/wp-json\/wp\/v2\/comments?post=8964"}],"version-history":[{"count":0,"href":"https:\/\/kraios.app\/news\/wp-json\/wp\/v2\/posts\/8964\/revisions"}],"wp:featuredmedia":[{"embeddable":true,"href":"https:\/\/kraios.app\/news\/wp-json\/wp\/v2\/media\/8965"}],"wp:attachment":[{"href":"https:\/\/kraios.app\/news\/wp-json\/wp\/v2\/media?parent=8964"}],"wp:term":[{"taxonomy":"category","embeddable":true,"href":"https:\/\/kraios.app\/news\/wp-json\/wp\/v2\/categories?post=8964"},{"taxonomy":"post_tag","embeddable":true,"href":"https:\/\/kraios.app\/news\/wp-json\/wp\/v2\/tags?post=8964"}],"curies":[{"name":"wp","href":"https:\/\/api.w.org\/{rel}","templated":true}]}}