{"id":8950,"date":"2023-07-08T15:45:29","date_gmt":"2023-07-08T15:45:29","guid":{"rendered":"https:\/\/kraios.app\/news\/gundem\/2023\/07\/08\/sirnakta-etkisiz-hale-getirilen-2-teroristin-turuncu-kategoride-arandigi-tespit-edildi\/"},"modified":"2023-07-08T15:45:29","modified_gmt":"2023-07-08T15:45:29","slug":"sirnakta-etkisiz-hale-getirilen-2-teroristin-turuncu-kategoride-arandigi-tespit-edildi","status":"publish","type":"post","link":"https:\/\/kraios.app\/news\/gundem\/2023\/07\/08\/sirnakta-etkisiz-hale-getirilen-2-teroristin-turuncu-kategoride-arandigi-tespit-edildi\/","title":{"rendered":"\u015e\u0131rnak&#039;ta etkisiz hale getirilen 2 ter\u00f6ristin turuncu kategoride arand\u0131\u011f\u0131 tespit edildi"},"content":{"rendered":"<p>\u0130\u00e7i\u015fleri Bakan\u0131 Ali Yerlikaya, 4 Temmuz&#8217;da \u015e\u0131rnak&#8217;ta etkisiz hale getirilen 2 ter\u00f6ristin, arananlar listesinde turuncu kategoride yer ald\u0131klar\u0131n\u0131n tespit edildi\u011fini bildirdi.<\/p>\n","protected":false},"excerpt":{"rendered":"<p>\u0130\u00e7i\u015fleri Bakan\u0131 Ali Yerlikaya, 4 Temmuz&#8217;da \u015e\u0131rnak&#8217;ta etkisiz hale getirilen 2 ter\u00f6ristin, arananlar listesinde turuncu kategoride yer ald\u0131klar\u0131n\u0131n tespit edildi\u011fini bildirdi.<\/p>\n","protected":false},"author":1,"featured_media":8951,"comment_status":"","ping_status":"","sticky":false,"template":"","format":"standard","meta":[],"categories":[1],"tags":[],"_links":{"self":[{"href":"https:\/\/kraios.app\/news\/wp-json\/wp\/v2\/posts\/8950"}],"collection":[{"href":"https:\/\/kraios.app\/news\/wp-json\/wp\/v2\/posts"}],"about":[{"href":"https:\/\/kraios.app\/news\/wp-json\/wp\/v2\/types\/post"}],"author":[{"embeddable":true,"href":"https:\/\/kraios.app\/news\/wp-json\/wp\/v2\/users\/1"}],"replies":[{"embeddable":true,"href":"https:\/\/kraios.app\/news\/wp-json\/wp\/v2\/comments?post=8950"}],"version-history":[{"count":0,"href":"https:\/\/kraios.app\/news\/wp-json\/wp\/v2\/posts\/8950\/revisions"}],"wp:featuredmedia":[{"embeddable":true,"href":"https:\/\/kraios.app\/news\/wp-json\/wp\/v2\/media\/8951"}],"wp:attachment":[{"href":"https:\/\/kraios.app\/news\/wp-json\/wp\/v2\/media?parent=8950"}],"wp:term":[{"taxonomy":"category","embeddable":true,"href":"https:\/\/kraios.app\/news\/wp-json\/wp\/v2\/categories?post=8950"},{"taxonomy":"post_tag","embeddable":true,"href":"https:\/\/kraios.app\/news\/wp-json\/wp\/v2\/tags?post=8950"}],"curies":[{"name":"wp","href":"https:\/\/api.w.org\/{rel}","templated":true}]}}